{"id":44743,"date":"2026-01-24T22:15:40","date_gmt":"2026-01-24T21:15:40","guid":{"rendered":"https:\/\/zonenklaus.de\/wordpress\/?p=44743"},"modified":"2026-01-24T22:15:40","modified_gmt":"2026-01-24T21:15:40","slug":"etwas-vom-eidgenoessischen-thiel-eulenspiegel-in-schweizerzeit","status":"publish","type":"post","link":"https:\/\/zonenklaus.de\/wordpress\/?p=44743","title":{"rendered":"Etwas vom eidgen\u00f6ssischen \u201eThiel Eulenspiegel\u201c in \u201eSchweizerzeit\u201c&#8230;"},"content":{"rendered":"<p><em><span style=\"color: #767676;\"><span style=\"font-family: Times New Roman, serif;\"><span style=\"font-size: medium;\"><i>Wenn der Staat Kunst unterst\u00fctzt, ideologisiert er. <\/i><\/span><\/span><\/span><\/em><br \/>\n<em><span style=\"color: #767676;\"><span style=\"font-family: Times New Roman, serif;\"><span style=\"font-size: medium;\"><i>Wer nicht spurt, wird verfolgt.<br \/>\n<\/i><\/span><\/span><\/span><\/em><em><span style=\"color: #767676;\"><span style=\"font-family: Times New Roman, serif;\"><span style=\"font-size: medium;\"><i>Sozialismus versucht, Gott zu spielen, und bek\u00e4mpft alles, was nicht unter seiner Kontrolle ist.<\/i><\/span><\/span><\/span><\/em><br \/>\n<em><span style=\"color: #767676;\"> <span style=\"font-family: Times New Roman, serif;\"><span style=\"font-size: medium;\"><i>Schauen Sie sich die neuste Schweizerzeit Podcast-Folge an.<\/i><\/span><\/span><\/span><\/em><br \/>\n<em><span style=\"color: #767676;\"><span style=\"font-family: Times New Roman, serif;\"><span style=\"font-size: medium;\"><a href=\"https:\/\/www.youtube.com\/watch?v=ML0koC47mFM\">Aus der TUBE<\/a>: <\/span><\/span><\/span><\/em><em><span style=\"color: #767676;\"><span style=\"font-family: Times New Roman, serif;\"><span style=\"font-size: medium;\"><i>Andreas Thiel spricht aus, was viele denken, aber l\u00e4ngst nicht alle zu sagen wagen. In diesem Gespr\u00e4ch geht es um Cancel Culture, staatliche Macht, ideologische Gleichschaltung und den Preis der Meinungsfreiheit. Der K\u00fcnstler, Satiriker und Filmemacher erz\u00e4hlt, warum er von den B\u00fchnen verschwunden ist, wie organisierter Rufmord funktioniert und weshalb er seit Corona versteht, wie Totalitarismus entsteht. Ein provokantes, philosophisches und kompromissloses Gespr\u00e4ch \u00fcber Freiheit \u2013 und dar\u00fcber, warum sie heute wieder verteidigt werden muss. <\/i><\/span><\/span><\/span><\/em><\/p>\n","protected":false},"excerpt":{"rendered":"<p>Wenn der Staat Kunst unterst\u00fctzt, ideologisiert er. Wer nicht spurt, wird verfolgt. Sozialismus versucht, Gott zu spielen, und bek\u00e4mpft alles, was nicht unter seiner Kontrolle ist. Schauen Sie sich die neuste Schweizerzeit Podcast-Folge an. Aus der TUBE: Andreas Thiel spricht aus, was viele denken, aber l\u00e4ngst nicht alle zu sagen wagen. In diesem Gespr\u00e4ch geht [&hellip;]<\/p>\n","protected":false},"author":6,"featured_media":0,"comment_status":"open","ping_status":"open","sticky":false,"template":"","format":"standard","meta":{"footnotes":""},"categories":[55],"tags":[],"class_list":["post-44743","post","type-post","status-publish","format-standard","hentry","category-alltaeglicher-wahnwitz"],"_links":{"self":[{"href":"https:\/\/zonenklaus.de\/wordpress\/index.php?rest_route=\/wp\/v2\/posts\/44743","targetHints":{"allow":["GET"]}}],"collection":[{"href":"https:\/\/zonenklaus.de\/wordpress\/index.php?rest_route=\/wp\/v2\/posts"}],"about":[{"href":"https:\/\/zonenklaus.de\/wordpress\/index.php?rest_route=\/wp\/v2\/types\/post"}],"author":[{"embeddable":true,"href":"https:\/\/zonenklaus.de\/wordpress\/index.php?rest_route=\/wp\/v2\/users\/6"}],"replies":[{"embeddable":true,"href":"https:\/\/zonenklaus.de\/wordpress\/index.php?rest_route=%2Fwp%2Fv2%2Fcomments&post=44743"}],"version-history":[{"count":1,"href":"https:\/\/zonenklaus.de\/wordpress\/index.php?rest_route=\/wp\/v2\/posts\/44743\/revisions"}],"predecessor-version":[{"id":44744,"href":"https:\/\/zonenklaus.de\/wordpress\/index.php?rest_route=\/wp\/v2\/posts\/44743\/revisions\/44744"}],"wp:attachment":[{"href":"https:\/\/zonenklaus.de\/wordpress\/index.php?rest_route=%2Fwp%2Fv2%2Fmedia&parent=44743"}],"wp:term":[{"taxonomy":"category","embeddable":true,"href":"https:\/\/zonenklaus.de\/wordpress\/index.php?rest_route=%2Fwp%2Fv2%2Fcategories&post=44743"},{"taxonomy":"post_tag","embeddable":true,"href":"https:\/\/zonenklaus.de\/wordpress\/index.php?rest_route=%2Fwp%2Fv2%2Ftags&post=44743"}],"curies":[{"name":"wp","href":"https:\/\/api.w.org\/{rel}","templated":true}]}}