{"id":44749,"date":"2026-01-25T20:10:00","date_gmt":"2026-01-25T19:10:00","guid":{"rendered":"https:\/\/zonenklaus.de\/wordpress\/?p=44749"},"modified":"2026-01-26T00:18:45","modified_gmt":"2026-01-25T23:18:45","slug":"akkordeon-ist-das-unsexyeste-instrument-der-welt-und-ein-hingucker","status":"publish","type":"post","link":"https:\/\/zonenklaus.de\/wordpress\/?p=44749","title":{"rendered":"&#8220;Akkordeon ist das unsexyeste Instrument der Welt &#8211; und ein Hingucker&#8221;"},"content":{"rendered":"<p><a href=\"https:\/\/www.rbb24.de\/kultur\/beitrag\/2026\/01\/berlin-akkordeon-instrument-des-jahres-2026-interview-ekki-busch-element-of-crime-musik.html\">Ekki Busch \u00fcber Instrument des Jahres 2026<\/a><br \/>\nKlavierspielen durfte ich nie lernen, denn das <i>abscheuliche Muttertier<\/i> meinte \u00f6fters zu meiner Be\u00adgehr: <i>Dabei w\u00fcrde es sich um ein <\/i>kleinb\u00fcrgerliches Relik<i>t handeln und mein weiteres Fortkommen m\u00fcsste ich demn\u00e4chst sowieso, in der Naumburger Kadettenanstalt sehen&#8230;<\/i><br \/>\nDachte mir n\u00e4mlich, mit Klavierunterricht w\u00e4hrend der ersten Schuljahre, damit das langanhalten\u00adden Mobbing der Mitsch\u00fcler und Lehrer spielend unterlaufen zu k\u00f6nnen. Ebenso die Tatsache, dass ich in der Zeit auch keine Freunde hatte, weil mich alle schnitten, als Ableger einer widerlichen RO\u00adTEN ZECKE.<br \/>\nIrgendwo hing mir ewig an, jegliche Beobachtungen sofort der Alten zu petzen, was niemals geschah, ganz im Gegenteil! Fast 6 Jahre hielt dieses Missgeschick an. Als es sich dann langsam wandelte, ging damit der sachte Gew\u00f6hnungsprozess an <i>C2H5OH<\/i> einher&#8230;<br \/>\nMeine beginnende heimliche Schulbekanntschaft, war f\u00fcr den Kumpel auch mit folgenreichen Er\u00adwartungen verbunden. Sein Vater, ein Kneiper, brachte es so auf den Punkt: <i>Wenn ich irgendwann erfahren sollte, dass du dich mit dem Sohn dieser Kommunistenfotze abgibst, dann schlage ich dich tot<\/i>!<br \/>\nMit D. durfte ich deshalb nie Kontakt aufnehmen, weil sein Vater mal ein <i>Sturmlokal der SA <\/i>be\u00adtrieb.<br \/>\nDabei lebte ich in einer musikalisch bewanderten Familie, Gro\u00dfvater spielte bis zu seiner kriegsbe\u00addingten Handverletzung auch Piano, ebenso seine Gattin und sogar ihre Tochter. Als Zwerg kann ich mich noch erinnern, da gab es mit Freunden sogar Hausmusik!<br \/>\nW\u00e4hrend seiner Reha in Flandern, lernte Opa dann aber linksh\u00e4ndig Mundharmonika.<br \/>\nAllerdings kann ich, zu meiner anderthalbj\u00e4hrigen Heimzeit, auf eine merkw\u00fcrdige Musiker-Kariere verweisen&#8230;<!--more--><br \/>\nAu\u00dferdem wurde sich am Ende der 10. Klasse noch halbherzig am Akkordion vergangen, als ich \u201e<i>Junge, komm bald wieder<\/i>\u201c erkennbar drauf hatte, begann meine Lehrzeit in Warnem\u00fcnde&#8230;<br \/>\nDort oben endete auch alles vollkommen chaotisch, weil dazu meine langen Haare eine besondere Rolle spielten. Trickste deshalb herum, lie\u00df mich im Sp\u00e4tsommer am Blinddarm operieren und hinderte wochenlang erfolgreich die Narbe an einem Heilungsprozess. Zum 18. Geburtstag k\u00fcndig\u00adte ich meinen Lehrvertrag und es ging zur\u00fcck.<br \/>\nDarauf folgte bald ein neuerlicher Einsatz der <i>Mutter meiner Schwester, <\/i>wegen des weiter sprie\u00dfen\u00adden Haarschopfes. Eigentlich konnte niemand etwas dagegen unternehmen, begann n\u00e4mlich meinen Ausweis \u00f6fters in die Waschmaschine zuwerfen, besa\u00df deshalb immer ein aktuelles Bild in der Flebbe.<br \/>\nEine Aktion der Alten folgte auf den Fu\u00df, weil ihr dieses <i>Genossenpack <\/i>ewig auf den Z\u00fcnder ging, t\u00e4tigte sie einen Gang zum Wehrkreiskommando: <i>Zieht den Jungen zur Armee, denn der ist momen\u00adtan mit einem <\/i>anst\u00e4ndigen M\u00e4dchen<i> zusammen und deshalb wird er keine Schwierigkeiten machen<\/i>!<\/p>\n<p>\u2026&#8230;&#8230;&#8230;&#8230;&#8230;&#8230;&#8230;&#8230;&#8230;&#8230;&#8230;&#8230;.<\/p>\n","protected":false},"excerpt":{"rendered":"<p>Ekki Busch \u00fcber Instrument des Jahres 2026 Klavierspielen durfte ich nie lernen, denn das abscheuliche Muttertier meinte \u00f6fters zu meiner Be\u00adgehr: Dabei w\u00fcrde es sich um ein kleinb\u00fcrgerliches Relikt handeln und mein weiteres Fortkommen m\u00fcsste ich demn\u00e4chst sowieso, in der Naumburger Kadettenanstalt sehen&#8230; Dachte mir n\u00e4mlich, mit Klavierunterricht w\u00e4hrend der ersten Schuljahre, damit das langanhalten\u00adden [&hellip;]<\/p>\n","protected":false},"author":6,"featured_media":0,"comment_status":"open","ping_status":"open","sticky":false,"template":"","format":"standard","meta":{"footnotes":""},"categories":[55],"tags":[],"class_list":["post-44749","post","type-post","status-publish","format-standard","hentry","category-alltaeglicher-wahnwitz"],"_links":{"self":[{"href":"https:\/\/zonenklaus.de\/wordpress\/index.php?rest_route=\/wp\/v2\/posts\/44749","targetHints":{"allow":["GET"]}}],"collection":[{"href":"https:\/\/zonenklaus.de\/wordpress\/index.php?rest_route=\/wp\/v2\/posts"}],"about":[{"href":"https:\/\/zonenklaus.de\/wordpress\/index.php?rest_route=\/wp\/v2\/types\/post"}],"author":[{"embeddable":true,"href":"https:\/\/zonenklaus.de\/wordpress\/index.php?rest_route=\/wp\/v2\/users\/6"}],"replies":[{"embeddable":true,"href":"https:\/\/zonenklaus.de\/wordpress\/index.php?rest_route=%2Fwp%2Fv2%2Fcomments&post=44749"}],"version-history":[{"count":1,"href":"https:\/\/zonenklaus.de\/wordpress\/index.php?rest_route=\/wp\/v2\/posts\/44749\/revisions"}],"predecessor-version":[{"id":44750,"href":"https:\/\/zonenklaus.de\/wordpress\/index.php?rest_route=\/wp\/v2\/posts\/44749\/revisions\/44750"}],"wp:attachment":[{"href":"https:\/\/zonenklaus.de\/wordpress\/index.php?rest_route=%2Fwp%2Fv2%2Fmedia&parent=44749"}],"wp:term":[{"taxonomy":"category","embeddable":true,"href":"https:\/\/zonenklaus.de\/wordpress\/index.php?rest_route=%2Fwp%2Fv2%2Fcategories&post=44749"},{"taxonomy":"post_tag","embeddable":true,"href":"https:\/\/zonenklaus.de\/wordpress\/index.php?rest_route=%2Fwp%2Fv2%2Ftags&post=44749"}],"curies":[{"name":"wp","href":"https:\/\/api.w.org\/{rel}","templated":true}]}}