{"id":45058,"date":"2026-03-11T20:59:20","date_gmt":"2026-03-11T19:59:20","guid":{"rendered":"https:\/\/zonenklaus.de\/wordpress\/?p=45058"},"modified":"2026-03-12T10:16:56","modified_gmt":"2026-03-12T09:16:56","slug":"freiwilliger-wehrdienst-die-looesung","status":"publish","type":"post","link":"https:\/\/zonenklaus.de\/wordpress\/?p=45058","title":{"rendered":"Freiwilliger Wehrdienst &#8211; die L(O)\u00f6SUNG?"},"content":{"rendered":"<p><span style=\"font-size: small;\"><b>(Losung<\/b><\/span><span style=\"font-size: small;\"><i><span style=\"font-size: xx-small;\">w [von losen = von sich geben], waidm\u00e4nnische Bezeichnung f\u00fcr die zum Teil charakteristisch geformten Exkremente ( vgl. Abb. ) der jagdbaren S\u00e4ugetiere, des Hundes und des Federwilds; hingegen bei Greifv\u00f6geln Geschmei\u00df, bei Beizv\u00f6geln Schmelz, bei H\u00fchnerv\u00f6geln Gest\u00fcber (beim Auerhahn aber Losung) genannt.<\/span><\/i><b>)<\/b><\/span><br \/>\n<span style=\"font-size: small;\"><i>&#8230;viele 18-J\u00e4hrige in Deutschland erhalten derzeit Post von der Bundeswehr mit Fragen zu Bildung, Fitness und der generellen Bereitschaft zum Dienst &#8211; f\u00fcr einige \u00fcberraschend, f\u00fcr andere l\u00e4ngst erwartet. Die jungen M\u00e4nner sind verpflichtet, den Fragebogen auszuf\u00fcllen, Frauen k\u00f6nnen ihn beantworten. W\u00e4hrend Zehntau\u00adsende aus Sorge vor einem m\u00f6glichen Pflichtwehrdienst protestieren, plant die Bundesregierung eine deut\u00adliche personelle Aufstockung der Bundeswehr &#8211; zun\u00e4chst auf freiwilliger Basis. Fachleute bezweifeln jedoch, dass die Ziele ohne verpflichtende Elemente erreichbar sind. Gleichzeitig wirbt die Truppe mit finanziellen und beruflichen Vorteilen. Junge Menschen m\u00fcssen damit zwischen Karriereperspektiven, Gewissensfragen und Verantwortung abw\u00e4gen. <\/i><\/span><br \/>\n<span style=\"font-size: small;\"><i>Mit <a href=\"https:\/\/www.3sat.de\/wissen\/nano\/260310-sendung-ist-der-freiwillige-wehrdienst-die-loesung-nano-100.html\">Gespr\u00e4chsgast: Hendrik Hegemann,<\/a> Institut f\u00fcr Friedensforschung und Sicherheitspolitik, Hamburg<\/i><\/span><br \/>\n<span style=\"font-size: small;\"><span style=\"font-size: medium;\">Ist wieder bezeichnend, dass niemand der verantwortlichen Stare von <\/span><i><span style=\"font-size: medium;\">Re<\/span><span style=\"font-size: medium;\"><b>j<\/b><\/span><span style=\"font-size: medium;\">ierungsseite <\/span><\/i><span style=\"font-size: medium;\">einen Arsch in der Hose hat, sich im ewig halbleeren Volkspalaverhaus mal an das Mikrofon schleicht und dort die Einf\u00fch\u00adrung der Pflicht zum <\/span><i><span style=\"font-size: medium;\">Verteidigungs-Kriegsdienst<\/span><\/i><span style=\"font-size: medium;\"> verlangt. Weil das demokrat<\/span><i><span style=\"font-size: medium;\">ur<\/span><\/i><span style=\"font-size: medium;\">isch gew\u00e4hlte Rudel von <\/span><i><span style=\"font-size: medium;\">Gutmenschen, nat\u00fcrlich <\/span><\/i><span style=\"font-size: medium;\">niemanden kr\u00e4nken will. Statt sie durch ein Gesetz entsprechend zeitge\u00adm\u00e4\u00df zu \u201eShanghaien\u201c! F\u00fcr den honorigen Dienst, zur absoluten St\u00e4rkung nebst Verteidigung UNSE\u00adRER wehrhaften DEMOKRATIE. <\/span><\/span><br \/>\n<span style=\"font-size: medium;\"><i>Shanghaien<\/i><\/span><span style=\"font-size: medium;\"> ist m\u00f6glicherweise keine landl\u00e4ufig politisch korrekte Abstraktion, f\u00fcr die Rekrutierung zum <em>Ehrendienst<\/em>. <\/span><br \/>\n<span style=\"font-size: medium;\">Denn vor weit \u00fcber 150 Jahren geschah dies mit Hilfe von<\/span> Betrug, Alkohol oder Gewalt, jemand zu zwingen oder zu entf\u00fchren f\u00fcr einen sehr unliebsamen Job.<br \/>\nHeute wird es auch <i>metaphorisch<\/i> f\u00fcr das <i>\u00dcberrumpeln<\/i> genutzt, wenn man will, kann man es auch so betrachten!<\/p>\n<p><!--more--><br \/>\nMir f\u00e4llt gerade ein, auch in einer schnieken Uniform und mit <em>gepflegtem Haarschnitt<\/em>, muss man keinen Grund sehen, bei <a href=\"https:\/\/www.stupidedia.org\/stupi\/Y-Tours\">Y-Tours<\/a> irgendwie unterzutauchen.<br \/>\nAllerdings muss man sich auf der anderen Seite keinen <i>Kopp<\/i> mehr zu machen, denn im November 1995, sprach UNSER <i>Buvege<\/i> das entscheidende Urteil, denn f\u00fcr sie sind <a href=\"https:\/\/www.stupidedia.org\/stupi\/Y-Tours\">Soldaten keine M\u00f6rder mehr<\/a><strong>!<\/strong> Wie es, vor \u00fcber 100 Jahren, <i>Kurt Tucholsky, Theobald Tiger, Ignaz Wrobel, Peter Panter, <\/i>und<i> Kaspar Hauser <\/i>gemeinsam in die Weltgeschichte posaunten.<br \/>\n<b><span style=\"font-size: medium;\">PS.<\/span><\/b><br \/>\n<span style=\"font-size: medium;\">Nach einer Lesung von <\/span><span style=\"font-size: medium;\"><i><a href=\"https:\/\/www.spiegel.de\/kultur\/gesellschaft\/berlin-schriftsteller-juergen-fuchs-gestorben-a-21744.html\">J\u00fcrgen Fuchs<\/a>ens<\/i><\/span><span style=\"font-size: medium;\">: \u201e<a href=\"https:\/\/www.dzblesen.de\/bibliothek\/H014513-fassonschnitt+band+1\">Fassonschnitt<\/a>\u201c, quatschten einige in der Kneipe noch \u00fcber ihre glorreichen Zeiten, als <\/span><span style=\"font-size: medium;\"><i>sozialistische Friedensbewahrer<\/i><\/span><span style=\"font-size: medium;\">. Er und <a href=\"https:\/\/www.deutschlandfunk.de\/03-05-1998-der-liedermacher-gerulf-pannach-gestorben-dlf-1f32d981-100.html\">Pannach<\/a> ermunterten mich anschlie\u00dfend auch mal etwas \u00fcber meine Zeit zu verfassen, was einige Jahre sp\u00e4ter dann auch ge\u00adschah.<a href=\"https:\/\/zonenklaus.de\/wordpress\/?p=16073\"> Peter J. Kraus<\/a>, brachte mich daraufhin mit seinem Lektor in Verbindung, damals war die Zeit noch nicht reif, etwas aus der Einleitung von: <\/span><span style=\"font-size: medium;\"><i><b>&#8230;nicht <\/b><\/i><\/span><span style=\"font-size: medium;\"><b>abgebucht:<\/b><\/span><i><b> <\/b><\/i><br \/>\n<span style=\"font-size: small;\"><b>Es handelt sich um ein nicht redigiertes Konvolut!<\/b><\/span><br \/>\n<span style=\"font-size: small;\">Wobei so manche Story beim entsprechendem Stichwort immer mal wieder auch in meinem Blog versenkt wurde.<\/span><br \/>\n<span style=\"font-size: small;\">Alles stammt vom Anfang der 1980er, w\u00e4hrend der letzten Tage kamen einige Erg\u00e4nzungen hinzu.<\/span><br \/>\n<span style=\"font-size: small;\">Mehr als zehn Jahre sp\u00e4ter gab ich das Zeug mal einem Lektor in Ostberlin, der meinte nur, \u201eEde, diese Geschichten k\u00f6nnen wir nicht ver\u00f6ffentlichen, so etwas wollen unsere <em>Ex-DDRler<\/em> jetzt wirklich nicht lesen!\u201c<\/span><br \/>\n<span style=\"font-size: small;\">Von <a href=\"https:\/\/www.flickr.com\/photos\/zonenklaus\/6143954116\/in\/photolist-amVnvo\"><em>Gerulf Pannach<\/em><\/a> kam damals etwas \u00e4hnliches r\u00fcber. Er meinte zus\u00e4tzlich noch, dies w\u00fcrde auch kein Westverlag drucken, weil momentan Friede, Freude, Eierkuchen angesagt w\u00e4re und da k\u00f6nnen sie kein Kamel brauchen, was die Plinsen wegfressen will!<\/span><br \/>\n<span style=\"font-size: small;\">Zeit meines Lebens hielt ich es mit Herrn Eulenspiegel; Wer mir vern\u00fcnftig entgegenkam, der wurde ebenso behandelt. Eigentlich von einer friedlichen Lebenseinstellung beseelt, ging ich trotzdem so manche Flachzange physisch an. Dies begann schon w\u00e4hrend meiner Grundschulzeit, traf Lehrausbilder genauso, wie Vorgesetzte bei der Truppe&#8230;<\/span><br \/>\n<span style=\"font-size: small;\">\u00a0<strong>&#8211; <\/strong>Hier das letzte Kapitel vom Abgesang aus: <i><b>\u2026verschollen unter Hallensern, Halloren und Halunken<\/b><\/i><\/span><br \/>\n<span style=\"font-size: small;\">\u00a0<strong>&#8211; <\/strong>Der <em>Batzen<\/em> pers\u00f6nlich, holte mich vor 22 Uhr aus dem Bunker, es hie\u00df dann, im Schreiberzimmer umziehen. Packte mein weniges Hab und Gut in den Campingbeutel und verlie\u00df tonlos die Bude.<\/span><br \/>\n<span style=\"font-size: small;\">Bemerkte aber, dass der Kompaniechef anhub, etwas zu sagen. Verbat ich <\/span>mir<span style=\"font-size: small;\">, letztmalig mit der rechten Hand \u00fcber die linke Schulter, den anklappenden Entenschnabel. Unter Strafandrohung (!?) gab er mir trotzdem zu verstehen, dass es nicht erlaubt sei, mich von irgendwelchen Kumpels und Freunden zu verabschieden.<\/span><br \/>\n<span style=\"font-size: small;\">Unter Strafandrohung! Dies w\u00e4re nur mit Hilfe von Wachsoldaten und in Handschellen m\u00f6glich gewesen, dieser Depp!<\/span><br \/>\n<span style=\"font-size: small;\">Nun hatte auch er bis in die Steinzeit bei mir verschissen, dabei fand ich ihn in den wenigen Monaten seiner Dienstzeit, als unseren Kompaniechef, noch nicht mal soo unsympathisch.<\/span><br \/>\n<span style=\"font-size: small;\">Der UvD schaute belustigt in die Runde, denn Batzen wollte mich vorsichtshalber gleich die Treppe am UvD-Pult hin\u00adunter f\u00fchren. Ich wies seine Hand angeekelt ab und begab mich zuerst auf die Bude von Bar\u00f6nchen und begann dort meine Tour durch den gesamten Kompaniebereich.<\/span><br \/>\n<span style=\"font-size: small;\">Mein ehemaliger Kompaniechef stand dabei ewig tonlos im T\u00fcrrahmen.<\/span><br \/>\n<span style=\"font-size: small;\">Ich ging in jedes Zimmer, wo etwas Bekanntes lag, die es Wert waren, dass ich mich von ihnen verabschiedete, ebenso geh\u00f6rten da einige Kapos zu.<\/span><br \/>\n<span style=\"font-size: small;\">Mit einigen deftigen Spr\u00fcchen an die dortigen Vorgesetzten verabschiedete ich mich auch durch die Luke am Wachlo\u00adkal.<\/span><br \/>\n<span style=\"font-size: small;\">Auf dem Bahnhof erwartete mich totales Chaos.<\/span><br \/>\n<span style=\"font-size: small;\">Das eine oder andere Gesicht erkannte ich unter den abgef\u00fcllten und auf St\u00fchlen kauernden ehemaligen Soldaten.<\/span><br \/>\n<span style=\"font-size: small;\">Schon merkw\u00fcrdig, da waren sie seit \u00fcber 13 Stunden in der &#8220;Freiheit&#8221; und hatten sich in diesem Nest nur die R\u00fcbe vollgeknallt, brrr!<\/span><br \/>\n<span style=\"font-size: small;\">Da war schon klar, dass es einige aus der Bahn werfen wird, durch das Erlebte oder was nun folgen w\u00fcrde.<\/span><br \/>\n<span style=\"font-size: small;\">Wem es aber gefiel, unter der Knute von Anweisungen zu leben, h\u00e4tte es sich fr\u00fcher \u00fcberlegen sollen. Den die Chance, lebensl\u00e4nglich maskiert herumzulaufen, h\u00e4tte schlie\u00dflich jeder vorher am Schopfe packen k\u00f6nnen.<\/span><br \/>\n<span style=\"font-size: small;\">Mit noch nicht mal 20 vollendeten Lenzen auf dem Buckel und arg gemischten Gef\u00fchlen kehrte ich der Garnisonsstadt den R\u00fccken, aber auch mit Hoffnungen beseelt, denn viel schlimmer konnte es bestimmt nicht mehr kommen.<\/span><br \/>\n<span style=\"font-size: small;\">Trotzdem machte mich der Gedanke sauw\u00fctend, was ich in der kurzen Zeit alles verpasst hatte!<\/span><br \/>\n<span style=\"font-size: small;\">Diese 18 Monate waren eine Menge Lehrgeld, sinnlos verpulvert, f\u00fcr ganz wenig brauchbare Erfahrungen auf dem weiteren Lebensweg.<\/span><br \/>\n<span style=\"font-size: small;\">Zumindest haben sie mich nicht kleinbekommen, im Gegenteil, bissiger ward ich geworden.<\/span><br \/>\n<span style=\"font-size: small;\">Doch eins habe ich mir von den Vorgesetzten abgeschaut! Wie man sich durch d\u00e4mliches Gequatsche, wirklicher Verant\u00adwortung und schwerer k\u00f6rperlicher Arbeit ganz billig entziehen konnte &#8211; wenn das nichts bleibendes hinterlie\u00df!<\/span><br \/>\n<span style=\"font-size: small;\">Jene Erfahrung ist aber im normalen Leben nicht so leicht umsetzbar, ohne dabei g\u00e4nzlich sein Gesicht zu verlieren.<\/span><br \/>\n<span style=\"font-size: small;\">Ein Uniformtr\u00e4ger kann dies mit dem Gesicht aber nicht verstehen!<\/span><br \/>\n<span style=\"font-size: small;\">Denn das scheint ihn an dem recht flachen K\u00f6rperteil, welches sich zwischen seinen prachtvollen Schulterst\u00fccken und dem entz\u00fcckend verzierten M\u00fctzchen befindet, nicht zu interessieren.<\/span><br \/>\n<span style=\"font-size: small;\">Denn was bleibt in der bescheiden Umgebung des Riechkolbens eigentlich \u00fcbrig, wenn man dagegen jene lichterloh funkelnde Dreieinigkeit, beider sternenbedeckter Epauletten und der majest\u00e4tisch brillierenden Kokarde am Hut be\u00adtrachtet?<\/span><\/p>\n","protected":false},"excerpt":{"rendered":"<p>(Losungw [von losen = von sich geben], waidm\u00e4nnische Bezeichnung f\u00fcr die zum Teil charakteristisch geformten Exkremente ( vgl. Abb. ) der jagdbaren S\u00e4ugetiere, des Hundes und des Federwilds; hingegen bei Greifv\u00f6geln Geschmei\u00df, bei Beizv\u00f6geln Schmelz, bei H\u00fchnerv\u00f6geln Gest\u00fcber (beim Auerhahn aber Losung) genannt.) &#8230;viele 18-J\u00e4hrige in Deutschland erhalten derzeit Post von der Bundeswehr mit Fragen [&hellip;]<\/p>\n","protected":false},"author":6,"featured_media":0,"comment_status":"open","ping_status":"open","sticky":false,"template":"","format":"standard","meta":{"footnotes":""},"categories":[1,55],"tags":[],"class_list":["post-45058","post","type-post","status-publish","format-standard","hentry","category-allgemeines","category-alltaeglicher-wahnwitz"],"_links":{"self":[{"href":"https:\/\/zonenklaus.de\/wordpress\/index.php?rest_route=\/wp\/v2\/posts\/45058","targetHints":{"allow":["GET"]}}],"collection":[{"href":"https:\/\/zonenklaus.de\/wordpress\/index.php?rest_route=\/wp\/v2\/posts"}],"about":[{"href":"https:\/\/zonenklaus.de\/wordpress\/index.php?rest_route=\/wp\/v2\/types\/post"}],"author":[{"embeddable":true,"href":"https:\/\/zonenklaus.de\/wordpress\/index.php?rest_route=\/wp\/v2\/users\/6"}],"replies":[{"embeddable":true,"href":"https:\/\/zonenklaus.de\/wordpress\/index.php?rest_route=%2Fwp%2Fv2%2Fcomments&post=45058"}],"version-history":[{"count":9,"href":"https:\/\/zonenklaus.de\/wordpress\/index.php?rest_route=\/wp\/v2\/posts\/45058\/revisions"}],"predecessor-version":[{"id":45073,"href":"https:\/\/zonenklaus.de\/wordpress\/index.php?rest_route=\/wp\/v2\/posts\/45058\/revisions\/45073"}],"wp:attachment":[{"href":"https:\/\/zonenklaus.de\/wordpress\/index.php?rest_route=%2Fwp%2Fv2%2Fmedia&parent=45058"}],"wp:term":[{"taxonomy":"category","embeddable":true,"href":"https:\/\/zonenklaus.de\/wordpress\/index.php?rest_route=%2Fwp%2Fv2%2Fcategories&post=45058"},{"taxonomy":"post_tag","embeddable":true,"href":"https:\/\/zonenklaus.de\/wordpress\/index.php?rest_route=%2Fwp%2Fv2%2Ftags&post=45058"}],"curies":[{"name":"wp","href":"https:\/\/api.w.org\/{rel}","templated":true}]}}