{"id":45074,"date":"2026-03-12T20:38:25","date_gmt":"2026-03-12T19:38:25","guid":{"rendered":"https:\/\/zonenklaus.de\/wordpress\/?p=45074"},"modified":"2026-03-13T01:06:07","modified_gmt":"2026-03-13T00:06:07","slug":"am-weltfrauentag-feministinnen-beschmieren-kompletten-u-bahnhof","status":"publish","type":"post","link":"https:\/\/zonenklaus.de\/wordpress\/?p=45074","title":{"rendered":"Am Weltfrauentag &#8211; Feministinnen beschmieren kompletten U-Bahnhof"},"content":{"rendered":"<p>Typisch <a href=\"https:\/\/www.bz-berlin.de\/berlin\/feministinnen-beschmieren-kompletten-u-bahnhof\">\u201eSpringer-Postille\u201c<\/a>, hatte ja Frau Redakteur, Maren Wittge, unwahrscheinliches Gl\u00fcck, dass man ihren seltsamen Schmonz ver\u00f6ffentlichte&#8230;<br \/>\nGratuliere dazu!<br \/>\nHoffentlich wird sie deshalb aber nicht f\u00fcr den <i><b>Grimmepreis<\/b><\/i> vorgesehen! Denn f\u00fcr f\u00fcr mein recht simp\u00adles Verst\u00e4ndnis, was jenes <i>aufwendige und sehr farbenfreudiges Kunstwerk<\/i> betrifft, scheint Madame leicht schr\u00e4g drauf zu sein&#8230;<br \/>\n<a href=\"https:\/\/zonenklaus.de\/wordpress\/wp-content\/uploads\/2026\/03\/Jesus.jpg\"><img loading=\"lazy\" decoding=\"async\" class=\"size-thumbnail wp-image-45077 alignleft\" src=\"https:\/\/zonenklaus.de\/wordpress\/wp-content\/uploads\/2026\/03\/Jesus-115x150.jpg\" alt=\"\" width=\"115\" height=\"150\" srcset=\"https:\/\/zonenklaus.de\/wordpress\/wp-content\/uploads\/2026\/03\/Jesus-115x150.jpg 115w, https:\/\/zonenklaus.de\/wordpress\/wp-content\/uploads\/2026\/03\/Jesus-231x300.jpg 231w, https:\/\/zonenklaus.de\/wordpress\/wp-content\/uploads\/2026\/03\/Jesus.jpg 547w\" sizes=\"auto, (max-width: 115px) 100vw, 115px\" \/><\/a>Mich w\u00fcrde wirklich interessieren, welchen Dope ich einpicken m\u00fcsste, um gefahrlos hinter ihre Sichtweise zusteigen? Wie ist es sonst m\u00f6glich, in den <a href=\"https:\/\/www.facebook.com\/watch\/?v=1629976921472652\"><i>frivolen Kalligraphien<\/i><\/a> irgendwo <i>m\u00e4nner-diskriminierenden Parolen <\/i>zu entdecken?<br \/>\nEventuell aufkommende Gef\u00fchle in jene Richtung m\u00fcssen allerdings in mir aufbl\u00fchen, da ben\u00f6tige ich keine Sch\u00fctzenhilfe von irgendjemand, der sich nebenbei gut-menschelnd interessant macht!<br \/>\nAu\u00dferdem k\u00f6nnten nur Menschen versuchen, mich zu beleidigen!<br \/>\nDiese Betrachtung ist sehr einfach zu verstehen und dies bereits \u00fcber 60 Jahre: <i>Es gibt wenig Men\u00adschen, aber viel Leute, doch die meisten sind Bla\u00b7blas<\/i>!<br \/>\n<a href=\"https:\/\/zonenklaus.de\/wordpress\/wp-content\/uploads\/2026\/03\/Visitenkarte.jpg\"><img loading=\"lazy\" decoding=\"async\" class=\"size-thumbnail wp-image-45076 alignleft\" src=\"https:\/\/zonenklaus.de\/wordpress\/wp-content\/uploads\/2026\/03\/Visitenkarte-150x57.jpg\" alt=\"\" width=\"150\" height=\"57\" srcset=\"https:\/\/zonenklaus.de\/wordpress\/wp-content\/uploads\/2026\/03\/Visitenkarte-150x57.jpg 150w, https:\/\/zonenklaus.de\/wordpress\/wp-content\/uploads\/2026\/03\/Visitenkarte-300x113.jpg 300w, https:\/\/zonenklaus.de\/wordpress\/wp-content\/uploads\/2026\/03\/Visitenkarte-1024x387.jpg 1024w, https:\/\/zonenklaus.de\/wordpress\/wp-content\/uploads\/2026\/03\/Visitenkarte-768x290.jpg 768w, https:\/\/zonenklaus.de\/wordpress\/wp-content\/uploads\/2026\/03\/Visitenkarte-624x236.jpg 624w, https:\/\/zonenklaus.de\/wordpress\/wp-content\/uploads\/2026\/03\/Visitenkarte.jpg 1061w\" sizes=\"auto, (max-width: 150px) 100vw, 150px\" \/><\/a>Ansonsten habe ich auch noch Visitenkarten einstecken, deren Text immer alles sofort auch den Punkt bringt<br \/>\n<span style=\"font-size: small;\"><i>Berlin &#8211; Eine Gruppe Feministinnen ist am Weltfrauentag durch den U-Bahnhof Blissestra\u00dfe getobt und hat die W\u00e4nde gro\u00dffl\u00e4chig mit m\u00e4nner-diskriminierenden Parolen beschmiert.<\/i><\/span><br \/>\n\u201e<span style=\"font-size: small;\"><i>Aufgrund des Inhalts der Farbschmierereien hat der Staatsschutz die Ermittlungen \u00fcbernommen\u201c, sagt ein Polizeis\u00adprecher. <\/i><\/span><br \/>\n<span style=\"font-size: medium;\">Weshalb sollten die M\u00e4dels, <i><b>hier<\/b><\/i> <i><b>Feministinnen<\/b><\/i>, eigentlich dort <em>herumgetobt<\/em> sein? <\/span><br \/>\n<span style=\"font-size: medium;\">Meine Phantasien weichen aber sehr weit ab, wegen eigener Erfahrungen bei ganz bestimmten Pro\u00adtestaktionen, denn Gut Ding will Weile haben! <\/span><br \/>\n<span style=\"font-size: medium;\">Da war bestimmt Prosecco und dampfender Dope mit dabei&#8230;<\/span><\/p>\n<p><!--more--><br \/>\n<span style=\"font-size: medium;\">Als meine \u00c4uglein \u00fcber<a href=\"https:\/\/www.flickr.com\/photos\/zonenklaus\/55144550830\/in\/datetaken-public\/\"> jene Aussage glitten<\/a>, kamen mir sofort mehrere Gedankenblitze und ich hielt jene K\u00fcnstlerin sofort f\u00fcr ein <em>Schnatterinchen<\/em>, parallel dazu fiel mir sofort der <i><a href=\"https:\/\/archive.org\/details\/rolling-stones-cocksucker-blues\">Cocksucker<\/a> <a href=\"https:\/\/www.rollingstone.de\/cocksucker-blues-warum-wurde-die-skandal-doku-der-rolling-stones-nie-gezeigt-2254627\/\">Blues <\/a><\/i>ein&#8230;<\/span><br \/>\n<span style=\"font-size: medium;\">Ach so, h\u00e4tte fast vergessen, dass ich heute nochmal hinabgestiegen war. Weil ein Bekannter ablie\u00df, jenes Kunstwerk ward sogar in der Presse erw\u00e4hnt worden. Musste dann registrieren, fast die halbe Wandfl\u00e4che besa\u00df schon wieder den nackten Charme eines Leichentuches! Zu der aufgefrischten wei\u00dfen Farbe fiel mir auch noch ein Reklamegag aus den 1960ern ein. Jener betraf die intensive Wirkungsweise eines Waschmittels und passt sogar irgendwie zu der <a href=\"https:\/\/www.flickr.com\/photos\/zonenklaus\/55144550830\/in\/datetaken-public\/\">gr\u00fcnlichen Bemerkung<\/a> an der Wand.<\/span><br \/>\n\u201e<span style=\"font-size: medium;\">Heute sind wir zu Gast bei Frau M. aus Wuppertal! Um zu \u00fcberpr\u00fcfen, ob die Behauptung stimmt, dass Dash so wei\u00df w\u00e4scht &#8211; wei\u00dfer geht es nicht!\u201c<\/span><br \/>\n\u201e<span style=\"font-size: medium;\">Frau M., was sagen sie aus eigener Erfahrung dazu?\u201c<\/span><br \/>\n\u201e<span style=\"font-size: medium;\">Dies kann ich vollends best\u00e4tigen! Denn seit mein Mann seinen Schwanz mit Dash w\u00e4scht, habe ich blendend wei\u00dfe Z\u00e4hne&#8230;\u201c <\/span><br \/>\n<span style=\"font-size: medium;\">Bin doch noch nicht ganz fertig!<\/span><br \/>\n<span style=\"font-size: medium;\"><a href=\"https:\/\/zonenklaus.de\/wordpress\/wp-content\/uploads\/2026\/03\/Antwort-von-Frau-I.jpg\"><img loading=\"lazy\" decoding=\"async\" class=\"size-medium wp-image-45075 alignleft\" src=\"https:\/\/zonenklaus.de\/wordpress\/wp-content\/uploads\/2026\/03\/Antwort-von-Frau-I-300x95.jpg\" alt=\"\" width=\"300\" height=\"95\" srcset=\"https:\/\/zonenklaus.de\/wordpress\/wp-content\/uploads\/2026\/03\/Antwort-von-Frau-I-300x95.jpg 300w, https:\/\/zonenklaus.de\/wordpress\/wp-content\/uploads\/2026\/03\/Antwort-von-Frau-I-1024x323.jpg 1024w, https:\/\/zonenklaus.de\/wordpress\/wp-content\/uploads\/2026\/03\/Antwort-von-Frau-I-150x47.jpg 150w, https:\/\/zonenklaus.de\/wordpress\/wp-content\/uploads\/2026\/03\/Antwort-von-Frau-I-768x242.jpg 768w, https:\/\/zonenklaus.de\/wordpress\/wp-content\/uploads\/2026\/03\/Antwort-von-Frau-I-624x197.jpg 624w, https:\/\/zonenklaus.de\/wordpress\/wp-content\/uploads\/2026\/03\/Antwort-von-Frau-I.jpg 1062w\" sizes=\"auto, (max-width: 300px) 100vw, 300px\" \/><\/a>Weit nach der Geisterstunde, bereits sonntags, sendete ich abschlie\u00dfend ein digitales Rauchzeichen ins Prenzelgebirge, etwas sp\u00e4ter erfolgte mal eben eine treffend konstruktive Antwort. <\/span><br \/>\n<span style=\"font-size: medium;\">Solcherart Mentalit\u00e4tsgef\u00fcge sind allerdings UNSEREN <i>M\u00f6chtegern-Politikern<\/i>, seit langer Zeit abhandengekommen und ihnen deshalb vollkommen fremd geworden und was einmal abhanden gekommen ist, wird niemals wieder irgendwo auftauchen&#8230; <\/span><\/p>\n","protected":false},"excerpt":{"rendered":"<p>Typisch \u201eSpringer-Postille\u201c, hatte ja Frau Redakteur, Maren Wittge, unwahrscheinliches Gl\u00fcck, dass man ihren seltsamen Schmonz ver\u00f6ffentlichte&#8230; Gratuliere dazu! Hoffentlich wird sie deshalb aber nicht f\u00fcr den Grimmepreis vorgesehen! Denn f\u00fcr f\u00fcr mein recht simp\u00adles Verst\u00e4ndnis, was jenes aufwendige und sehr farbenfreudiges Kunstwerk betrifft, scheint Madame leicht schr\u00e4g drauf zu sein&#8230; Mich w\u00fcrde wirklich interessieren, welchen [&hellip;]<\/p>\n","protected":false},"author":6,"featured_media":0,"comment_status":"open","ping_status":"open","sticky":false,"template":"","format":"standard","meta":{"footnotes":""},"categories":[1,55],"tags":[],"class_list":["post-45074","post","type-post","status-publish","format-standard","hentry","category-allgemeines","category-alltaeglicher-wahnwitz"],"_links":{"self":[{"href":"https:\/\/zonenklaus.de\/wordpress\/index.php?rest_route=\/wp\/v2\/posts\/45074","targetHints":{"allow":["GET"]}}],"collection":[{"href":"https:\/\/zonenklaus.de\/wordpress\/index.php?rest_route=\/wp\/v2\/posts"}],"about":[{"href":"https:\/\/zonenklaus.de\/wordpress\/index.php?rest_route=\/wp\/v2\/types\/post"}],"author":[{"embeddable":true,"href":"https:\/\/zonenklaus.de\/wordpress\/index.php?rest_route=\/wp\/v2\/users\/6"}],"replies":[{"embeddable":true,"href":"https:\/\/zonenklaus.de\/wordpress\/index.php?rest_route=%2Fwp%2Fv2%2Fcomments&post=45074"}],"version-history":[{"count":4,"href":"https:\/\/zonenklaus.de\/wordpress\/index.php?rest_route=\/wp\/v2\/posts\/45074\/revisions"}],"predecessor-version":[{"id":45081,"href":"https:\/\/zonenklaus.de\/wordpress\/index.php?rest_route=\/wp\/v2\/posts\/45074\/revisions\/45081"}],"wp:attachment":[{"href":"https:\/\/zonenklaus.de\/wordpress\/index.php?rest_route=%2Fwp%2Fv2%2Fmedia&parent=45074"}],"wp:term":[{"taxonomy":"category","embeddable":true,"href":"https:\/\/zonenklaus.de\/wordpress\/index.php?rest_route=%2Fwp%2Fv2%2Fcategories&post=45074"},{"taxonomy":"post_tag","embeddable":true,"href":"https:\/\/zonenklaus.de\/wordpress\/index.php?rest_route=%2Fwp%2Fv2%2Ftags&post=45074"}],"curies":[{"name":"wp","href":"https:\/\/api.w.org\/{rel}","templated":true}]}}