{"id":45113,"date":"2026-03-14T21:01:47","date_gmt":"2026-03-14T20:01:47","guid":{"rendered":"https:\/\/zonenklaus.de\/wordpress\/?p=45113"},"modified":"2026-03-15T02:43:48","modified_gmt":"2026-03-15T01:43:48","slug":"juergen-habermas-geht-nicht-mehr-einkaufen","status":"publish","type":"post","link":"https:\/\/zonenklaus.de\/wordpress\/?p=45113","title":{"rendered":"J\u00fcrgen Habermas geht nicht mehr einkaufen!"},"content":{"rendered":"<p>\u201c\u201c\u201c<a href=\"https:\/\/www.zeit.de\/feuilleton\/2026-03\/juergen-habermas-ist-tot\">W\u00fcrdigungen<\/a>\u201c\u201c\u201c von Bundespr\u00e4sident <a href=\"https:\/\/www.deutschlandfunk.de\/juergen-habermas-ist-tot-wuerdigungen-von-bundespraesident-steinmeier-und-kanzler-merz-100.html\">Steinmeier und Kanzler Merz<\/a>&#8230;<br \/>\nAha, es gab also eine jener Lobpreisung von <i>zwei f\u00fchrenden Staren<\/i> aus Bundesgermanischen Ge\u00adfilden, mit einem sonderbaren Gschm\u00e4ckle, wegen der angek\u00fcndigten Beweihr\u00e4ucherung in h\u00f6ch\u00adsten T\u00f6nen, ausgerechnet von jenen hoch angesiedelten <i>Demokraten<\/i>&#8230;<br \/>\nWobei mich die Nummer <b>(1)<\/b> immer noch an einen <a href=\"https:\/\/zonenklaus.de\/wordpress\/?p=42148\">Renegat<\/a> erinnert, allerdings f\u00e4llt mir auch zur <b>N<\/b><sup><b>o<\/b><\/sup> <b>(3) <\/b>absolut n\u00fcscht ein!<br \/>\nWas ihn au\u00dfer der Rangfolge in der Repr\u00e4sentanten-Pyramide f\u00fcr die gesamten bundesgermani\u00adschen Gefilden befugt, gr\u00fcnes Licht f\u00fcr die staatstragende Beileidsbekundung zu erhalten.<br \/>\nSolcherart nachrangiger Anteilnahme ohne inneren Bedeutung, hat der weltber\u00fchmte <a href=\"https:\/\/www.lernhelfer.de\/schuelerlexikon\/politikwirtschaft\/artikel\/juergen-habermas\">Soziologe &amp; Philosoph<\/a> mit Rang und Namen wirklich nicht verdient! Da kommt mir nebenher hoch, wenn ich Herrn Kanzler vor beliebigen Mikrofonen registriere, er sich dort ratschend bet\u00e4tigen darf, gibt der Mann immer ein seltsames Bild ab. Wahrscheinlich sind ihm die Inhalte der abzulesenden Texte vollkommen unbekannt. Witzig wird es, beim zwischenzeitlichen Aufblick in das Rund vor ihm, strahlt sein Konterfei ewig totale Unkenntnis, sowie seltsames Erstaunen aus.<br \/>\nWill hier aber nichts ablasen, welcher Art Klimmz\u00fcge in meinen Verdauungsinnereien abliefen.<\/p>\n<p><!--more--><br \/>\nWas soll ich noch bemerken?<br \/>\nHabe einiges von ihm sehr interessiert eingezogen, allerdings von den Herrn auch einige Vortr\u00e4ge vernommen. Wenn ich mich richtig erinnere, konnte ich einmal sogar Madame \u00fcberreden, mit in die Urania zukommen.<br \/>\nAllerdings konnte ich manchmal seinen Ausf\u00fchrungen nicht verst\u00e4ndnisvoll nachvollziehen, wegen seiner seltsamen Interpretationen in Richtung demokrat<i><b>ur<\/b><\/i>ischer Lebenseinstellungen in UNSERER \u00dcberflussgesellschaft&#8230;<br \/>\nLustige geb\u00e4rdeten sich bei gr\u00f6\u00dferen Happening auch ewig irgendwelche Linxwixer von <a href=\"https:\/\/de.wikipedia.org\/wiki\/Sozialistische_Einheitspartei_Westberlins\"><b>SEW<\/b><\/a>isten, jenem <i>zonenspezifischen Appendix<\/i> des moskauh\u00f6rigen <i>Pankoffregimes<\/i>. Dieser <i>Poststalinistische Kleingartenverband<\/i> erhielt bei Wahlen in Westberlin immer weniger Stimmen, als er eingetragene <i>Mit-<\/i> &amp; <i>die ohne Glieder<\/i> vorweisen konnte!<br \/>\nWei\u00df noch, einmal war sogar ich bei einem Pressefest von deren Postille <i> \u201eDie Wahrheit\u201c, <\/i>Ende der <em>1970er<\/em> oder <em>Anfang \u00b480er<\/em> in der <em>Neuen Welt<\/em> (?). <a href=\"https:\/\/de.wikipedia.org\/wiki\/Tony_Sheridan\">Tony Sheridan<\/a> gab dort eine geile <a href=\"https:\/\/archive.org\/details\/tfb2007-03-10.setI.flac16\/tfb2007-03-10t01.flac\">Solomucke<\/a>, nur mit Konzertgitarre&#8230;<br \/>\nHier noch etwas von den Medien und einige \u00e4ltere Schriebe, wo irgendwo und wie <b>J.H. e<\/b>rw\u00e4hnt wurde&#8230;<br \/>\n<a href=\"https:\/\/zonenklaus.de\/wordpress\/?p=34255\">\u201eSo viel Wissen \u00fcber unser Nichtwissen gab es noch nie\u201d*<\/a><br \/>\n<a href=\"https:\/\/zonenklaus.de\/wordpress\/?p=29630\">Deutschlandradio \u201cKultur\u201d \u2013 Politisches Feuilleton\u00a0<\/a><br \/>\n<a href=\"https:\/\/zonenklaus.de\/wordpress\/?p=249\">AMERIKAFIBEL F\u00dcR ERWACHSENE DEUTSCHE<\/a><\/p>\n","protected":false},"excerpt":{"rendered":"<p>\u201c\u201c\u201cW\u00fcrdigungen\u201c\u201c\u201c von Bundespr\u00e4sident Steinmeier und Kanzler Merz&#8230; Aha, es gab also eine jener Lobpreisung von zwei f\u00fchrenden Staren aus Bundesgermanischen Ge\u00adfilden, mit einem sonderbaren Gschm\u00e4ckle, wegen der angek\u00fcndigten Beweihr\u00e4ucherung in h\u00f6ch\u00adsten T\u00f6nen, ausgerechnet von jenen hoch angesiedelten Demokraten&#8230; Wobei mich die Nummer (1) immer noch an einen Renegat erinnert, allerdings f\u00e4llt mir auch zur No [&hellip;]<\/p>\n","protected":false},"author":6,"featured_media":0,"comment_status":"open","ping_status":"open","sticky":false,"template":"","format":"standard","meta":{"footnotes":""},"categories":[1,55],"tags":[],"class_list":["post-45113","post","type-post","status-publish","format-standard","hentry","category-allgemeines","category-alltaeglicher-wahnwitz"],"_links":{"self":[{"href":"https:\/\/zonenklaus.de\/wordpress\/index.php?rest_route=\/wp\/v2\/posts\/45113","targetHints":{"allow":["GET"]}}],"collection":[{"href":"https:\/\/zonenklaus.de\/wordpress\/index.php?rest_route=\/wp\/v2\/posts"}],"about":[{"href":"https:\/\/zonenklaus.de\/wordpress\/index.php?rest_route=\/wp\/v2\/types\/post"}],"author":[{"embeddable":true,"href":"https:\/\/zonenklaus.de\/wordpress\/index.php?rest_route=\/wp\/v2\/users\/6"}],"replies":[{"embeddable":true,"href":"https:\/\/zonenklaus.de\/wordpress\/index.php?rest_route=%2Fwp%2Fv2%2Fcomments&post=45113"}],"version-history":[{"count":2,"href":"https:\/\/zonenklaus.de\/wordpress\/index.php?rest_route=\/wp\/v2\/posts\/45113\/revisions"}],"predecessor-version":[{"id":45117,"href":"https:\/\/zonenklaus.de\/wordpress\/index.php?rest_route=\/wp\/v2\/posts\/45113\/revisions\/45117"}],"wp:attachment":[{"href":"https:\/\/zonenklaus.de\/wordpress\/index.php?rest_route=%2Fwp%2Fv2%2Fmedia&parent=45113"}],"wp:term":[{"taxonomy":"category","embeddable":true,"href":"https:\/\/zonenklaus.de\/wordpress\/index.php?rest_route=%2Fwp%2Fv2%2Fcategories&post=45113"},{"taxonomy":"post_tag","embeddable":true,"href":"https:\/\/zonenklaus.de\/wordpress\/index.php?rest_route=%2Fwp%2Fv2%2Ftags&post=45113"}],"curies":[{"name":"wp","href":"https:\/\/api.w.org\/{rel}","templated":true}]}}