{"id":45317,"date":"2026-04-26T21:42:26","date_gmt":"2026-04-26T20:42:26","guid":{"rendered":"https:\/\/zonenklaus.de\/wordpress\/?p=45317"},"modified":"2026-04-27T00:20:08","modified_gmt":"2026-04-26T23:20:08","slug":"vorfall-in-washington-d-c-schuesse-bei-dinner-mit-trump-was-wir-wissen-und-was-nicht","status":"publish","type":"post","link":"https:\/\/zonenklaus.de\/wordpress\/?p=45317","title":{"rendered":"Vorfall in Washington D.C.: Sch\u00fcsse bei Dinner mit Trump: Was wir wissen &#8211; und was nicht"},"content":{"rendered":"<p><i>Das ist auch ein Kritikpunkt, der jetzt bereits von einigen G\u00e4sten und auch vom Pr\u00e4sidenten selbst diskutiert wird, ob die Vorkehrungen ausreichend waren.<\/i><br \/>\n<i>Im Rahmen eines Dinners von Donald Trump und Pressevertretern sind in Washington Sch\u00fcsse gefallen. Was ist bislang zu dem Vorfall bekannt? Und was ist noch unklar?<\/i><br \/>\nWas war denn das schon wieder f\u00fcr ein <a href=\"https:\/\/www.zdfheute.de\/politik\/ausland\/trump-schuesse-dinner-was-ist-passiert-100.html\">seltsamer Schlamassel<\/a>?<br \/>\nIrgendwie kam jener miese Stunt irgendwie r\u00fcber, dass er nun zum zweiten mal an eine misslun\u00adgene Wahl zwischen Pest und Cholera erinnerte.<br \/>\nKann es sein, jemand will auf irgendeine Weise unlautere Handlungen auf <i>faschistoider Art<\/i> durch Hintert\u00fcrchen herbeif\u00fchren, alles nat\u00fcrlich getarnt unter vielen zerschlissenen M\u00e4ntelchen, eines neuerlichen US-Amerikanischen Demokratieverst\u00e4ndnisses&#8230;<br \/>\nDeren dabei kultivierten pathologischen Machenschaften, letztlich auch dem Rest der Welt zwangs\u00adl\u00e4ufig wieder aufgedr\u00fcckt werden soll.<br \/>\nIrgendwie will Trump letztlich nur mit den Europ\u00e4ern gleichziehen.<br \/>\nHatten doch vor fast einem Jahr, in Nancy Frankreichs <i>oberster Politdummschw\u00e4tzer <\/i>und <i>Polens Ministerpr\u00e4sident Tusk<\/i> <i>einen neuen Freundschafts- und Kooperationsvertrag unterzeichnet<\/i>, der jenem <a href=\"https:\/\/www.google.com\/search?client=firefox-b-d&amp;q=Beistandspakt+Polen%2C+Frankreich+in+den+30er+Jahren&amp;udm=50&amp;fbs=ADc_l-YGrpJMQtvjQ6h14rj-dfIrbPkd_Upq68wJVnEIgo2Pwxu679PACFfTKv4n_1_FsyXys4KaQdMTexM2jUr2SY6Qo7-pMeZ6e6xOdmHMs4aG6m6zSow7Mbbq-3682l9ojUhLDNkKSk8kmR7uDkKljUiMXEK0FEFTPc3TrEyBoJ_H0INefv3ZnOEJTeJLGHz-nKGxOOWI&amp;ved=2ahUKEwjbnpCWuoyUAxUOc_EDHYRnOU0Q0NsOegQIAxAB&amp;aep=10&amp;ntc=1&amp;mstk=AUtExfCIY8qoHVPZ2w_MWZyXNi1FcV832xAFh3igE08R8O3Vlhia8ZF6Ot-l0n359A9bS9csJEJl45sNmQU9jPvB1cP8IKDEXkQc2_k8Y3y-EJ9AfzWNT3_QUO4NR5IsUMNG3aFeo6qn0PQkLJyqmESVTLNXhBCmU3xU7rs&amp;csuir=1&amp;mtid=tpfuabX0CZCJ7NYP6_GTkQc\"><i>\u00dcbereinkommens-Witz<\/i> <\/a>vor 100 Jahren, fast identisch glich!<br \/>\n<a href=\"https:\/\/zonenklaus.de\/wordpress\/wp-content\/uploads\/2026\/04\/FRANKREICH-POLEN-1.jpg\"><img loading=\"lazy\" decoding=\"async\" class=\"alignnone size-full wp-image-45321\" src=\"https:\/\/zonenklaus.de\/wordpress\/wp-content\/uploads\/2026\/04\/FRANKREICH-POLEN-1.jpg\" alt=\"\" width=\"956\" height=\"323\" srcset=\"https:\/\/zonenklaus.de\/wordpress\/wp-content\/uploads\/2026\/04\/FRANKREICH-POLEN-1.jpg 956w, https:\/\/zonenklaus.de\/wordpress\/wp-content\/uploads\/2026\/04\/FRANKREICH-POLEN-1-300x101.jpg 300w, https:\/\/zonenklaus.de\/wordpress\/wp-content\/uploads\/2026\/04\/FRANKREICH-POLEN-1-150x51.jpg 150w, https:\/\/zonenklaus.de\/wordpress\/wp-content\/uploads\/2026\/04\/FRANKREICH-POLEN-1-768x259.jpg 768w, https:\/\/zonenklaus.de\/wordpress\/wp-content\/uploads\/2026\/04\/FRANKREICH-POLEN-1-624x211.jpg 624w\" sizes=\"auto, (max-width: 956px) 100vw, 956px\" \/><\/a>Er soll beiden L\u00e4ndern auch gegenseitigen milit\u00e4rischen Beistand sichern.<br \/>\nIn den hiesigen Medien wurde zum neuerlichen <i>Kooperations- und Verteidigungspakt Frankreich und Polen, <\/i>tagelang<i> <\/i>dar\u00fcber geplappert, dass beide Staaten wieder<a href=\"https:\/\/www.tagesschau.de\/ausland\/europa\/polen-frankreich-verteidigungspakt-100.html\"> n\u00e4her zusammenr\u00fccken wer\u00adden&#8230;.<\/a><br \/>\nFehlt nur noch eine gr\u00f6\u00dfenwahnsinnige Eingebung von Tusk, dass er sich demn\u00e4chst noch auf glei\u00adche H\u00f6he mit <a href=\"https:\/\/de.wikipedia.org\/wiki\/Johann_III._Sobieski\"><i>Johann III. Sobieski <\/i><\/a>stellen wird!<br \/>\nF\u00fcr UNSEREN gro\u00dfen \u201e<b>Sowohl als auch\u201c-Reformkanzler<\/b><i>, <a href=\"https:\/\/www.tagesspiegel.de\/politik\/nach-fast-einem-jahr-in-der-regierung-ist-friedrich-merz-seinem-amt-gewachsen-15524787.html\">Joachim-Friedrich Martin Josef Merz<\/a>, <\/i>k\u00f6nnte in nicht allzu ferner Zukunft auch zu einem historischen Abziehbild mutieren, da bietet sich unbedingt der <a href=\"https:\/\/www.bildungsserver.de\/schule\/otto-von-bismarck-11358-de.html\">Gro\u00dfe Sch\u00f6nhauser<\/a> an<span style=\"font-family: Times New Roman, serif;\"><span style=\"font-size: large;\">\u263a\u263a\u263a<\/span><\/span><br \/>\n\u25ba<span style=\"font-size: xx-small;\"><strong>\u00abSowohl als auch\u00bb<\/strong> ist eine zweiteilige Konjunktion im Deutschen, die zwei gleichwertige Elemente (Nomen, Adjektive, Verben) verbindet und ausdr\u00fcckt, dass beide zutreffen. Sie bedeutet eine positive Addition, \u00e4hnlich wie \u00abund\u00bb oder \u00abnicht nur &#8230; sondern auch\u00bb. Ein Komma wird in der Regel nicht gesetzt.<\/span><span style=\"font-family: Times New Roman, serif;\"><span style=\"font-size: xx-small;\">\u25c4<\/span><\/span><br \/>\n<span style=\"font-family: Times New Roman, serif;\"><span style=\"font-size: medium;\">Zu Meister <a href=\"https:\/\/b304.de\/karikaturen-von-franz-eder-2\/\">S\u00f6der<\/a>, der <a href=\"https:\/\/www.koufogiorgos.de\/baerbel-bas-will-spd-co-vorsitzende-werden\/\">BB<\/a> und dem <\/span><\/span><a href=\"https:\/\/www.tagesschau.de\/video\/video-1567686.html\"><span style=\"font-family: Times New Roman, serif;\"><span style=\"font-size: medium;\"><i>Dreifach-Kompetenzsimulanten<\/i><\/span><\/span><\/a><span style=\"font-family: Times New Roman, serif;\"><span style=\"font-size: medium;\"> will ich nichts weiter ablassen, nur etwas zu seinem Familiennamen. Bezeichnet die zweite Silbe doch ein sehr wichtiges Werk\u00adzeug, wenn man es zu seinen t\u00e4glichen Handhabungen vergleichend heranziehen sollte, kann man lediglich von einem sehr stumpfen Spaltwerkzeug ausgehen&#8230;<\/span><\/span><\/p>\n","protected":false},"excerpt":{"rendered":"<p>Das ist auch ein Kritikpunkt, der jetzt bereits von einigen G\u00e4sten und auch vom Pr\u00e4sidenten selbst diskutiert wird, ob die Vorkehrungen ausreichend waren. Im Rahmen eines Dinners von Donald Trump und Pressevertretern sind in Washington Sch\u00fcsse gefallen. Was ist bislang zu dem Vorfall bekannt? Und was ist noch unklar? Was war denn das schon wieder [&hellip;]<\/p>\n","protected":false},"author":6,"featured_media":0,"comment_status":"open","ping_status":"open","sticky":false,"template":"","format":"standard","meta":{"footnotes":""},"categories":[1,55],"tags":[],"class_list":["post-45317","post","type-post","status-publish","format-standard","hentry","category-allgemeines","category-alltaeglicher-wahnwitz"],"_links":{"self":[{"href":"https:\/\/zonenklaus.de\/wordpress\/index.php?rest_route=\/wp\/v2\/posts\/45317","targetHints":{"allow":["GET"]}}],"collection":[{"href":"https:\/\/zonenklaus.de\/wordpress\/index.php?rest_route=\/wp\/v2\/posts"}],"about":[{"href":"https:\/\/zonenklaus.de\/wordpress\/index.php?rest_route=\/wp\/v2\/types\/post"}],"author":[{"embeddable":true,"href":"https:\/\/zonenklaus.de\/wordpress\/index.php?rest_route=\/wp\/v2\/users\/6"}],"replies":[{"embeddable":true,"href":"https:\/\/zonenklaus.de\/wordpress\/index.php?rest_route=%2Fwp%2Fv2%2Fcomments&post=45317"}],"version-history":[{"count":3,"href":"https:\/\/zonenklaus.de\/wordpress\/index.php?rest_route=\/wp\/v2\/posts\/45317\/revisions"}],"predecessor-version":[{"id":45322,"href":"https:\/\/zonenklaus.de\/wordpress\/index.php?rest_route=\/wp\/v2\/posts\/45317\/revisions\/45322"}],"wp:attachment":[{"href":"https:\/\/zonenklaus.de\/wordpress\/index.php?rest_route=%2Fwp%2Fv2%2Fmedia&parent=45317"}],"wp:term":[{"taxonomy":"category","embeddable":true,"href":"https:\/\/zonenklaus.de\/wordpress\/index.php?rest_route=%2Fwp%2Fv2%2Fcategories&post=45317"},{"taxonomy":"post_tag","embeddable":true,"href":"https:\/\/zonenklaus.de\/wordpress\/index.php?rest_route=%2Fwp%2Fv2%2Ftags&post=45317"}],"curies":[{"name":"wp","href":"https:\/\/api.w.org\/{rel}","templated":true}]}}