{"id":45326,"date":"2026-04-27T23:31:35","date_gmt":"2026-04-27T22:31:35","guid":{"rendered":"https:\/\/zonenklaus.de\/wordpress\/?p=45326"},"modified":"2026-04-30T23:36:24","modified_gmt":"2026-04-30T22:36:24","slug":"schuesse-halten-usa-in-atem-statt-covid-19-coronavirus-sars-cov-2-ist-nun-chronisch-obstruktive-lungenerkrankung-copd-angesagt-oder","status":"publish","type":"post","link":"https:\/\/zonenklaus.de\/wordpress\/?p=45326","title":{"rendered":"Sch\u00fcsse halten USA in Atem {Statt COVID-19 (Coronavirus SARS-CoV-2) ist nun Chronisch Obstruktive Lungenerkrankung (COPD) angesagt.} ODER?"},"content":{"rendered":"<p><a href=\"https:\/\/www.t-online.de\/nachrichten\/ausland\/usa\/id_101229876\/schuesse-bei-trump-gala-bericht-ueber-merkwuerdigkeiten-beim-dinner.html\">Merkw\u00fcrdigkeiten beim Gala-Dinner<\/a><br \/>\nGeht mir allerdings ebenso!<br \/>\nAuf der anderen Seite ber\u00fchrte mich die ganze Angelegenheit nicht besonders, aber&#8230;<br \/>\nMir fiel ein, dass vor l\u00e4ngerer Zeit die Medien \u00f6fters in jene Richtung spekulierten, wenn mal etwas passieren sollte und anschlie\u00dfend das gro\u00dfen <i>US-Scheffchen<\/i> hinterher nicht mehr einkaufen gehen sollte, es anschlie\u00dfend zu einem B\u00fcrgerkrieg k\u00e4me.<br \/>\nDazu fiel mir n\u00e4mlich ein, obwohl im Amiland auf privater Ebene sich massenhaft Waffen aller Art in privaten H\u00e4nden befinden sollen, es bei entsprechender Inanspruchnahme, w\u00e4hrend einer solchen Performance, man recht wenig Tote beklagen k\u00f6nnte.<br \/>\nWeil letztlich nur deshalb wenig Leute ins Gras bei\u00dfen m\u00fcssten, weil wohl nur eine Minderheit von Killern, den entsprechenden Job korrekt \u00fcber Kimme und Korn beherrschten.<br \/>\nAuf der anderen Seite trauer ich Meister Trump auch zu, die fehlgeschlagenen Anschl\u00e4ge entspre\u00adchend f\u00fcr seine irrwitzigen Medienauftritte inszenieren lie\u00df&#8230;<br \/>\nBin mir sicher, w\u00fcrden solcherart Fehlsch\u00fcsse auf UNSEREN Kanzler erfolgen, es keinen Medien\u00add\u00fcnnschiss deshalb g\u00e4be, schlie\u00dflich haben wir doch seit Wochen <a href=\"https:\/\/www.spiegel.de\/panorama\/wal-in-ostsee-bei-wismar-minister-sagt-katamaran-rettung-fuer-wal-timmy-ab-a-e7673f0c-b2f5-4ffe-96b5-4e2b5200293d\">TIMMY<\/a>!<\/p>\n","protected":false},"excerpt":{"rendered":"<p>Merkw\u00fcrdigkeiten beim Gala-Dinner Geht mir allerdings ebenso! Auf der anderen Seite ber\u00fchrte mich die ganze Angelegenheit nicht besonders, aber&#8230; Mir fiel ein, dass vor l\u00e4ngerer Zeit die Medien \u00f6fters in jene Richtung spekulierten, wenn mal etwas passieren sollte und anschlie\u00dfend das gro\u00dfen US-Scheffchen hinterher nicht mehr einkaufen gehen sollte, es anschlie\u00dfend zu einem B\u00fcrgerkrieg k\u00e4me. [&hellip;]<\/p>\n","protected":false},"author":6,"featured_media":0,"comment_status":"open","ping_status":"open","sticky":false,"template":"","format":"standard","meta":{"footnotes":""},"categories":[1],"tags":[],"class_list":["post-45326","post","type-post","status-publish","format-standard","hentry","category-allgemeines"],"_links":{"self":[{"href":"https:\/\/zonenklaus.de\/wordpress\/index.php?rest_route=\/wp\/v2\/posts\/45326","targetHints":{"allow":["GET"]}}],"collection":[{"href":"https:\/\/zonenklaus.de\/wordpress\/index.php?rest_route=\/wp\/v2\/posts"}],"about":[{"href":"https:\/\/zonenklaus.de\/wordpress\/index.php?rest_route=\/wp\/v2\/types\/post"}],"author":[{"embeddable":true,"href":"https:\/\/zonenklaus.de\/wordpress\/index.php?rest_route=\/wp\/v2\/users\/6"}],"replies":[{"embeddable":true,"href":"https:\/\/zonenklaus.de\/wordpress\/index.php?rest_route=%2Fwp%2Fv2%2Fcomments&post=45326"}],"version-history":[{"count":1,"href":"https:\/\/zonenklaus.de\/wordpress\/index.php?rest_route=\/wp\/v2\/posts\/45326\/revisions"}],"predecessor-version":[{"id":45327,"href":"https:\/\/zonenklaus.de\/wordpress\/index.php?rest_route=\/wp\/v2\/posts\/45326\/revisions\/45327"}],"wp:attachment":[{"href":"https:\/\/zonenklaus.de\/wordpress\/index.php?rest_route=%2Fwp%2Fv2%2Fmedia&parent=45326"}],"wp:term":[{"taxonomy":"category","embeddable":true,"href":"https:\/\/zonenklaus.de\/wordpress\/index.php?rest_route=%2Fwp%2Fv2%2Fcategories&post=45326"},{"taxonomy":"post_tag","embeddable":true,"href":"https:\/\/zonenklaus.de\/wordpress\/index.php?rest_route=%2Fwp%2Fv2%2Ftags&post=45326"}],"curies":[{"name":"wp","href":"https:\/\/api.w.org\/{rel}","templated":true}]}}