{"id":45780,"date":"2026-08-26T19:44:18","date_gmt":"2026-08-26T18:44:18","guid":{"rendered":"https:\/\/zonenklaus.de\/wordpress\/?p=45780"},"modified":"2026-09-04T01:16:00","modified_gmt":"2026-09-04T00:16:00","slug":"seit-gestern-geht-tim-curry-auch-nicht-mehr-einkaufen","status":"publish","type":"post","link":"https:\/\/zonenklaus.de\/wordpress\/?p=45780","title":{"rendered":"Seit gestern geht Tim Curry auch nicht mehr einkaufen&#8230;"},"content":{"rendered":"<p>Wenn ich die Hitparade: \u201eThe Best for Me\u201c was gesehene Filme aufstellen w\u00fcrde, steht nat\u00fcrlich &#8220;<a href=\"https:\/\/de.wikipedia.org\/wiki\/Tim_Curry\">Rocky\u00b4s<\/a> <a href=\"https:\/\/en.wikipedia.org\/wiki\/The_Rocky_Horror_Picture_Show\">Horror Show<\/a>&#8220;, ganz weit vorn, geradewegs gefolgt von \u201e<a href=\"https:\/\/de.wikipedia.org\/wiki\/Easy_Rider\">Easy Rider<\/a>\u201c und \u201e<a href=\"https:\/\/de.wikipedia.org\/wiki\/Das_Leben_des_Brian\">Das Leben des Brian<\/a>\u201c!<br \/>\nLetztmalig sah ich in den 1990ern \u201e<a href=\"https:\/\/www.rollingstone.de\/tim-curry-rocky-horror-picture-show-nachruf-3182287\/\">Rocky<\/a>\u201c in der Waldb\u00fchne, da hatten die Kids ein Haufen Freun\u00adde noch mitgenommen. Dazu nat\u00fcrlich Unmengen an Lokuspapier, Reis und fast jeder besa\u00df noch ein P\u00e4ckchen Mondamin, mit dem Zeug ich anf\u00e4nglich noch Feuer spuckte.<br \/>\nEine gr\u00f6\u00dfere Packung wurde von mir bis zum absoluten Ende aufgehoben. Damit begl\u00fcckte ich dann dieses spie\u00dfige Pack von <i>arrivierten Proletenablegern<\/i>, welche die ganze Zeit in Malerfolie eingewickelt waren und nun ganz sauber in Richtung Ausgang st\u00fcrmten. Stand die ganze Zeit an ei\u00adnem Treppenaufgang und begl\u00fcckte diese Leute, denen eigentlich die gesamte Filmhandlung einen Dreck interessiert. Welche aber die ausgelassenen freudigen Fans, lediglich gierig beobachteten, wie sie es sonst nur im Zoo taten. Diese <i>netten Leute<\/i> konnten froh sein, dass ich pro Person immer nur eine kleine Mehlmenge f\u00fcr den oberen Brustbereich nahm und keinen matschig gekochten Reis! Letzteres unterlie\u00df ich in der Vorbildfunktion f\u00fcr unser Rudel Kids, hatte es ihnen aber vorher ge\u00adsteckt, f\u00fcr eventuelle sp\u00e4tere Aktionen&#8230;<!--more--><br \/>\nHabe absolut keine Lust mich noch weiter \u00fcber den verblichenen phantastischen Mimen von gehobener Eleganz auszulassen, deshalb aber noch einige Links aus dem Netz und dazu \u00e4ltere Schrieb von mir!<\/p>\n<p><a href=\"https:\/\/www.spiegel.de\/kultur\/traumland-kino-a-f5bc7120-0002-0001-0000-000040349698?context=issue\">Traumland Kino<\/a><br \/>\n<a href=\"https:\/\/www.spiegel.de\/geschichte\/35-jahre-rocky-horror-show-a-946567.html\">Strapsalarm im Kinosaal<\/a><br \/>\n<a href=\"https:\/\/zonenklaus.de\/wordpress\/?s=Rocky+Horror+Show\">Der singende Hackbraten geht nicht mehr einkaufen<\/a><br \/>\n<a href=\"https:\/\/zonenklaus.de\/wordpress\/?s=Rocky+Horror+Show\">Seit gestern geht Peter Fonda nicht mehr einkaufen<\/a><br \/>\n<a href=\"https:\/\/zonenklaus.de\/wordpress\/?p=17059\">Kumpelnest 3000 \u2013 25 Jahre Exzess<\/a><br \/>\n<a href=\"https:\/\/zonenklaus.de\/wordpress\/?s=Rocky+Horror+Show\">Alles Komiker oder was?<\/a><br \/>\n<a href=\"https:\/\/zonenklaus.de\/wordpress\/?s=Rocky+Horror+Show\">Sir Dennis Hopper &amp; \u201cDirty Harry\u201d- Eastwood<\/a><\/p>\n","protected":false},"excerpt":{"rendered":"<p>Wenn ich die Hitparade: \u201eThe Best for Me\u201c was gesehene Filme aufstellen w\u00fcrde, steht nat\u00fcrlich &#8220;Rocky\u00b4s Horror Show&#8220;, ganz weit vorn, geradewegs gefolgt von \u201eEasy Rider\u201c und \u201eDas Leben des Brian\u201c! Letztmalig sah ich in den 1990ern \u201eRocky\u201c in der Waldb\u00fchne, da hatten die Kids ein Haufen Freun\u00adde noch mitgenommen. Dazu nat\u00fcrlich Unmengen an Lokuspapier, [&hellip;]<\/p>\n","protected":false},"author":6,"featured_media":0,"comment_status":"closed","ping_status":"closed","sticky":false,"template":"","format":"standard","meta":{"footnotes":""},"categories":[1,55],"tags":[],"class_list":["post-45780","post","type-post","status-publish","format-standard","hentry","category-allgemeines","category-alltaeglicher-wahnwitz"],"_links":{"self":[{"href":"https:\/\/zonenklaus.de\/wordpress\/index.php?rest_route=\/wp\/v2\/posts\/45780","targetHints":{"allow":["GET"]}}],"collection":[{"href":"https:\/\/zonenklaus.de\/wordpress\/index.php?rest_route=\/wp\/v2\/posts"}],"about":[{"href":"https:\/\/zonenklaus.de\/wordpress\/index.php?rest_route=\/wp\/v2\/types\/post"}],"author":[{"embeddable":true,"href":"https:\/\/zonenklaus.de\/wordpress\/index.php?rest_route=\/wp\/v2\/users\/6"}],"replies":[{"embeddable":true,"href":"https:\/\/zonenklaus.de\/wordpress\/index.php?rest_route=%2Fwp%2Fv2%2Fcomments&post=45780"}],"version-history":[{"count":3,"href":"https:\/\/zonenklaus.de\/wordpress\/index.php?rest_route=\/wp\/v2\/posts\/45780\/revisions"}],"predecessor-version":[{"id":45783,"href":"https:\/\/zonenklaus.de\/wordpress\/index.php?rest_route=\/wp\/v2\/posts\/45780\/revisions\/45783"}],"wp:attachment":[{"href":"https:\/\/zonenklaus.de\/wordpress\/index.php?rest_route=%2Fwp%2Fv2%2Fmedia&parent=45780"}],"wp:term":[{"taxonomy":"category","embeddable":true,"href":"https:\/\/zonenklaus.de\/wordpress\/index.php?rest_route=%2Fwp%2Fv2%2Fcategories&post=45780"},{"taxonomy":"post_tag","embeddable":true,"href":"https:\/\/zonenklaus.de\/wordpress\/index.php?rest_route=%2Fwp%2Fv2%2Ftags&post=45780"}],"curies":[{"name":"wp","href":"https:\/\/api.w.org\/{rel}","templated":true}]}}