{"id":4894,"date":"2009-11-08T23:56:42","date_gmt":"2009-11-08T22:56:42","guid":{"rendered":"http:\/\/12decode.de\/zonenklaus\/wordpress\/?p=4894"},"modified":"2022-02-09T19:13:07","modified_gmt":"2022-02-09T18:13:07","slug":"%e2%80%9edie-zarte-pflanze-der-zersetzung-humor-in-der-ddr","status":"publish","type":"post","link":"https:\/\/zonenklaus.de\/wordpress\/?p=4894","title":{"rendered":"\u201eDie zarte Pflanze der Zersetzung &#8211; Humor in der DDR&#8221;."},"content":{"rendered":"<p>Im heutigen \u201e<a href=\"http:\/\/www.tagesspiegel.de\/weltspiegel\/DDR-Mauefall-meinjahr89;art1117,2944030\">Tagesspitzel<\/a>&#8221; gab es mal wieder eine erfrischende Seite.<br \/>\nWenigstens etwas ohne jene Permanentscheisse, die sich seit Monaten mit dem Mauerfall und der vorangegangenen \u201efriedlichen Revolution&#8221; besch\u00e4ftigt, auch wie toll wir damals alle waren&#8230;<br \/>\nJedenfalls kotzt mich diese Entwicklung und Darstellung der Mauer- und Nachmauerzeit f\u00fcrchterlich an. Beim Umgang mit der schizophrenen Situation vorher\/nachher, nehmen sich Ossis und Wessis absolut nichts.<!--more--><br \/>\nDie Zonis sollten auch endlich mal begreifen, dass es keine Revolution, auch keine \u201efriedliche&#8221; gab. Dieser ostdeutsche Appendix von Moskaus Gnaden, war einfach pleite und der friedliche Dolchsto\u00df erfolgte f\u00fcr mich aus der Normannen-Stra\u00dfe. Mit entsprechenden Finanzen im Hintergrund, h\u00e4tten die Genossen doch woll\u00fcstig solche Institutionen wie Sachsenhausen oder Buchenwald wieder in Betrieb genommen. Dazu w\u00e4re dem Westen, auch nichts weiter eingefallen &#8211; au\u00dfer Petitionen &#8211; verzapft im EastRiverTempel, von irgendwelchen Schlafm\u00fctzen mit Betroffenheitslarven&#8230;<\/p>\n<p><em>Mir hat es damals wesentlich besser gefallen, was einige Rum\u00e4nen mit ihrem Conducator nebst Gattin anstellten.<br \/>\nWarum deren Hinrichtung so friedlich ablief, habe ich nie verstanden.<br \/>\nMan denke dabei an die Exekution und der Zurschaustellung (politisch korrekt: <a href=\"https:\/\/www.gettyimages.de\/fotos\/clara-petacci\">Zurschauh\u00e4ngung<\/a>) von Benito nebst Geliebter durch kommunistische Partisanen, im April 1945. Wobei Claretta vor ihrer Erschie\u00dfung bestialisch vergewaltigt wurde.<br \/>\nScheinbar fanden die Rum\u00e4nen weit und breit keine \u00fcberdachte Tankstelle&#8230;<\/em><\/p>\n<p>Jahrzehnte lang, haben Millionen von Transitreisenden in den Korridoren von Berlin nach Wessiland, die Schikanen der uniformierten Zonies \u00fcber sich ergehen lassen. Sp\u00e4ter <em>(Wieder in der Freiheit) <\/em>reichte es gerade noch f\u00fcr einen Luftkampf am Tresen, da konnte jeder aus seinem N\u00e4hk\u00e4stchen plaudern.<br \/>\nDiese Ostfrommse ernteten von mir nicht nur Verachtung, deshalb erhielt ich von vielen Freunden und Bekannten absolutes Redeverbot an den Grenzen. Was ein Z\u00f6llner oder Grenzsoldat in seinem \u201eEhrenkleid&#8221; konnte, konnte ich schon lange, es entwickelten sich lediglich Spiele mit der Zeit.<br \/>\nWie bl\u00f6de schaute jemand drein, wenn er meinen Bundesgermanischen Pass mit Westberliner Wohnsitz in den H\u00e4nden hielt, ausgestellt in Warszawa. L\u00e4nger als 30 Minuten dauerte die Verarztung nie, anschlie\u00dfend gab es eine &#8220;<a href=\"http:\/\/www.runde-ecke-leipzig.de\/sammlung\/index.php?inv=14978\">Identit\u00e4tsbescheinigung&#8221;<\/a>, mit 5 DM war man dabei. Auf dem teuren Wisch prangte, zus\u00e4tzliche gestempelt: \u201eAlle Daten der oben genannten Person, sind dem ung\u00fcltigen Pass zu entnehmen!&#8221;<br \/>\nMein Kumpel Achim blechte jahrelang f\u00fcr jede Fahrt.<br \/>\nNach dem letzten H\u00f6rnchen, Fett wie eine Ratte, mussten sich <a href=\"https:\/\/archive.org\/details\/cd_brownie-mcghee-and-sonny-terry-sing_brownie-mcghee-and-sonny-terry-sonny-terry\">Sonny Terry\u00a0und Brownie Mc Ghee<\/a> auf jeweils zwei Seiten seines Berliner Ausweises verewigen.<br \/>\nIch glaube, Andrews musste auch mal dran glauben.<br \/>\nMit etwas THC in den Hirnwindungen, kam von mir auf die d\u00e4mliche Frage des Z\u00f6llner: \u201eHaben sie Waffen, Funkger\u00e4te oder Sprengstoff bei sich?&#8221;<br \/>\n\u201eWaaat, brauchen wir dit jetzt f\u00fcr jede Transittour, hamm wa n\u00e4mlich nich!&#8221;<\/p>\n<p>Fakt ist, an der Mauer oder am Zaun schrumpfte fast jeder gro\u00dfm\u00e4ulige Wessi auf die Gr\u00f6\u00dfe eines Kerbtieres. Dabei standen auf westlicher Seite, an den Transitl\u00f6chern, riesige Schilder mit der Aufschrift: \u201eDenken Sie daran, Sie fahren weiterhin durch Deutschland!&#8221;<\/p>\n<p>&#8211; Jetzt habe ich mich wieder verzettelt.<\/p>\n<p>Nebenbei bemerkt.<br \/>\nWitzeerz\u00e4hler haben in den ersten Jahren der Zone, immer wichtige Beitr\u00e4ge f\u00fcr die Energieerzeugung geleistet. Sie waren in der Planwirtschaft eine unerl\u00e4ssliche Gr\u00f6\u00dfe. Gute Witze, entsprechend platziert, wurden als \u201eStaatsgef\u00e4hrdende Propaganda&#8221;, oder \u201eBoykotthetze&#8221; nach (\u00a7\u00a7 104, 105, 106 DDR-StGB) geahndet, die Belohnung daf\u00fcr: Minimum zwei Totensonntage in der Braunkohle. Lager in Ra\u00dfnitz, bei Bitterfeld, oder \u201eBlack Pump&#8221; bei Spremberg luden f\u00fcr die spartanische Unterbringung ein.<br \/>\nOft zogen die Genossen noch andere \u201eDelikte&#8221; hinzu. \u201eGef\u00e4hrdung der \u00f6ffentlichen Ordnung durch asoziales Verhalten&#8221; (\u00a7 249), &#8220;Beeintr\u00e4chtigung staatlicher oder gesellschaftlicher T\u00e4tigkeit&#8221; (\u00a7 214), \u201eRowdytum&#8221; (\u00a7 215), &#8220;Staatsverleumdung&#8221; (\u00a7 220) usw.<br \/>\nDie Phantasie staatlicher Organe war grenzenlos.<br \/>\nDa \u201eFl\u00fcsterwitze&#8221; in allen sozialen Schichten, dieser \u201eklassenlosen&#8221; Gesellschaft kursierten, ergab sich dadurch auch ein breites Bet\u00e4tigungsfeld f\u00fcr die Stasi, um dort IM\u00b4s zu rekrutieren&#8230;<\/p>\n<p>&#8211; Es folgen noch meine beiden Lieblingswitze von anno dunnemals:<\/p>\n<p><strong>In der Zoohandlung<\/strong><br \/>\nEin Typ zum Verk\u00e4ufer: \u201eIch h\u00e4tte gern ein Kilo Futter f\u00fcr meinen Wellensittich!&#8221;<br \/>\n\u201eDa kann ja jeder kommen. K\u00f6nnen Sie beweisen, dass Sie einen solchen Exoten besitzen?&#8221;<br \/>\n\u201eKlar&#8221;, er greift in linke Tasche seines Sakkos und holt den Vogel heraus, \u201esehen Sie!&#8221; und verstaut den Piepmatz wieder.<br \/>\nSogleich wiegt der Kaufmann in einer Sch\u00fctte die gew\u00fcnschte Menge ab. Dann pl\u00f6tzlich: \u201eWir haben heute keine T\u00fcten, haben sie ein Beh\u00e4ltnis mit?&#8221;<br \/>\n\u201eNee! &#8230;Was soll\u00b4s, kippen sie\u00b4s einfach in meine rechte Sakkotasche!&#8221;<br \/>\nDer H\u00e4ndler lehnt sich weit \u00fcber den Verkaufstresen zum Kunden, der ihm seine Jackentasche ge\u00f6ffnet hin h\u00e4lt.<br \/>\nIm gleichen Moment ein Aufschrei: \u201eStopp! Stopp, doch nicht da rein! Ich habe da ein St\u00fcck Schei\u00dfe drin, denn ich muss im Konsum noch Toilettenpapier kaufen!&#8221;<\/p>\n<p><strong>Parteiversammlung in der gro\u00dfen Werkskantine<\/strong><br \/>\nDie anwesenden Genossen k\u00e4mpfe mit dem Schlaf.<br \/>\nW\u00e4hrend vorne der Parteisekret\u00e4r gewichtig \u00fcber die gro\u00dfen Erfolge des sozialistischen Aufbaus doziert.<br \/>\nPl\u00f6tzlich wacht in der letzten Reihe ein Kollege auf: \u201eGenosse! Dies ist ja alles sehr sch\u00f6n, was Du da redest! Aber was ist mit Klopapier?&#8221;<br \/>\nDer Parteinik \u00fcberh\u00f6rt die Frage.<br \/>\nMinuten Sp\u00e4ter.<br \/>\n\u201eGenosse, ich hatte Dir vorhin eine Frage gestellt. Du bist \u00fcberhaupt nicht darauf ein gegangen! Was ist nun mit Toilettenpapier?&#8221;<br \/>\nGereizt f\u00e4hrt der Redner fort.<br \/>\nNach einigen S\u00e4tzen, wieder von hinten, \u201eGenosse, was ist nun mit Schei\u00dfpapier&#8230;?&#8221;<br \/>\nDer Agitator spring auf, l\u00e4sst ihn nicht ausreden und br\u00fcllt zum Fragesteller gewandt: \u201eAch, leck mich doch am Arsch!!!&#8221;<br \/>\nKommt als Einwand. \u201eGenosse, dies w\u00e4re aber nur eine sehr kurzfristige Zwischenl\u00f6sung!&#8221;<\/p>\n","protected":false},"excerpt":{"rendered":"<p>Im heutigen \u201eTagesspitzel&#8221; gab es mal wieder eine erfrischende Seite. Wenigstens etwas ohne jene Permanentscheisse, die sich seit Monaten mit dem Mauerfall und der vorangegangenen \u201efriedlichen Revolution&#8221; besch\u00e4ftigt, auch wie toll wir damals alle waren&#8230; Jedenfalls kotzt mich diese Entwicklung und Darstellung der Mauer- und Nachmauerzeit f\u00fcrchterlich an. Beim Umgang mit der schizophrenen Situation vorher\/nachher, [&hellip;]<\/p>\n","protected":false},"author":6,"featured_media":0,"comment_status":"open","ping_status":"closed","sticky":false,"template":"","format":"standard","meta":{"footnotes":""},"categories":[22,27,18],"tags":[],"class_list":["post-4894","post","type-post","status-publish","format-standard","hentry","category-der-tagesspiegel","category-mauerfall","category-zonenwitze"],"_links":{"self":[{"href":"https:\/\/zonenklaus.de\/wordpress\/index.php?rest_route=\/wp\/v2\/posts\/4894","targetHints":{"allow":["GET"]}}],"collection":[{"href":"https:\/\/zonenklaus.de\/wordpress\/index.php?rest_route=\/wp\/v2\/posts"}],"about":[{"href":"https:\/\/zonenklaus.de\/wordpress\/index.php?rest_route=\/wp\/v2\/types\/post"}],"author":[{"embeddable":true,"href":"https:\/\/zonenklaus.de\/wordpress\/index.php?rest_route=\/wp\/v2\/users\/6"}],"replies":[{"embeddable":true,"href":"https:\/\/zonenklaus.de\/wordpress\/index.php?rest_route=%2Fwp%2Fv2%2Fcomments&post=4894"}],"version-history":[{"count":34,"href":"https:\/\/zonenklaus.de\/wordpress\/index.php?rest_route=\/wp\/v2\/posts\/4894\/revisions"}],"predecessor-version":[{"id":37934,"href":"https:\/\/zonenklaus.de\/wordpress\/index.php?rest_route=\/wp\/v2\/posts\/4894\/revisions\/37934"}],"wp:attachment":[{"href":"https:\/\/zonenklaus.de\/wordpress\/index.php?rest_route=%2Fwp%2Fv2%2Fmedia&parent=4894"}],"wp:term":[{"taxonomy":"category","embeddable":true,"href":"https:\/\/zonenklaus.de\/wordpress\/index.php?rest_route=%2Fwp%2Fv2%2Fcategories&post=4894"},{"taxonomy":"post_tag","embeddable":true,"href":"https:\/\/zonenklaus.de\/wordpress\/index.php?rest_route=%2Fwp%2Fv2%2Ftags&post=4894"}],"curies":[{"name":"wp","href":"https:\/\/api.w.org\/{rel}","templated":true}]}}