{"id":4936,"date":"2009-11-11T23:47:26","date_gmt":"2009-11-11T22:47:26","guid":{"rendered":"http:\/\/12decode.de\/zonenklaus\/wordpress\/?p=4936"},"modified":"2021-07-13T14:03:53","modified_gmt":"2021-07-13T13:03:53","slug":"meine-buttenrede","status":"publish","type":"post","link":"https:\/\/zonenklaus.de\/wordpress\/?p=4936","title":{"rendered":"Meine B\u00fcttenrede"},"content":{"rendered":"<p>Mein Weib hat recht, in mir steckt ein Hang zum Messie, allerdings flog heute der Inhalt von zwei Bananenkisten in die Tonne. Trotzdem blieb etwas an meinen H\u00e4nden kleben, u.a. dieser letzte Gru\u00df von <a href=\"http:\/\/de.wikipedia.org\/wiki\/Gerulf_Pannach\">Gerulf<\/a>, allerdings von der Witwe geschrieben.<a href=\"http:\/\/12decode.de\/zonenklaus\/wordpress\/wp-content\/uploads\/2009\/11\/gerulfaa.jpg\"><img loading=\"lazy\" decoding=\"async\" class=\"alignleft size-thumbnail wp-image-4937\" src=\"http:\/\/12decode.de\/zonenklaus\/wordpress\/wp-content\/uploads\/2009\/11\/gerulfaa-150x150.jpg\" alt=\"\" width=\"150\" height=\"150\" \/><\/a><br \/>\nBeim anschlie\u00dfenden Versuch gesammelte Zeitungsartikel in die Tonne zu treten, traf mich eine F\u00fcgung, wer wei\u00df wo her. Kurz vorher waren ein Haufen B\u00fccher im Papierm\u00fcll gelandet, alles gepflegte Ausgaben. Diesen Entsorger nur einen Kulturbolschewisten zu bezeichnen, w\u00fcrde der Angelegenheit nicht gerecht werden &#8211; Becket, Fontane, Huxley, London, Majakowski, M\u00fchsam usw.<br \/>\nEin lustige Ausgabe befand sich auch darunter und diese wurde ausgerechnet zum Muttertag verschenkt: \u201eDie Geschichte der Hexen und Hexenprozesse&#8221;. Was mag sich Annemie dabei gedacht haben?<a href=\"http:\/\/12decode.de\/zonenklaus\/wordpress\/wp-content\/uploads\/2009\/11\/hexenb.jpg\"><img loading=\"lazy\" decoding=\"async\" class=\"alignleft size-thumbnail wp-image-4939\" src=\"http:\/\/12decode.de\/zonenklaus\/wordpress\/wp-content\/uploads\/2009\/11\/hexenb-150x150.jpg\" alt=\"\" width=\"150\" height=\"150\" \/><\/a><br \/>\nHier muss ich etwas einschieben.<br \/>\nSchon herb, mein Weg f\u00fchrt mich seit geraumer Zeit in jene bestimmte Sackgasse, die immer finsterer wird. Das ph\u00e4nomenales Ged\u00e4chtnis f\u00fcr Daten jeglicher Art, Biographien und Literatur macht den Abflug. Die allgemeine Merkf\u00e4higkeit l\u00e4sst mich m\u00e4chtig im Stich. Besonders f\u00e4llt es mir bei Musik auf, noch vor wenigen Jahren gen\u00fcgten ein paar T\u00f6ne und sofort erkannte ich Interpreten nebst Songtitel&#8230;<br \/>\nVor mehreren Tagen war es nicht m\u00f6glich, zeitlose Gedichte von einigen Schreibern abzurufen, dabei fiel auch Pannachs Name.<br \/>\nHeute nun, kam durch sein Bild die Erinnerung wieder und ich wurde im Netz auf Anhieb f\u00fcndig.<br \/>\nDiese Zeilen &#8211; in der Zone <em>(auch Gerulf gelang es nicht, mir dieses Wort abzugew\u00f6hnen)<\/em> verzapft &#8211; sind heute aktueller denn je.<!--more--><\/p>\n<p><strong>&#8230;Mensch, wir werden fett gef\u00fcttert.<br \/>\nMit Kampagnen immer neu.<br \/>\nUnd ich krieg das gro\u00dfe Kotzen.<br \/>\nMensch, ich fra\u00df schon massig Heu&#8230;<\/strong><\/p>\n<p>Hier noch ein Mehrzeiler vom alten <a href=\"https:\/\/books.google.de\/books?id=PzkZBwAAQBAJ&amp;pg=PA177&amp;lpg=PA177&amp;dq=Matte+Fliegen!+Wie+sie+rasen!Wie+sie,+sumsend+%C3%BCber+eck,Ihren+kleinen+Fliegendreck,Tr%C3%A4ufeln+auf+Tyrannennasen!&amp;source=bl&amp;ots=OdLoodMNtL&amp;sig=ACfU3U0reoqYxCiuY4Y4NeDq2s032foyhg&amp;hl=de&amp;sa=X&amp;ved=2ahUKEwiQsIXli-DxAhU8g_0HHeoeCJYQ6AEwA3oECA0QAw#v=onepage&amp;q=Matte%20Fliegen!%20Wie%20sie%20rasen!Wie%20sie%2C%20sumsend%20%C3%BCber%20eck%2CIhren%20kleinen%20Fliegendreck%2CTr%C3%A4ufeln%20auf%20Tyrannennasen!&amp;f=false\">Geheimrat<\/a>, passt total auf gr\u00fcne \u201ePolitexperimentiere&#8221;, <em>(das mit der Versuchsreihe hat der Obergr\u00fcne aus dem Saarland abgelassen)<\/em> Er findet dieses blass-bunte \u201eExperiment&#8221; sehr spannend &#8211; auch so ein Probierpolitiker&#8230;<br \/>\nEin Experiment w\u00fcrde ich anders deuten, jedem gutmenschelnden Weichei gehen doch gewisse theoretische Erkenntnisse, die er in die Tat umsetzen muss, schlicht an seinem verl\u00e4ngerten R\u00fccken vorbei. Wenn dieser Probelauf wenigstens an einer Mauer enden w\u00fcrde, nein, \u201epolitisch korrekt&#8221; wird daraus nur ein Ausflug in die sp\u00e4teren Gefilde der Altersversorgung&#8230;<\/p>\n<p><strong>Matte Fliegen! Wie sie rasen!<br \/>\nWie sie, sumsend \u00fcberkeck,<br \/>\nIhren kleinen Fliegendreck,<br \/>\nTr\u00e4ufeln auf Tyrannennasen!<\/strong><\/p>\n<p>&#8211; Momentan sind doch nur, <em>feinsinnige<\/em> Schmeichler, verbale Schwanzlutscher und B\u00fcttenredner unterwegs. Damit meine ich nicht nur den heutigen Tag.<br \/>\nDie Herangehensweisen an Themen sind fast kongruent, f\u00fcr diese Pfeifen verschieben sich lediglich die Ebenen. Die kranken Lobhudeleien und Verkl\u00e4rungen anl\u00e4sslich des 9. Novembers <em>(ich mein den von 1989)<\/em> hallen noch nach, schon schie\u00dfen sich die Medien auf den Ball-Reinlasser aus Niedersachsen ein.<br \/>\nWieso quatscht \u00fcberhaupt jeder von<em> seinem Selbstmord<\/em>? Der Mann hat freiwillig sein Leben zur\u00fcckgegeben, ergo den <em>Freitod<\/em> gew\u00e4hlt!<br \/>\nEr war seiner gro\u00dfen Aufgabe nicht gewachsen und brachte sie auf seine Art zum Abschluss. Solche Gr\u00f6\u00dfe besa\u00dfen vorm ihm nur Barschel <em>(Uwe wurde allerdings nicht sehr vorteilhaft abgelichtet &#8211; aber als Volltreffer f\u00fcr die Medien ging sein<a href=\"https:\/\/nzzas.nzz.ch\/hintergrund\/uwe-barschel-politiker-wird-tot-aufgefunden-ld.1536437?reduced=true\"> Konterfei<\/a> um den Globus)<\/em> und M\u00f6llemann, allerdings haben sich beide mit etwas mehr Respekt verabschiedet. Dies konnte ich in den letzten Jahren auch bei vielen Heranwachsenden erleben. Allerdings lagen die Gr\u00fcnde ihrer nicht korrigierbaren Handlungen meistens in den Elternh\u00e4usern. Bei manchen dieser Lebenslichtausknipser empfand ich es im Nachhinein als Erl\u00f6sung. Da waren Kids drunter, die jahrelang mit p\u00e4dagogischen Defiziten ihrer \u201eErziehungsberechtigten&#8221; maltr\u00e4tiert wurden, dass sie letztlich auf traurige Art implodierten&#8230;<br \/>\nGut, wenn sich jemand hinter einen Zug schmei\u00dft, ist es mir Wurscht, das sieht aber im umgekehrten Fall etwas anders aus&#8230;<br \/>\nDar\u00fcber m\u00f6chte ich mich aber nicht weiter auslassen. In der U- oder S-Bahn, besteht zumindest im Bahnhofsbereich die M\u00f6glichkeit auszusteigen und zu verschwinden, in der Pampa ist es \u00fcberhaupt nicht machbar. Ich m\u00f6chte nicht wissen, wie lange es dauerte, bis die Fahrg\u00e4ste erfuhren, was dort vorgefallen war. Anschlie\u00dfend stundenlange Warterei bis die Polizei mit der Spurensicherung fertig ist, erst dann taucht ein Ersatzfahrzeug auf&#8230;<\/p>\n","protected":false},"excerpt":{"rendered":"<p>Mein Weib hat recht, in mir steckt ein Hang zum Messie, allerdings flog heute der Inhalt von zwei Bananenkisten in die Tonne. Trotzdem blieb etwas an meinen H\u00e4nden kleben, u.a. dieser letzte Gru\u00df von Gerulf, allerdings von der Witwe geschrieben. Beim anschlie\u00dfenden Versuch gesammelte Zeitungsartikel in die Tonne zu treten, traf mich eine F\u00fcgung, wer [&hellip;]<\/p>\n","protected":false},"author":6,"featured_media":0,"comment_status":"open","ping_status":"closed","sticky":false,"template":"","format":"standard","meta":{"footnotes":""},"categories":[1],"tags":[],"class_list":["post-4936","post","type-post","status-publish","format-standard","hentry","category-allgemeines"],"_links":{"self":[{"href":"https:\/\/zonenklaus.de\/wordpress\/index.php?rest_route=\/wp\/v2\/posts\/4936","targetHints":{"allow":["GET"]}}],"collection":[{"href":"https:\/\/zonenklaus.de\/wordpress\/index.php?rest_route=\/wp\/v2\/posts"}],"about":[{"href":"https:\/\/zonenklaus.de\/wordpress\/index.php?rest_route=\/wp\/v2\/types\/post"}],"author":[{"embeddable":true,"href":"https:\/\/zonenklaus.de\/wordpress\/index.php?rest_route=\/wp\/v2\/users\/6"}],"replies":[{"embeddable":true,"href":"https:\/\/zonenklaus.de\/wordpress\/index.php?rest_route=%2Fwp%2Fv2%2Fcomments&post=4936"}],"version-history":[{"count":22,"href":"https:\/\/zonenklaus.de\/wordpress\/index.php?rest_route=\/wp\/v2\/posts\/4936\/revisions"}],"predecessor-version":[{"id":36838,"href":"https:\/\/zonenklaus.de\/wordpress\/index.php?rest_route=\/wp\/v2\/posts\/4936\/revisions\/36838"}],"wp:attachment":[{"href":"https:\/\/zonenklaus.de\/wordpress\/index.php?rest_route=%2Fwp%2Fv2%2Fmedia&parent=4936"}],"wp:term":[{"taxonomy":"category","embeddable":true,"href":"https:\/\/zonenklaus.de\/wordpress\/index.php?rest_route=%2Fwp%2Fv2%2Fcategories&post=4936"},{"taxonomy":"post_tag","embeddable":true,"href":"https:\/\/zonenklaus.de\/wordpress\/index.php?rest_route=%2Fwp%2Fv2%2Ftags&post=4936"}],"curies":[{"name":"wp","href":"https:\/\/api.w.org\/{rel}","templated":true}]}}