{"id":4960,"date":"2009-11-15T22:27:31","date_gmt":"2009-11-15T21:27:31","guid":{"rendered":"http:\/\/12decode.de\/zonenklaus\/wordpress\/?p=4960"},"modified":"2009-11-22T14:18:09","modified_gmt":"2009-11-22T13:18:09","slug":"prinz-charly-hatte-gestern-geburtstag","status":"publish","type":"post","link":"https:\/\/zonenklaus.de\/wordpress\/?p=4960","title":{"rendered":"Prinz Charly hatte gestern Geburtstag"},"content":{"rendered":"<p><a href=\"http:\/\/12decode.de\/zonenklaus\/wordpress\/wp-content\/uploads\/2009\/11\/gab-a1.jpg\"><img loading=\"lazy\" decoding=\"async\" class=\"alignleft size-thumbnail wp-image-4963\" src=\"http:\/\/12decode.de\/zonenklaus\/wordpress\/wp-content\/uploads\/2009\/11\/gab-a1-150x150.jpg\" alt=\"\" width=\"150\" height=\"150\" \/><\/a>Der Gabentisch von Prinz Charly wird sicher anders ausgesehen haben. Bin mir aber sicher, er hing nicht auf so einer lustigen F\u00eate rum&#8230; <em>(Ich bin ein paar Stunden \u00e4lter)<\/em><br \/>\nWenn ich nur an seine griesgr\u00e4mige Mammi denke&#8230;<br \/>\nBeginnen werde ich ich wie ein ganz wichtiger Probierpolitiker. \u201eLassen Sie mich bitte einen Satz sagen! Ich bedanke mich bei allen G\u00e4sten, wegen der guten Laune, dem Appetit, dem Durst und f\u00fcr die Pr\u00e4sente.&#8221;<br \/>\nFange mal an, einiges \u00fcber die Geschenke abzulassen.<br \/>\n<a href=\"http:\/\/12decode.de\/zonenklaus\/wordpress\/wp-content\/uploads\/2009\/11\/gutschein-a.jpg\"><img loading=\"lazy\" decoding=\"async\" class=\"alignleft size-thumbnail wp-image-4965\" src=\"http:\/\/12decode.de\/zonenklaus\/wordpress\/wp-content\/uploads\/2009\/11\/gutschein-a-150x150.jpg\" alt=\"\" width=\"150\" height=\"150\" \/><\/a>Die Rechnung auf dem Gutschein von Micha und Annette stimmt nicht ganz, es war mein 62ster Geburtstag! Aber fast alle z\u00e4hlen bekanntlich die Summe dieser Tage falsch&#8230; Jedenfalls kann ich mich jetzt mit meinem digitalen M\u00fcll mehr ausschei\u00dfen, wegen der erhaltenen 1073741824 bytes bei ZK.de.<!--more--><br \/>\nDas D\u00f6chting <em>(Eine sehr reisefreudige Pers\u00f6nlichkeit &#8211; unsereins d\u00fcst nur kurze Strecken mit einem Drahtesel durch die hiesigen H\u00e4userschluchten, gut, f\u00fcr l\u00e4ngerer Wege benutze ich auch schon mal die Verkehrsmittel als Schattenfahrer, sie kann es sich leisten zu jetten. Allerdings nicht als Schwarzfliegerin.)<\/em> meines Weibes, brachte mir aus Kerala einige Kampfdrachen mit. <a href=\"http:\/\/12decode.de\/zonenklaus\/wordpress\/wp-content\/uploads\/2009\/11\/kitedealer-a.jpg\"><img loading=\"lazy\" decoding=\"async\" class=\"alignleft size-thumbnail wp-image-4969\" title=\"\u00a9PhotoAnnaHecht - Drachenh\u00e4ndler am Strand \" src=\"http:\/\/12decode.de\/zonenklaus\/wordpress\/wp-content\/uploads\/2009\/11\/kitedealer-a-150x150.jpg\" alt=\"\u00a9PhotoAnnaHecht - Drachenh\u00e4ndler am Strand \" width=\"150\" height=\"150\" \/><\/a>Schade, mir ist hier niemanden mehr bekannt, der diese Teile auch fliegt. Macht richtig Laune den Gegner mit Hilfe einer Glasschnur zu besiegen.<br \/>\nDiesen kleinen Biester k\u00f6nnen den Leuten am Radar m\u00e4chtig auf die N\u00fcsse zu gehen, denn alle sind aus feiner Alufolie gefertigt.<br \/>\n<a href=\"http:\/\/12decode.de\/zonenklaus\/wordpress\/wp-content\/uploads\/2009\/11\/img_8457-a.jpg\"><img loading=\"lazy\" decoding=\"async\" class=\"alignleft size-thumbnail wp-image-4972\" src=\"http:\/\/12decode.de\/zonenklaus\/wordpress\/wp-content\/uploads\/2009\/11\/img_8457-a-150x150.jpg\" alt=\"\" width=\"150\" height=\"150\" \/><\/a>Die beiden Kn\u00e4ufe aus einem j\u00fcdischen Basar, sind bereits  an einer Schrankt\u00fcr befestigt worden. Alle Kleinigkeiten rundetet ein Kinderspielzeug ab.<a href=\"http:\/\/12decode.de\/zonenklaus\/wordpress\/wp-content\/uploads\/2009\/11\/spielzeug.jpg\"><img loading=\"lazy\" decoding=\"async\" class=\"alignleft size-thumbnail wp-image-4975\" src=\"http:\/\/12decode.de\/zonenklaus\/wordpress\/wp-content\/uploads\/2009\/11\/spielzeug-150x150.jpg\" alt=\"\" width=\"150\" height=\"150\" \/><\/a> Dieses Teil wird mit Hilfe eines Gummis in die Luft katapultiert und durch seine aerodynamische Form trudelt das Geschoss, wie der Samen vom Ahorn zur\u00fcck. Was sicher durch den LED sehr witzig aussieht. Wird bei der n\u00e4chsten regenfreien Nacht ausprobiert.<br \/>\nWie in Teamwork erhielt ich zu jedem Buch auch entsprechende geistige Getr\u00e4nke. Vino, mehrere Buddeln \u201eGrappa&#8221;, \u201eHavanna Club&#8221;, Tuntendiesel von \u201eBaileys&#8221;<strong>*<\/strong> (+Tabasco), irischen Whisky und Kognak, der allerdings auch als Medizin zu verstehen ist. Zwar werden mir Fetzen der Leber abhanden kommen, aber dieses Ges\u00f6ff eignet sich zur Prophylaxe bei Schweinegrippe.<\/p>\n<p><a href=\"http:\/\/12decode.de\/zonenklaus\/wordpress\/wp-content\/uploads\/2009\/11\/a1h1-a.jpg\"><img loading=\"lazy\" decoding=\"async\" class=\"alignleft size-medium wp-image-4978\" src=\"http:\/\/12decode.de\/zonenklaus\/wordpress\/wp-content\/uploads\/2009\/11\/a1h1-a-92x300.jpg\" alt=\"\" width=\"92\" height=\"300\" srcset=\"https:\/\/zonenklaus.de\/wordpress\/wp-content\/uploads\/2009\/11\/a1h1-a-92x300.jpg 92w, https:\/\/zonenklaus.de\/wordpress\/wp-content\/uploads\/2009\/11\/a1h1-a-314x1024.jpg 314w, https:\/\/zonenklaus.de\/wordpress\/wp-content\/uploads\/2009\/11\/a1h1-a.jpg 537w\" sizes=\"auto, (max-width: 92px) 100vw, 92px\" \/><\/a><a href=\"http:\/\/12decode.de\/zonenklaus\/wordpress\/wp-content\/uploads\/2009\/11\/a1h2-a.jpg\"><img loading=\"lazy\" decoding=\"async\" class=\"alignleft size-medium wp-image-4979\" src=\"http:\/\/12decode.de\/zonenklaus\/wordpress\/wp-content\/uploads\/2009\/11\/a1h2-a-93x300.jpg\" alt=\"\" width=\"93\" height=\"300\" \/><\/a><a href=\"http:\/\/12decode.de\/zonenklaus\/wordpress\/wp-content\/uploads\/2009\/11\/a1h3-a.jpg\"><img loading=\"lazy\" decoding=\"async\" class=\"alignleft size-medium wp-image-4981\" src=\"http:\/\/12decode.de\/zonenklaus\/wordpress\/wp-content\/uploads\/2009\/11\/a1h3-a-92x300.jpg\" alt=\"\" width=\"92\" height=\"300\" \/><\/a><a href=\"http:\/\/12decode.de\/zonenklaus\/wordpress\/wp-content\/uploads\/2009\/11\/a1h4-a.jpg\"><img loading=\"lazy\" decoding=\"async\" class=\"alignleft size-medium wp-image-4982\" src=\"http:\/\/12decode.de\/zonenklaus\/wordpress\/wp-content\/uploads\/2009\/11\/a1h4-a-95x300.jpg\" alt=\"\" width=\"95\" height=\"300\" srcset=\"https:\/\/zonenklaus.de\/wordpress\/wp-content\/uploads\/2009\/11\/a1h4-a-95x300.jpg 95w, https:\/\/zonenklaus.de\/wordpress\/wp-content\/uploads\/2009\/11\/a1h4-a-325x1024.jpg 325w, https:\/\/zonenklaus.de\/wordpress\/wp-content\/uploads\/2009\/11\/a1h4-a.jpg 555w\" sizes=\"auto, (max-width: 95px) 100vw, 95px\" \/><\/a><\/p>\n<p><a href=\"http:\/\/12decode.de\/zonenklaus\/wordpress\/wp-content\/uploads\/2009\/11\/desin-a.jpg\"><img loading=\"lazy\" decoding=\"async\" class=\"alignleft size-medium wp-image-4988\" src=\"http:\/\/12decode.de\/zonenklaus\/wordpress\/wp-content\/uploads\/2009\/11\/desin-a-225x300.jpg\" alt=\"\" width=\"225\" height=\"300\" srcset=\"https:\/\/zonenklaus.de\/wordpress\/wp-content\/uploads\/2009\/11\/desin-a-225x300.jpg 225w, https:\/\/zonenklaus.de\/wordpress\/wp-content\/uploads\/2009\/11\/desin-a-768x1024.jpg 768w, https:\/\/zonenklaus.de\/wordpress\/wp-content\/uploads\/2009\/11\/desin-a.jpg 1056w\" sizes=\"auto, (max-width: 225px) 100vw, 225px\" \/><\/a>Zu dem Folianten der sich mit Gitarren befasst, werde ich gesondert eingehen.<br \/>\nNicht zu vergessen die Fressereien: Erdnusskerne mit Chili aus Indien, ein Wurstpaket aus der kalten Heimat, Johannisbeer- und Quittengelee, Schokokreationen von Lindt und Hachez  &#8211; Granatapfel\/Mango mit Chili und weitere Gesundheitsf\u00f6rdernde W\u00e4sserchen: Chilimedizin, Gr\u00fcne-Nuss-Magenbitter. Nicht zu vergessen, eine frische Ente<em> (Die Schenkerin erkl\u00e4rte mir, ihr sei das eigentliche Pr\u00e4sent im h\u00e4uslichen Bermudadreieck abhanden gekommen, deshalb diese Notl\u00f6sung &#8211; jene Mentalit\u00e4t aus dem heutigen Bundestag f\u00e4rbt m\u00e4chtig ab.)<\/em><br \/>\n<a href=\"http:\/\/12decode.de\/zonenklaus\/wordpress\/wp-content\/uploads\/2009\/11\/weil-a.jpg\"><img loading=\"lazy\" decoding=\"async\" class=\"alignleft size-medium wp-image-5000\" src=\"http:\/\/12decode.de\/zonenklaus\/wordpress\/wp-content\/uploads\/2009\/11\/weil-a-300x225.jpg\" alt=\"\" width=\"300\" height=\"225\" srcset=\"https:\/\/zonenklaus.de\/wordpress\/wp-content\/uploads\/2009\/11\/weil-a-300x225.jpg 300w, https:\/\/zonenklaus.de\/wordpress\/wp-content\/uploads\/2009\/11\/weil-a-1024x768.jpg 1024w, https:\/\/zonenklaus.de\/wordpress\/wp-content\/uploads\/2009\/11\/weil-a.jpg 1408w\" sizes=\"auto, (max-width: 300px) 100vw, 300px\" \/><\/a>Wenn ich trotzdem darnieder liege, sei es, weil irgendeine schweinische Grippe mich hin rafft, oder \u00fcberm\u00e4\u00dfiger Alkoholgenuss das Lesen erschwert, geht es kurzfristig mit CD\u00b4s weiter, einem witzigen Zusammenschnitt von Brecht\/Weil mit den verschiedensten Interpreten aus dem letzten Jahrhundert.<\/p>\n<p><strong>*) <\/strong>Seit vielen Jahrzehnten tue ich aktiv etwas f\u00fcr den Erhalt von Arbeitspl\u00e4tzen in der Alkoholproduktion, saufe au\u00dfer Roh\u00f6l und Stacheldraht fast alles und mir blieb bis letzter Woche der \u201eOrgasmus&#8221; unbekannt, ein fiftyfifty Gemisch aus Baileys und Sambuca. Nach dem Abgang erinnerte mich der Geschmack an die Sahnebonbons aus Kindheitstagen.<\/p>\n","protected":false},"excerpt":{"rendered":"<p>Der Gabentisch von Prinz Charly wird sicher anders ausgesehen haben. Bin mir aber sicher, er hing nicht auf so einer lustigen F\u00eate rum&#8230; (Ich bin ein paar Stunden \u00e4lter) Wenn ich nur an seine griesgr\u00e4mige Mammi denke&#8230; Beginnen werde ich ich wie ein ganz wichtiger Probierpolitiker. \u201eLassen Sie mich bitte einen Satz sagen! Ich bedanke [&hellip;]<\/p>\n","protected":false},"author":6,"featured_media":0,"comment_status":"open","ping_status":"closed","sticky":false,"template":"","format":"standard","meta":{"footnotes":""},"categories":[1],"tags":[],"class_list":["post-4960","post","type-post","status-publish","format-standard","hentry","category-allgemeines"],"_links":{"self":[{"href":"https:\/\/zonenklaus.de\/wordpress\/index.php?rest_route=\/wp\/v2\/posts\/4960","targetHints":{"allow":["GET"]}}],"collection":[{"href":"https:\/\/zonenklaus.de\/wordpress\/index.php?rest_route=\/wp\/v2\/posts"}],"about":[{"href":"https:\/\/zonenklaus.de\/wordpress\/index.php?rest_route=\/wp\/v2\/types\/post"}],"author":[{"embeddable":true,"href":"https:\/\/zonenklaus.de\/wordpress\/index.php?rest_route=\/wp\/v2\/users\/6"}],"replies":[{"embeddable":true,"href":"https:\/\/zonenklaus.de\/wordpress\/index.php?rest_route=%2Fwp%2Fv2%2Fcomments&post=4960"}],"version-history":[{"count":50,"href":"https:\/\/zonenklaus.de\/wordpress\/index.php?rest_route=\/wp\/v2\/posts\/4960\/revisions"}],"predecessor-version":[{"id":5013,"href":"https:\/\/zonenklaus.de\/wordpress\/index.php?rest_route=\/wp\/v2\/posts\/4960\/revisions\/5013"}],"wp:attachment":[{"href":"https:\/\/zonenklaus.de\/wordpress\/index.php?rest_route=%2Fwp%2Fv2%2Fmedia&parent=4960"}],"wp:term":[{"taxonomy":"category","embeddable":true,"href":"https:\/\/zonenklaus.de\/wordpress\/index.php?rest_route=%2Fwp%2Fv2%2Fcategories&post=4960"},{"taxonomy":"post_tag","embeddable":true,"href":"https:\/\/zonenklaus.de\/wordpress\/index.php?rest_route=%2Fwp%2Fv2%2Ftags&post=4960"}],"curies":[{"name":"wp","href":"https:\/\/api.w.org\/{rel}","templated":true}]}}