{"id":5034,"date":"2009-11-16T22:52:02","date_gmt":"2009-11-16T21:52:02","guid":{"rendered":"http:\/\/12decode.de\/zonenklaus\/wordpress\/?p=5034"},"modified":"2009-11-17T09:58:23","modified_gmt":"2009-11-17T08:58:23","slug":"mal-%e2%80%9ehuh-mal-%e2%80%9ehot","status":"publish","type":"post","link":"https:\/\/zonenklaus.de\/wordpress\/?p=5034","title":{"rendered":"Mal \u201eH\u00fch&#8221;- mal \u201eHot&#8221;!"},"content":{"rendered":"<p>Kulturzeit wird auch immer flacher.<br \/>\nSchon der Vorspann nervt, ich finde ihn reichlich faschistoid&#8230;<br \/>\nHeute ein Thema, was f\u00fcr mich nie eins darstellte, weder im Osten noch hier: \u201e<a href=\"http:\/\/www.3sat.de\/mediathek\/?mode=play&amp;obj=15484\">Die R\u00fcckkehr des Kriegsspielzeugs<\/a>&#8220;. Verstehe ich nicht. Politisch korrekt m\u00fcsste der Titel aber anders lauten: &#8220;Die R\u00fcckkehr des Freiheitsverteidigungsspielzeugs&#8221;, oder?<br \/>\nWitzig, wie sich jetzt P\u00fccholochen und sogar Popen winden, um deren Spielwert zu rechtfertigen. Auf die gewichtigen Betrachtungen von Mutti Schulte m\u00f6chte ich nicht eingehen. Ist der Name ihres Ablegers (Finn) lediglich eine deutsche Verniedlichung des skandinavischen Rufnamens: <a href=\"http:\/\/www.finn-land.net\/finnland-f\/finnendolch.htm\">Puukko<\/a>?<br \/>\nNun zu meinen kindlichen Erfahrungen.<br \/>\nZwar fielen mir beim St\u00f6bern in einem Schrankkoffer auf unserem Dachboden, auch Soldaten und Fahrzeuge in die H\u00e4nde, aber alles Wehrmachtszeug. Indianer, Cowboys lie\u00df man gerade noch durchgehen.  Ausgepr\u00e4gter Drang in diese Richtung war mir eigentlich fremd, ich spielte lieber mit dem Stein- oder Stabilbaukasten und meiner elektrischen Eisenbahn.<br \/>\nAllerdings lag ich manchmal stundenlang im oberen Flur und schoss mit einer Armbrust auf einen sch\u00f6n bemalten Adler aus Sperrholz, auf den schon Opa ballerte. Der Vogel war ungef\u00e4hr 80 cm hoch und 60 cm breit. Man konnte mit Pfeilen, die mit Saugkn\u00f6pfen versehen waren, Kopf, Schwanz, seitlich mehrere Federn abknallen, steckte ihn anschlie\u00dfend wieder zusammen und weiter ging es.<br \/>\nMit 10 Jahren baute ich mir Flitzeb\u00f6gen aus Eberesche und Haselnuss, alles unter Aufsicht vom Gro\u00dfvater. Er gab mir ein Jahr sp\u00e4ter einen gigantischen Tipp, als n\u00e4chstes wurde aus einem gro\u00dfen Herrenregenschirm eine Bogen hergestellt, der Haltegriff entfernt, und das Oberteil mit Bindedraht zusammen ger\u00f6delt, die Sehne bestand aus einer Klaviersaite. Als Pfeile dienten Goldrautenstiele oder d\u00fcnnen Haselnussgerten. Nebenbei wurde mir auch beigebracht richtige Zwillen zubauen.<!--more--><br \/>\nDann begann ich wegen eines Repetier Luftgewehres zu nerven, Opa fand die Idee nicht gut, legte noch 35 Mark drauf und kaufte einen Knicker. Au\u00dferdem lie\u00df sich verbotenerweise die eingebaute Feder austauschen und gegen eine wesentlich st\u00e4rkere aus einem bestimmten Moped austauschen.<br \/>\nSchon zu Beginn dieser Phase musste ich gabeln, niemals meine Schie\u00dfger\u00e4tschaften auch nur in Richtung von Lebewesen zuhalten, geschweige auf sie zu schie\u00dfen. Aus Respekt kam es mir auch niemals in den Sinn.<br \/>\nJahre danach waren gute Schie\u00dfergebnisse beim Barras der billigste Weg, um an Sonderurlaub zukommen. Bei wirklich jeder Schie\u00df\u00fcbung gelang es mir \u201eEinsen&#8221; zu erreichen. Anfangs mit der <a href=\"http:\/\/www.youtube.com\/watch?v=dXiO2EHvOyY\">AK47<\/a>, dann der <a href=\"http:\/\/de.wikipedia.org\/wiki\/RPG-2\">RPG-2 <\/a>, sp\u00e4ter mit dem <a href=\"http:\/\/de.wikipedia.org\/wiki\/RPD_%28Maschinengewehr%29\">Degtjarow<\/a> und parallel dazu die <a href=\"http:\/\/de.wikipedia.org\/wiki\/Makarow_%28Pistole%29\">Makarow<\/a>. Nicht etwa, weil ein theoretischer Killer in mir schlummerte, nee, nur raus aus dem Stall und zum Wochenende eine Kirsche zum Entsaften finden&#8230;<br \/>\nAm Krieg spielen fand ich nie richtigen Spa\u00df, bin wirklich sehr froh, dass dieser Kelch an mir vor\u00fcber ging.<\/p>\n<p>Was einem heutigen P\u00fccholochen scheinbar nicht bekannt ist, kaum kann sich ein Knirps ansatzweise lotrecht fortbewegen und etwas plappern wird jedes St\u00fcckchen Holz ein Messer oder ein Schie\u00dfger\u00e4t. Bei dem Ableger meiner Freundin war dies auch nicht anders, im Gegenteil, der steckte sogar seine zwei Jahre \u00e4ltere Schwester nachtr\u00e4glich an.<br \/>\nZweimal wurde er von mir verwarnt <em>(ohne Grundsatzdiskussion)<\/em>, wenn er auf mich los ging. Lie\u00df nur eine simple Erkl\u00e4rung dazu ab, dass ich gr\u00f6\u00dfer und st\u00e4rker sei, nebenbei verlangte, es bei anderen auch nicht mehr zu versuchen und ihm die Utensilien abnehmen w\u00fcrde. Der Bub lernte sehr schnell.<br \/>\n<a href=\"http:\/\/12decode.de\/zonenklaus\/wordpress\/wp-content\/uploads\/2009\/11\/img_8470-a.jpg\"><img loading=\"lazy\" decoding=\"async\" class=\"alignleft size-thumbnail wp-image-5058\" title=\"Sogar mit H\u00e4uschen was sich in eine Ruine verwandeln l\u00e4sst\" src=\"http:\/\/12decode.de\/zonenklaus\/wordpress\/wp-content\/uploads\/2009\/11\/img_8470-a-150x150.jpg\" alt=\"Sogar mit H\u00e4uschen was sich in eine Ruine verwandeln l\u00e4sst\" width=\"150\" height=\"150\" \/><\/a>Nach einigen Jahren erhielt er von mir ein Beutel mit kleinen Panzern und anderen milit\u00e4rischen Pillepalle. Gab das ein Gezeter von Mama und Papa <em>(einem P\u00fcchologen)<\/em>, allerdings setzte ich mich durch. Bat den Jungen aber, alles immer in dem Beh\u00e4ltnis zu verstauen, um es vielleicht anderweitig zu verschenken. Irgendwann lag das Teil dann l\u00e4nger im Regal und er registrierte gar nicht, als es verschwand, fragte auch niemals danach.<br \/>\nDas Gelaber seiner Eltern wiederholte sich, als der Knabe von mir einen gro\u00dfen, funktionsunf\u00e4higen Z\u00fcndpl\u00e4ttchenrevolver geschenkt bekam. Der wurde kurz darauf gegen etwas getauscht&#8230;<br \/>\nToll finde ich ja in diesem Zusammenhang, wie schleichend der Sinneswandel vonstatten geht und eine ehemals progressive Sendung sich als Basis daf\u00fcr hergibt. Wer sich jetzt noch als P\u00fccholoche oder Pope in den hinteren Reihen befindet, wird in der kommenden Zeit als \u201eExperte&#8221; auf den ersten Pl\u00e4tzen seinen Salm ablassen k\u00f6nnen. Was mit Ruhm, Ehre und Knete verbunden ist.<br \/>\nHerr von und zu Guttenberg \u00e4u\u00dfert sich auch schon ganz sachte \u00fcber \u201ekriegerische Handlungen&#8221; am Hindukusch. Kriegsminister wir man ihn demn\u00e4chst noch nicht nennen, vielleicht gutmenschelnd und politisch korrekt: Minister f\u00fcr \u201e\u00e4u\u00dfere Verteidigung&#8221;.<br \/>\nTante S. muss sich auch noch anstrengen, bei nur einem \u201eFinn&#8221; kann sie noch nicht auf das Mutterkreuz hoffen&#8230;<\/p>\n<p>In \u201eKulturzeit&#8221; ging es ja \u00fcbergangslos weiter, mit der merkw\u00fcrdigen Trauerfeier f\u00fcr Bob E.<br \/>\nSchon hockte wieder ein P\u00fccholoche im Hintergrund.<br \/>\nVielleicht wechselt demn\u00e4chst auch die Teilnehmerzahl in einem Stadion, wenn auf dem Rasen mehr Kisten drapiert werden, als sich Trauerg\u00e4ste auf den R\u00e4ngen befinden. Dem letzteren Problem kann abhelfen werden, Sch\u00fcler bekommen zu solchen Anl\u00e4ssen Schulfrei, Hatzer einen diskreten Wink vom Jobcenter, Obdachlosen erhalten hinterher einen Obolus und eine warme Mahlzeit &#8230;<br \/>\nMir will nicht mehr einfallen, wie die Milit\u00e4rs nach <a href=\"http:\/\/linksunten.indymedia.org\/de\/node\/10540\">nine\/eleven<\/a> ihr Stadion gef\u00fcllt bekamen&#8230;<\/p>\n<p>Beim B\u00fcchersortieren fiel mir jene \u201eAgenda&#8221; 1944 in die H\u00e4nde, eine Brusttaschenprachtausgabe (10 x 7,5 x 1,4, cm) f\u00fcr das <a href=\"http:\/\/www.youtube.com\/watch?v=YXr58BCLRj4\">sch\u00f6ngeistige<\/a> Frontschwein.   <a href=\"http:\/\/12decode.de\/zonenklaus\/wordpress\/wp-content\/uploads\/2009\/11\/titel.jpg\"><img loading=\"lazy\" decoding=\"async\" class=\"alignleft size-thumbnail wp-image-5040\" src=\"http:\/\/12decode.de\/zonenklaus\/wordpress\/wp-content\/uploads\/2009\/11\/titel-150x150.jpg\" alt=\"\" width=\"150\" height=\"150\" \/><\/a><br \/>\n<a href=\"http:\/\/12decode.de\/zonenklaus\/wordpress\/wp-content\/uploads\/2009\/11\/2.jpg\"><img loading=\"lazy\" decoding=\"async\" class=\"alignleft size-thumbnail wp-image-5044\" src=\"http:\/\/12decode.de\/zonenklaus\/wordpress\/wp-content\/uploads\/2009\/11\/2-150x150.jpg\" alt=\"\" width=\"150\" height=\"150\" \/><\/a><a href=\"http:\/\/12decode.de\/zonenklaus\/wordpress\/wp-content\/uploads\/2009\/11\/spruche1.jpg\"><img loading=\"lazy\" decoding=\"async\" class=\"alignleft size-thumbnail wp-image-5045\" src=\"http:\/\/12decode.de\/zonenklaus\/wordpress\/wp-content\/uploads\/2009\/11\/spruche1-150x150.jpg\" alt=\"\" width=\"150\" height=\"150\" \/><\/a><a href=\"http:\/\/12decode.de\/zonenklaus\/wordpress\/wp-content\/uploads\/2009\/11\/1.jpg\"><img loading=\"lazy\" decoding=\"async\" class=\"alignleft size-thumbnail wp-image-5046\" src=\"http:\/\/12decode.de\/zonenklaus\/wordpress\/wp-content\/uploads\/2009\/11\/1-150x150.jpg\" alt=\"\" width=\"150\" height=\"150\" \/><\/a><a href=\"http:\/\/12decode.de\/zonenklaus\/wordpress\/wp-content\/uploads\/2009\/11\/busch.jpg\"><img loading=\"lazy\" decoding=\"async\" class=\"alignleft size-thumbnail wp-image-5049\" src=\"http:\/\/12decode.de\/zonenklaus\/wordpress\/wp-content\/uploads\/2009\/11\/busch-150x150.jpg\" alt=\"\" width=\"150\" height=\"150\" \/><\/a><a href=\"http:\/\/12decode.de\/zonenklaus\/wordpress\/wp-content\/uploads\/2009\/11\/3.jpg\"><img loading=\"lazy\" decoding=\"async\" class=\"alignleft size-thumbnail wp-image-5050\" title=\"Der 16. November\" src=\"http:\/\/12decode.de\/zonenklaus\/wordpress\/wp-content\/uploads\/2009\/11\/3-150x150.jpg\" alt=\"Der 16. November\" width=\"150\" height=\"150\" \/><\/a>Will dazu noch bemerken, dass man dieses Werk f\u00fcr die heutige Zeit zwingend \u00fcberarbeiten muss, viel kleiner herstellen und f\u00fcr den Text eine 20-Punktschrift w\u00e4hlen. Vielleicht sogar als Handy H\u00f6rbuchausgabe, aber nicht mit solchen hochtrabenden Spr\u00fcchen, alles einfacher gehalten, mehr Unterkante Stammtisch. Im Anhang f\u00fcr den traditionsbewussten K\u00e4mpfer &#8211; Musik zum Tr\u00e4umen, \u201e<a href=\"http:\/\/www.youtube.com\/watch?v=xpj4ztF6S1k\">Lili Marleen<\/a>&#8221; oder \u201e<a href=\"http:\/\/www.youtube.com\/watch?v=vma5HQ9pcqw&amp;feature=PlayList&amp;p=4A3B89CD4AC68CA9&amp;playnext=1&amp;playnext_from=PL&amp;index=23\">Im Feld<\/a>&#8230;&#8221; usw.<br \/>\nAllerdings sollte Theodor Fontane trotzdem nicht vergessen werden, mein Vorschlag betrifft eine leicht verst\u00e4ndliche <a href=\"http:\/\/www.hohewarte.de\/MuM\/Jahr2001\/Afghanistan0123.html\">Ode<\/a>.<\/p>\n","protected":false},"excerpt":{"rendered":"<p>Kulturzeit wird auch immer flacher. Schon der Vorspann nervt, ich finde ihn reichlich faschistoid&#8230; Heute ein Thema, was f\u00fcr mich nie eins darstellte, weder im Osten noch hier: \u201eDie R\u00fcckkehr des Kriegsspielzeugs&#8220;. Verstehe ich nicht. Politisch korrekt m\u00fcsste der Titel aber anders lauten: &#8220;Die R\u00fcckkehr des Freiheitsverteidigungsspielzeugs&#8221;, oder? Witzig, wie sich jetzt P\u00fccholochen und sogar [&hellip;]<\/p>\n","protected":false},"author":6,"featured_media":0,"comment_status":"open","ping_status":"closed","sticky":false,"template":"","format":"standard","meta":{"footnotes":""},"categories":[1],"tags":[],"class_list":["post-5034","post","type-post","status-publish","format-standard","hentry","category-allgemeines"],"_links":{"self":[{"href":"https:\/\/zonenklaus.de\/wordpress\/index.php?rest_route=\/wp\/v2\/posts\/5034","targetHints":{"allow":["GET"]}}],"collection":[{"href":"https:\/\/zonenklaus.de\/wordpress\/index.php?rest_route=\/wp\/v2\/posts"}],"about":[{"href":"https:\/\/zonenklaus.de\/wordpress\/index.php?rest_route=\/wp\/v2\/types\/post"}],"author":[{"embeddable":true,"href":"https:\/\/zonenklaus.de\/wordpress\/index.php?rest_route=\/wp\/v2\/users\/6"}],"replies":[{"embeddable":true,"href":"https:\/\/zonenklaus.de\/wordpress\/index.php?rest_route=%2Fwp%2Fv2%2Fcomments&post=5034"}],"version-history":[{"count":32,"href":"https:\/\/zonenklaus.de\/wordpress\/index.php?rest_route=\/wp\/v2\/posts\/5034\/revisions"}],"predecessor-version":[{"id":5075,"href":"https:\/\/zonenklaus.de\/wordpress\/index.php?rest_route=\/wp\/v2\/posts\/5034\/revisions\/5075"}],"wp:attachment":[{"href":"https:\/\/zonenklaus.de\/wordpress\/index.php?rest_route=%2Fwp%2Fv2%2Fmedia&parent=5034"}],"wp:term":[{"taxonomy":"category","embeddable":true,"href":"https:\/\/zonenklaus.de\/wordpress\/index.php?rest_route=%2Fwp%2Fv2%2Fcategories&post=5034"},{"taxonomy":"post_tag","embeddable":true,"href":"https:\/\/zonenklaus.de\/wordpress\/index.php?rest_route=%2Fwp%2Fv2%2Ftags&post=5034"}],"curies":[{"name":"wp","href":"https:\/\/api.w.org\/{rel}","templated":true}]}}