{"id":5201,"date":"2009-11-23T22:49:01","date_gmt":"2009-11-23T21:49:01","guid":{"rendered":"http:\/\/12decode.de\/zonenklaus\/wordpress\/?p=5201"},"modified":"2023-10-04T14:55:21","modified_gmt":"2023-10-04T13:55:21","slug":"hoffmann-von-fallersleben-der-groste-lump-im-ganzen-land-das-ist-und-bleibt-der-denunziant%e2%80%9c","status":"publish","type":"post","link":"https:\/\/zonenklaus.de\/wordpress\/?p=5201","title":{"rendered":"Hoffmann von Fallersleben: Der gr\u00f6\u00dfte Lump im ganzen Land, das ist und bleibt der Denunziant\u201c"},"content":{"rendered":"<p>Eigentlich wollte ich heute dem ScheffOberPr\u00e4sidentenFachBerichterstatter, Herrn DR. Th. Leif, eine richtige Steilvorlage geben, bin aber wieder nicht aus dem Knick gekommen. Die ewige Leserei in vergessenen Fundst\u00fccken nimmt viel Zeit in Anspruch&#8230;<br \/>\nHeute fand ich nebenbei etwas Tr\u00f6stendes f\u00fcr den Brandenburger Tor &#8211; Genossen Platzeck. Vielleicht ermutigt Mathew jene Tatsache, dass die Heranziehung von Experten mit Stasierfahrungen in seiner Partei schon eine lange Tradition hat. Gegen Blockfl\u00f6te und Turbo-Wendehals Ibrahim erscheinen die paar Spitzel doch nur als blakende Kerzchen&#8230;<br \/>\nDer Schmusekurs mit Genossin Kaiser, h\u00e4ngt bestimmt mit seinem latenten Selbstverst\u00e4ndnis als praktizierender Frauenversteher zusammen. Ob aus jener Ecke die Affinit\u00e4t f\u00fcr offen Hintert\u00fcrchen stammt? Bei solchen Leuten verwunderte es mich schon immer, dass sie nicht chronisch verschnupft sind.<br \/>\nWas ich nicht verstehe, warum hat er Kerstin nicht einen Regierungsposten zugeschanzt. Sp\u00e4ter w\u00e4re es doch 100%ig m\u00f6glich gewesen etwas zu drehen damit das M\u00e4del abschmiert. So bleibt sie Koalitionsvorsitzende, zieht weiter im Hintergrund die F\u00e4den, was wesentlich gef\u00e4hrlicher ist, als im Rampenlicht zu agieren. Im Untergrund hatte sie sich doch schon zu Zonenzeiten bew\u00e4hrt.<!--more--><\/p>\n<p><a href=\"http:\/\/12decode.de\/zonenklaus\/wordpress\/wp-content\/uploads\/2009\/11\/spd-1-a.jpg\"><img loading=\"lazy\" decoding=\"async\" class=\"alignleft size-thumbnail wp-image-5203\" src=\"http:\/\/12decode.de\/zonenklaus\/wordpress\/wp-content\/uploads\/2009\/11\/spd-1-a-150x150.jpg\" alt=\"\" width=\"150\" height=\"150\" \/><\/a><a href=\"http:\/\/12decode.de\/zonenklaus\/wordpress\/wp-content\/uploads\/2009\/11\/spd-2-a.jpg\"><img loading=\"lazy\" decoding=\"async\" class=\"alignleft size-thumbnail wp-image-5204\" title=\"Die flache, lauwarme Spruchblase von einem Glaubensabtr\u00fcnnigen und Probierpolitiker\" src=\"http:\/\/12decode.de\/zonenklaus\/wordpress\/wp-content\/uploads\/2009\/11\/spd-2-a-150x150.jpg\" alt=\"Die flache, lauwarme Spruchblase von einem Glaubensabtr\u00fcnnigen und Probierpolitiker\" width=\"150\" height=\"150\" \/><\/a><a href=\"http:\/\/12decode.de\/zonenklaus\/wordpress\/wp-content\/uploads\/2009\/11\/spd-3-a.jpg\"><img loading=\"lazy\" decoding=\"async\" class=\"alignleft size-thumbnail wp-image-5205\" src=\"http:\/\/12decode.de\/zonenklaus\/wordpress\/wp-content\/uploads\/2009\/11\/spd-3-a-150x150.jpg\" alt=\"\" width=\"150\" height=\"150\" \/><\/a><a href=\"http:\/\/12decode.de\/zonenklaus\/wordpress\/wp-content\/uploads\/2009\/11\/spd-4-a.jpg\"><img loading=\"lazy\" decoding=\"async\" class=\"alignleft size-thumbnail wp-image-5206\" src=\"http:\/\/12decode.de\/zonenklaus\/wordpress\/wp-content\/uploads\/2009\/11\/spd-4-a-150x150.jpg\" alt=\"\" width=\"150\" height=\"150\" \/><\/a><a href=\"http:\/\/12decode.de\/zonenklaus\/wordpress\/wp-content\/uploads\/2009\/11\/spd-5-a.jpg\"><img loading=\"lazy\" decoding=\"async\" class=\"alignleft size-thumbnail wp-image-5207\" src=\"http:\/\/12decode.de\/zonenklaus\/wordpress\/wp-content\/uploads\/2009\/11\/spd-5-a-150x150.jpg\" alt=\"\" width=\"150\" height=\"150\" \/><\/a><a href=\"http:\/\/12decode.de\/zonenklaus\/wordpress\/wp-content\/uploads\/2009\/11\/spd-6-a.jpg\"><img loading=\"lazy\" decoding=\"async\" class=\"alignleft size-thumbnail wp-image-5208\" src=\"http:\/\/12decode.de\/zonenklaus\/wordpress\/wp-content\/uploads\/2009\/11\/spd-6-a-150x150.jpg\" alt=\"\" width=\"150\" height=\"150\" \/><\/a><\/p>\n<p>.<\/p>\n<p>.<\/p>\n<p>.<\/p>\n<p>.<\/p>\n<p><a href=\"http:\/\/12decode.de\/zonenklaus\/wordpress\/wp-content\/uploads\/2009\/11\/kpd-a.jpg\"><img loading=\"lazy\" decoding=\"async\" class=\"alignleft size-thumbnail wp-image-5219\" src=\"http:\/\/12decode.de\/zonenklaus\/wordpress\/wp-content\/uploads\/2009\/11\/kpd-a-150x150.jpg\" alt=\"\" width=\"150\" height=\"150\" \/><\/a>Abschlie\u00dfend ein anderes Fragment aus jener Zeit. (tip,11,92) Hansi hinterl\u00e4sst wie \u00fcblich einen guten Eindruck. Er kann es sich leisten auf die Mitarbeit von Stasispitzeln zu verzichten.<br \/>\nSchade, dass niemand aus +Berg auf die Idee kommt, endlich mal diesen Talkshow-Schnipsel ins Netz zu setzen, als Genosse Grimm eine bedeutungslose cdu-Flachzange ins offene Messer rennen l\u00e4sst.<\/p>\n<p><strong>Ganz zum Abschluss noch drei Bildchen:<\/strong><\/p>\n<p><a href=\"http:\/\/12decode.de\/zonenklaus\/wordpress\/wp-content\/uploads\/2009\/11\/cdu1a.jpg\"><img loading=\"lazy\" decoding=\"async\" class=\"alignleft size-medium wp-image-5224\" title=\"Karten zu den Spielen: Bundesrepublik - Kamerun \" src=\"http:\/\/12decode.de\/zonenklaus\/wordpress\/wp-content\/uploads\/2009\/11\/cdu1a-194x300.jpg\" alt=\"Karten zu den Spielen: Bundesrepublik - Kamerun \" width=\"194\" height=\"300\" srcset=\"https:\/\/zonenklaus.de\/wordpress\/wp-content\/uploads\/2009\/11\/cdu1a-194x300.jpg 194w, https:\/\/zonenklaus.de\/wordpress\/wp-content\/uploads\/2009\/11\/cdu1a.jpg 530w\" sizes=\"auto, (max-width: 194px) 100vw, 194px\" \/><\/a><a href=\"http:\/\/12decode.de\/zonenklaus\/wordpress\/wp-content\/uploads\/2009\/11\/cdu2a.jpg\"><img loading=\"lazy\" decoding=\"async\" class=\"alignleft size-medium wp-image-5226\" src=\"http:\/\/12decode.de\/zonenklaus\/wordpress\/wp-content\/uploads\/2009\/11\/cdu2a-300x229.jpg\" alt=\"\" width=\"300\" height=\"229\" srcset=\"https:\/\/zonenklaus.de\/wordpress\/wp-content\/uploads\/2009\/11\/cdu2a-300x229.jpg 300w, https:\/\/zonenklaus.de\/wordpress\/wp-content\/uploads\/2009\/11\/cdu2a-1024x782.jpg 1024w, https:\/\/zonenklaus.de\/wordpress\/wp-content\/uploads\/2009\/11\/cdu2a.jpg 1072w\" sizes=\"auto, (max-width: 300px) 100vw, 300px\" \/><\/a><\/p>\n<p>Der dicke Oggersheimer posaunte damals aber eine perfide Notwahrheiten heraus, als er den Zonis WM90-Karten f\u00fcr die Spiele: Bundesrepublik &#8211; DDR versprach. Da verwechselte der promovierte <em>Gechichtsforcher<\/em><strong>*<\/strong> die ddr mit der ehemaligen Kolonie Kamerun! Was f\u00fcr eine zonengrenzenlose Sauerei und niemand fiel es auf. Im Gegenteil, die Ossis w\u00e4hlten ihn, ob der versprochenen \u201eBl\u00fchenden Tore&#8221; fast 100%ig zum Kanzler. Obwohl <strong>WIR<\/strong> gewonnen haben! Weltmeister wurde n\u00e4mlich die <strong>Mannschaft der Bundesrepublik Deutschland<\/strong> mit Teamchef Franz Beckenbauer nach einem 1:0-Sieg gegen Argentinien.<\/p>\n<p>* Wenn ich mich richtig erinnere, lautete seine dr.-Arbeit: \u201eDie <em>Gechichte<\/em> der CDU in der Bundesrepublik <em>Deutchland<\/em> &#8211; unter der besonderen Betrachtungsweise der <em>Gechichte<\/em> der CDU von Rheinland Pfalz.&#8221; &#8230;oder so \u00e4hnlich.<br \/>\nIn den 70ern verlegte jemand ein B\u00fcchlein mit Promotionen, u.a. die von Herrn K. War ein lustiger Text, stoned lasen wir uns gegenseitig Fragmente daraus vor. Als einzige und vern\u00fcnftige Arbeit blieb mir die von Heiner Geisler haften, im Zusammenhang mit \u201eWehrdienstverweigerung&#8221;.<br \/>\nDas B\u00e4ndchen war bald darauf \u201evergriffen&#8221;, der Legende nach, verschwand auch die Arbeit von Birne in dem Bermudadreieck eines Hamburger Archivs&#8230;<\/p>\n","protected":false},"excerpt":{"rendered":"<p>Eigentlich wollte ich heute dem ScheffOberPr\u00e4sidentenFachBerichterstatter, Herrn DR. Th. Leif, eine richtige Steilvorlage geben, bin aber wieder nicht aus dem Knick gekommen. Die ewige Leserei in vergessenen Fundst\u00fccken nimmt viel Zeit in Anspruch&#8230; Heute fand ich nebenbei etwas Tr\u00f6stendes f\u00fcr den Brandenburger Tor &#8211; Genossen Platzeck. Vielleicht ermutigt Mathew jene Tatsache, dass die Heranziehung von [&hellip;]<\/p>\n","protected":false},"author":6,"featured_media":0,"comment_status":"open","ping_status":"closed","sticky":false,"template":"","format":"standard","meta":{"footnotes":""},"categories":[1],"tags":[],"class_list":["post-5201","post","type-post","status-publish","format-standard","hentry","category-allgemeines"],"_links":{"self":[{"href":"https:\/\/zonenklaus.de\/wordpress\/index.php?rest_route=\/wp\/v2\/posts\/5201","targetHints":{"allow":["GET"]}}],"collection":[{"href":"https:\/\/zonenklaus.de\/wordpress\/index.php?rest_route=\/wp\/v2\/posts"}],"about":[{"href":"https:\/\/zonenklaus.de\/wordpress\/index.php?rest_route=\/wp\/v2\/types\/post"}],"author":[{"embeddable":true,"href":"https:\/\/zonenklaus.de\/wordpress\/index.php?rest_route=\/wp\/v2\/users\/6"}],"replies":[{"embeddable":true,"href":"https:\/\/zonenklaus.de\/wordpress\/index.php?rest_route=%2Fwp%2Fv2%2Fcomments&post=5201"}],"version-history":[{"count":39,"href":"https:\/\/zonenklaus.de\/wordpress\/index.php?rest_route=\/wp\/v2\/posts\/5201\/revisions"}],"predecessor-version":[{"id":40506,"href":"https:\/\/zonenklaus.de\/wordpress\/index.php?rest_route=\/wp\/v2\/posts\/5201\/revisions\/40506"}],"wp:attachment":[{"href":"https:\/\/zonenklaus.de\/wordpress\/index.php?rest_route=%2Fwp%2Fv2%2Fmedia&parent=5201"}],"wp:term":[{"taxonomy":"category","embeddable":true,"href":"https:\/\/zonenklaus.de\/wordpress\/index.php?rest_route=%2Fwp%2Fv2%2Fcategories&post=5201"},{"taxonomy":"post_tag","embeddable":true,"href":"https:\/\/zonenklaus.de\/wordpress\/index.php?rest_route=%2Fwp%2Fv2%2Ftags&post=5201"}],"curies":[{"name":"wp","href":"https:\/\/api.w.org\/{rel}","templated":true}]}}