{"id":5524,"date":"2009-12-15T21:58:13","date_gmt":"2009-12-15T20:58:13","guid":{"rendered":"http:\/\/12decode.de\/zonenklaus\/wordpress\/?p=5524"},"modified":"2009-12-16T01:59:02","modified_gmt":"2009-12-16T00:59:02","slug":"kurt-tucholsky-1919-satire-darf-alles-wo","status":"publish","type":"post","link":"https:\/\/zonenklaus.de\/wordpress\/?p=5524","title":{"rendered":"Kurt Tucholsky 1919: &#8220;Satire darf alles&#8221; &#8211; Wo?"},"content":{"rendered":"<p>Satire scheint bei manchen Akteuren auch abzusaufen, wo bleibt z. B. Richlings ehemalige schw\u00e4bische Ma\u00dfarbeit? Am Sonntag zum \u201eSatire Gipfel&#8221; habe ich sie ebenso vermisst, wie am 1. Dezember im Wigwam, anl\u00e4sslich einer \u201eKabarett-Gala&#8221; zum 25-j\u00e4hrigen Bestehen des Kulturkanals 3SAT. Schnackerin Katrin Bauerfeind bezeichnete diese Station, als den \u201eSender f\u00fcr eine anspruchsvolle Minderheit&#8221;.<br \/>\nGeorg Schramm brachte es ann\u00e4hernd auf den Punkt: &#8220;3SAT ist die Heimstatt f\u00fcr die Verwirrten und Verirrten&#8221; &#8211; der Nickelbrillenfraktion, h\u00e4ufig im modischen Schick &#8211; mit fleischfarbenen Badekappen&#8230;<!--more--><br \/>\nBezeichnet man als \u201eGipfel&#8221; nicht die h\u00f6chste Stelle einer Erhebung? Gut, mit viel Phantasie ist sie erkennbar, \u00e4hnlich des Tabellenstandes von \u201eHertha BSC&#8221;. Der Million\u00e4rsverein steht auch an erster Stelle, allerdings nach einer 180-Grad-Drehung der Liste.<br \/>\nVielleicht durchschreitet Herr R. aus W., momentan nur die allgemeine, geopolitische Talsohle, leidet scheinbar mit unserem Fast-Kriegsminister von Guttenberg&#8230;<br \/>\nZu der \u201eGala&#8221; m\u00f6chte ich nichts gro\u00df ablassen, au\u00dfer, dass die vielen Kindfrauen, welche Cocktailh\u00e4ppchen offerierten, auch sehr lecker aussahen. Dabei handelte es sich bestimmt um einen gelungenen Jux des Schweizer Fernsehens. Sollte wohl als Solidarit\u00e4tsbekundung f\u00fcr den alten Sex-Gourmet Roman P. verstanden werden.<br \/>\nSchon merkw\u00fcrdig, was bestimmte Eidgenossenschaftler mit diesem Typen anstellten.<br \/>\nOder sollte es sich dabei, nur um einen ganz ausgebufften Werbegag handeln? Den Leuten traue ich heute alles zu. <em>(Im \u201eKulturkanal&#8221; durfte V\u00f6lker Schlond\u00f6rf auch mehrfach seinen Senf dazugeben.)<\/em><br \/>\nWas mich bei solchen Veranstaltungen immer wieder ankotzt, Frau Bauerfeind machte da keine Ausnahme, sie appellierte nach ihrem Plauderst\u00fcndchen auch permanent an das Publikum, dass wir f\u00fcr das Fernsehpublikum auch immer \u201esch\u00f6n klatschen&#8221; m\u00fcssen. Ich soll mich wegen der Quotenschei\u00dfe echauffieren, denke ja gar nicht daran. Sollen sie doch alles Playback abmischen und wenn es nicht gef\u00e4llig her\u00fcber kommt, vielleicht sogar Anleihen nehmen von der archivierten Euphorie ehemaliger Reichsparteitage&#8230;<br \/>\n<a href=\"http:\/\/www.youtube.com\/watch?v=jitdvJ5U3I4\">Schramm<\/a>, <a href=\"http:\/\/www.youtube.com\/watch?v=rmaCDoQa6b4\">Thiel<\/a>, <a href=\"http:\/\/www.youtube.com\/watch?v=g9ddKvXeO8Q\">Liberg<\/a> und der <a href=\"http:\/\/www.youtube.com\/watch?v=af4tRI9st7Q\">Aussie<\/a> waren schon gut, allerdings r\u00fcckte ich nach den anschlie\u00dfenden Auswertung des Abends von meiner Meinung ab.<br \/>\nBis dato bezichtigte ich so manchen Polit-Kabarettisten der Don Quichotterie &#8211; nein, es sieht ganz anders aus, die \u00f6ffentlich-rechtlichen Sendeanstalten halten sich Hofnarren, die sich allerdings auch in der kommenden Zeit keine Sorgen machen m\u00fcssen, dass es kurz nach einer gut platzierten Pointe in ihren Hals rein regnet<br \/>\nNebenbei, die Getr\u00e4nke kamen gut r\u00fcber, sodass einige Promille der vergangenen GEZ-Zahlungen zur\u00fcck flossen.<\/p>\n","protected":false},"excerpt":{"rendered":"<p>Satire scheint bei manchen Akteuren auch abzusaufen, wo bleibt z. B. Richlings ehemalige schw\u00e4bische Ma\u00dfarbeit? Am Sonntag zum \u201eSatire Gipfel&#8221; habe ich sie ebenso vermisst, wie am 1. Dezember im Wigwam, anl\u00e4sslich einer \u201eKabarett-Gala&#8221; zum 25-j\u00e4hrigen Bestehen des Kulturkanals 3SAT. Schnackerin Katrin Bauerfeind bezeichnete diese Station, als den \u201eSender f\u00fcr eine anspruchsvolle Minderheit&#8221;. Georg Schramm [&hellip;]<\/p>\n","protected":false},"author":6,"featured_media":0,"comment_status":"open","ping_status":"closed","sticky":false,"template":"","format":"standard","meta":{"footnotes":""},"categories":[1],"tags":[],"class_list":["post-5524","post","type-post","status-publish","format-standard","hentry","category-allgemeines"],"_links":{"self":[{"href":"https:\/\/zonenklaus.de\/wordpress\/index.php?rest_route=\/wp\/v2\/posts\/5524","targetHints":{"allow":["GET"]}}],"collection":[{"href":"https:\/\/zonenklaus.de\/wordpress\/index.php?rest_route=\/wp\/v2\/posts"}],"about":[{"href":"https:\/\/zonenklaus.de\/wordpress\/index.php?rest_route=\/wp\/v2\/types\/post"}],"author":[{"embeddable":true,"href":"https:\/\/zonenklaus.de\/wordpress\/index.php?rest_route=\/wp\/v2\/users\/6"}],"replies":[{"embeddable":true,"href":"https:\/\/zonenklaus.de\/wordpress\/index.php?rest_route=%2Fwp%2Fv2%2Fcomments&post=5524"}],"version-history":[{"count":11,"href":"https:\/\/zonenklaus.de\/wordpress\/index.php?rest_route=\/wp\/v2\/posts\/5524\/revisions"}],"predecessor-version":[{"id":5534,"href":"https:\/\/zonenklaus.de\/wordpress\/index.php?rest_route=\/wp\/v2\/posts\/5524\/revisions\/5534"}],"wp:attachment":[{"href":"https:\/\/zonenklaus.de\/wordpress\/index.php?rest_route=%2Fwp%2Fv2%2Fmedia&parent=5524"}],"wp:term":[{"taxonomy":"category","embeddable":true,"href":"https:\/\/zonenklaus.de\/wordpress\/index.php?rest_route=%2Fwp%2Fv2%2Fcategories&post=5524"},{"taxonomy":"post_tag","embeddable":true,"href":"https:\/\/zonenklaus.de\/wordpress\/index.php?rest_route=%2Fwp%2Fv2%2Ftags&post=5524"}],"curies":[{"name":"wp","href":"https:\/\/api.w.org\/{rel}","templated":true}]}}