{"id":5536,"date":"2009-12-16T23:30:50","date_gmt":"2009-12-16T22:30:50","guid":{"rendered":"http:\/\/12decode.de\/zonenklaus\/wordpress\/?p=5536"},"modified":"2009-12-16T23:34:42","modified_gmt":"2009-12-16T22:34:42","slug":"riechling-die-ii","status":"publish","type":"post","link":"https:\/\/zonenklaus.de\/wordpress\/?p=5536","title":{"rendered":"M. Riechling"},"content":{"rendered":"<p>Mir fiel heute noch etwas zu Mathias Riechling ein und warum er anders erscheint, so leicht ausgebrannt.<br \/>\nKlar, es ist auf Dauer nicht machbar, immer von ganz oben mit den Fingern in den Wunden herum zu stochern, schon gar nicht in der heutigen Zeit. Wo Kleingeister, im Auftrag des Kapital \u00fcberall als deren Marionetten fungieren und sich orgiastisch an ihren implodierenden Sprechblasen berauschen d\u00fcrfen, da bleiben f\u00fcr das Kabarett nur noch Nano-Teilchen \u00fcbrig.<!--more--><br \/>\nJede namentliche Erw\u00e4hnung solcher Polit-Pygm\u00e4en entspricht doch nur einer, durch nichts gerechtfertigter Aufwertung. Man kommt ja nicht mehr nach, bei diesen Possen der regierenden El<em>n<\/em>i<em>e<\/em>ten, siehe nach Kopenhagen. Was sollen mir die Ergebnisse der dortigen, arschteuren Klima-Masturbation-Performance sagen?<br \/>\n<em>(Alberto der Einsteinge k\u00f6nnte wiederholt ablassen: \u201eZwei Dinge sind unendlich, das Universum und die menschliche Dummheit, aber bei dem Universum bin ich mir noch nicht ganz sicher.&#8221;<\/em><br \/>\n<em>Schon lange habe ich aufgeh\u00f6rt, jene Leute wie <a href=\"http:\/\/www.youtube.com\/watch?v=c5tTtt6t3cw\">G\u00f6tz Wiedmann<\/a> zu betrachten, ist einfach zu stressig.<\/em>)<br \/>\nEventuell l\u00e4sst MR aus Sparsamkeitsgr\u00fcnden viele Gags in Rot-China aufs Papier bringen. Allerdings m\u00f6chte ich eine andere M\u00f6glichkeit noch ins Spiel bringen. Vielleicht hockt der Scheff aber auf den Malediven und hinter seiner Studiomaske verbirgt sich undercover: <a href=\"http:\/\/de.wikipedia.org\/wiki\/G%C3%BCnter_Wallraff\">G\u00fcnter Wallraff<\/a>.<br \/>\nDann w\u00e4re es kein Wunder, warum alles etwas dr\u00f6ge her\u00fcber kommt&#8230;<br \/>\nDenn auch im Ami-Land hat es sich lange herumgesprochen, wie vor einigen Jahren Michael Moore w\u00e4hrend eines Vortrags in der \u201eUrania&#8221; bekannte, <em>(mir dabei aus dem Herzen sprach)<\/em>: \u201eDie Linke ist humorlos, besonders die deutsche&#8230;&#8221;<br \/>\nLiebend gern h\u00e4tte ich den Filmemacher umgehend aufgekl\u00e4rt &#8211; \u201edie Linke&#8221; gab es in Deutschland noch nie und heute schon gar nicht. Denn jene Leuten, welche er scheinbar meinte, bei denen handelt es sich oft um Gruppierungen von Saisonrevoluzzern, die auf Grund ihrer unterschiedlichsten, ideologischen Krankheitsbilder, in irgendwelchen kommunistischen Kleing\u00e4rtner-Verb\u00e4nden umher irren und die sind in der Regel sehr humorlos, was ich nur best\u00e4tigen kann<br \/>\nDa m\u00fcssten mir sogar Theo Fischthaler und sein Bruder Abraham Recht geben, oder etwa nicht?<br \/>\nDieses Ph\u00e4nomen ist am entgegengesetzten, dunklen Rand ebenso anzutreffen. Denn allen, die mit Scheuklappen einer Ideologie hinterher hecheln, denen fehlt folglich der Blick f\u00fcr Kleinigkeiten und die machen das wirkliche Leben aus<\/p>\n","protected":false},"excerpt":{"rendered":"<p>Mir fiel heute noch etwas zu Mathias Riechling ein und warum er anders erscheint, so leicht ausgebrannt. Klar, es ist auf Dauer nicht machbar, immer von ganz oben mit den Fingern in den Wunden herum zu stochern, schon gar nicht in der heutigen Zeit. Wo Kleingeister, im Auftrag des Kapital \u00fcberall als deren Marionetten fungieren [&hellip;]<\/p>\n","protected":false},"author":6,"featured_media":0,"comment_status":"open","ping_status":"closed","sticky":false,"template":"","format":"standard","meta":{"footnotes":""},"categories":[1],"tags":[],"class_list":["post-5536","post","type-post","status-publish","format-standard","hentry","category-allgemeines"],"_links":{"self":[{"href":"https:\/\/zonenklaus.de\/wordpress\/index.php?rest_route=\/wp\/v2\/posts\/5536","targetHints":{"allow":["GET"]}}],"collection":[{"href":"https:\/\/zonenklaus.de\/wordpress\/index.php?rest_route=\/wp\/v2\/posts"}],"about":[{"href":"https:\/\/zonenklaus.de\/wordpress\/index.php?rest_route=\/wp\/v2\/types\/post"}],"author":[{"embeddable":true,"href":"https:\/\/zonenklaus.de\/wordpress\/index.php?rest_route=\/wp\/v2\/users\/6"}],"replies":[{"embeddable":true,"href":"https:\/\/zonenklaus.de\/wordpress\/index.php?rest_route=%2Fwp%2Fv2%2Fcomments&post=5536"}],"version-history":[{"count":10,"href":"https:\/\/zonenklaus.de\/wordpress\/index.php?rest_route=\/wp\/v2\/posts\/5536\/revisions"}],"predecessor-version":[{"id":5544,"href":"https:\/\/zonenklaus.de\/wordpress\/index.php?rest_route=\/wp\/v2\/posts\/5536\/revisions\/5544"}],"wp:attachment":[{"href":"https:\/\/zonenklaus.de\/wordpress\/index.php?rest_route=%2Fwp%2Fv2%2Fmedia&parent=5536"}],"wp:term":[{"taxonomy":"category","embeddable":true,"href":"https:\/\/zonenklaus.de\/wordpress\/index.php?rest_route=%2Fwp%2Fv2%2Fcategories&post=5536"},{"taxonomy":"post_tag","embeddable":true,"href":"https:\/\/zonenklaus.de\/wordpress\/index.php?rest_route=%2Fwp%2Fv2%2Ftags&post=5536"}],"curies":[{"name":"wp","href":"https:\/\/api.w.org\/{rel}","templated":true}]}}