{"id":5625,"date":"2009-12-28T23:30:59","date_gmt":"2009-12-28T22:30:59","guid":{"rendered":"http:\/\/12decode.de\/zonenklaus\/wordpress\/?p=5625"},"modified":"2020-02-28T09:58:27","modified_gmt":"2020-02-28T08:58:27","slug":"5625","status":"publish","type":"post","link":"https:\/\/zonenklaus.de\/wordpress\/?p=5625","title":{"rendered":"DAS WEISSE BAND"},"content":{"rendered":"<p>Gestern waren wir im \u201e<a href=\"http:\/\/www.berlinien.de\/kino\/kino_broadway_berlin.html\">Broadway<\/a>&#8221; am Tauentzien. <em>(Dieser Westberliner \u201e<a href=\"http:\/\/www.youtube.com\/watch?v=1MLj41LESJs\">Boulevard<\/a>&#8221; wurde 1972, durch \u201e<a href=\"http:\/\/www.youtube.com\/watch?v=tiqrCPcEcqU\">Kokain<\/a>&#8221; von Hannes Wader auch in der finstersten Zone ein Begriff. Leider mutierte HW sp\u00e4ter zum DKPisten. )<\/em> Eins der wenigen kleinen Kinos mit gigantischer Beinfreiheit und sahen dort &#8211; \u201e<a href=\"http:\/\/www.dasweisseband.x-verleih.de\/\">Das wei\u00dfe Band<\/a>&#8220;. Wobei so mancher den Untertitel nicht lesen konnte.<br \/>\n\u00dcber den Film an sich m\u00f6chte ich nicht viel ablassen, au\u00dfer, er ist einfach Klasse! Am meisten begeisterte mich jene Tatsache, dass mir kein einziger Akteur bekannt vor kam.<br \/>\n\u00c4hnlich ging es mir nur vor einigen Jahren mit dem Streifen: \u201e<a href=\"http:\/\/www.wer-frueher-stirbt-ist-laenger-tot.de\/der-film.html\">Wer fr\u00fcher stirbt ist l\u00e4nger tot<\/a>&#8220;.<br \/>\nMusste allerdings feststellen, unserem Rudel war die, oder der eine doch bekannt. Liegt sicher daran, weil ich grunds\u00e4tzlich keine Sp\u00e4tnachmittag und Fr\u00fchabendendlosserien einziehe.<br \/>\nViele Filme gehen mir auch am Arsch vorbei, wenn die Larven f\u00fcr mich schon durch andere Lichtspiele verbrannt sind.<!--more--><br \/>\nAber jetzt kommt\u00b4s. Mir f\u00e4llt immer wieder bei historischen Werken auf, das z. B. gewisse Darsteller aus ihrer Zeit einfach herausfallen, weil nicht bis zum Exzess gewisse Kleinigkeiten bedacht werden.<br \/>\nIn meinem Archiv befinden sich tausende von Bildern, manche \u00fcber 140 Jahre alt&#8230;<\/p>\n<div id=\"attachment_5631\" style=\"width: 310px\" class=\"wp-caption alignleft\"><a href=\"http:\/\/12decode.de\/zonenklaus\/wordpress\/wp-content\/uploads\/2009\/12\/klassentreffen1.jpg\"><img loading=\"lazy\" decoding=\"async\" aria-describedby=\"caption-attachment-5631\" class=\"size-medium wp-image-5631\" title=\"klassentreffen1\" src=\"http:\/\/12decode.de\/zonenklaus\/wordpress\/wp-content\/uploads\/2009\/12\/klassentreffen1-300x150.jpg\" alt=\"Um 1920 Klassenphoto - Collage: Klaus Decker\" width=\"300\" height=\"150\" srcset=\"https:\/\/zonenklaus.de\/wordpress\/wp-content\/uploads\/2009\/12\/klassentreffen1-300x150.jpg 300w, https:\/\/zonenklaus.de\/wordpress\/wp-content\/uploads\/2009\/12\/klassentreffen1-150x75.jpg 150w, https:\/\/zonenklaus.de\/wordpress\/wp-content\/uploads\/2009\/12\/klassentreffen1.jpg 883w\" sizes=\"auto, (max-width: 300px) 100vw, 300px\" \/><\/a><p id=\"caption-attachment-5631\" class=\"wp-caption-text\">Um 1920 Klassenphoto &#8211; Collage: Klaus Decker<\/p><\/div>\n<p>Die Kids erscheinen immer wie frisch aus der Badewanne, mit akkuraten Fingern\u00e4geln, in Sonntagsklamotten, mit ganz neuen, gl\u00e4nzenden Botten an den F\u00fc\u00dfen, als ob gleich das Konfirmationsphoto geknippst werden soll. Was sich bei den Knechten und M\u00e4gden wiederholt, sie erscheinen kleinb\u00fcrgerlich gekleidet, die Sachen ohne Flicken, keine Risse. Die M\u00e4nner im Gesicht blank, als ob sie vorher gerade beim Photoshooting f\u00fcr \u201eWilkinson-Rasierklingen&#8221; waren.<br \/>\nFast alle Gesichter der Handelnden k\u00f6nnte man ohne weiteres auf einem Werbeflyer der Bad Saarower <a href=\"http:\/\/www.bad-saarow.de\/therme\/\">Thermen<\/a> wiederfinden. Was mir besonders bei der Erntedankf\u00eate auffiel.<\/p>\n<p>Noch etwas grunds\u00e4tzliches. Daf\u00fcr bringe ich ein Beispiel vom 25-j\u00e4hringen 3SAT-Geburtstag.<br \/>\nDa schie\u00dft pl\u00f6tzlich ein jungdynamischer Typ auf mich zu, streckt seine Hand vor, als ob er die Absicht hatte mir eine Klinge in die Rippen zu bohren.<br \/>\n\u201eTschuldigung, sind Sie nicht Herr Rolf &#8230;?&#8221;<br \/>\n\u201eJa!&#8221;<br \/>\n\u201eAlso doch! Ich m\u00f6chte Sie herzlich hier begr\u00fc\u00dfen!&#8221;<br \/>\n\u201eWat hei\u00dft denn hier? Also doch!&#8221;<br \/>\n\u201eJa sind Sie den nicht&#8230;!&#8221;<br \/>\n\u201eJa&#8230;!&#8221;<br \/>\nIn diesem Moment umklammerte ich sein H\u00e4ndchen mit Schraubstockgriff, \u201eScheff, Du bist doch Journalist, oder?&#8221;<br \/>\n\u201eNat\u00fcrlich!&#8221;<br \/>\n\u201eScheff, dann sollte Dir aber auch bekannt sein, dass es sich im Deutschen, bei einer doppelten Verneinung um eine Bejahung handelt! Also nochmal: Ja! Ich bin nicht Herr Rolf &#8230;!&#8221;<br \/>\nAls er sich aus der Halterung befreite, h\u00f6rte man es in seinem Oberst\u00fcbchen richtig rasseln, nach einem Berner Blitzeinschlag kam endlich: \u201eJa, da haben Sie wirklich Recht, ich verstehe!&#8221;<br \/>\n\u201eNebenbei, meine Gro\u00dfmutter hat mir mal beigebracht, dass man jene Art von Fragestellung nie benutzen soll!&#8221;<br \/>\nDiese falsche Art der Kommunikation ist aber schon lange gang und gebe.<br \/>\nWitzig wird es in Filmen, wenn sich im Gerichtsaal Paragraphenheinis gegenseitig beharken und keinem f\u00e4llt es auf. In schlechten Krimis ist es sogar Standard&#8230;<br \/>\nSchade, in diesem tollen Film wird es leider die ganze Zeit auch so gehandhabt.<br \/>\nMir ist in diesem Moment auch klar, dass ich ein Pharis\u00e4er bin. Rechtschreibung und Grammatik wird immer weniger mein Ding, von den vielen kleinen Kommata ganz zu schweigen&#8230;<\/p>\n<p style=\"margin-bottom: 0cm;\">\n","protected":false},"excerpt":{"rendered":"<p>Gestern waren wir im \u201eBroadway&#8221; am Tauentzien. (Dieser Westberliner \u201eBoulevard&#8221; wurde 1972, durch \u201eKokain&#8221; von Hannes Wader auch in der finstersten Zone ein Begriff. Leider mutierte HW sp\u00e4ter zum DKPisten. ) Eins der wenigen kleinen Kinos mit gigantischer Beinfreiheit und sahen dort &#8211; \u201eDas wei\u00dfe Band&#8220;. Wobei so mancher den Untertitel nicht lesen konnte. \u00dcber [&hellip;]<\/p>\n","protected":false},"author":6,"featured_media":0,"comment_status":"open","ping_status":"closed","sticky":false,"template":"","format":"standard","meta":{"footnotes":""},"categories":[50],"tags":[],"class_list":["post-5625","post","type-post","status-publish","format-standard","hentry","category-filme"],"_links":{"self":[{"href":"https:\/\/zonenklaus.de\/wordpress\/index.php?rest_route=\/wp\/v2\/posts\/5625","targetHints":{"allow":["GET"]}}],"collection":[{"href":"https:\/\/zonenklaus.de\/wordpress\/index.php?rest_route=\/wp\/v2\/posts"}],"about":[{"href":"https:\/\/zonenklaus.de\/wordpress\/index.php?rest_route=\/wp\/v2\/types\/post"}],"author":[{"embeddable":true,"href":"https:\/\/zonenklaus.de\/wordpress\/index.php?rest_route=\/wp\/v2\/users\/6"}],"replies":[{"embeddable":true,"href":"https:\/\/zonenklaus.de\/wordpress\/index.php?rest_route=%2Fwp%2Fv2%2Fcomments&post=5625"}],"version-history":[{"count":19,"href":"https:\/\/zonenklaus.de\/wordpress\/index.php?rest_route=\/wp\/v2\/posts\/5625\/revisions"}],"predecessor-version":[{"id":33795,"href":"https:\/\/zonenklaus.de\/wordpress\/index.php?rest_route=\/wp\/v2\/posts\/5625\/revisions\/33795"}],"wp:attachment":[{"href":"https:\/\/zonenklaus.de\/wordpress\/index.php?rest_route=%2Fwp%2Fv2%2Fmedia&parent=5625"}],"wp:term":[{"taxonomy":"category","embeddable":true,"href":"https:\/\/zonenklaus.de\/wordpress\/index.php?rest_route=%2Fwp%2Fv2%2Fcategories&post=5625"},{"taxonomy":"post_tag","embeddable":true,"href":"https:\/\/zonenklaus.de\/wordpress\/index.php?rest_route=%2Fwp%2Fv2%2Ftags&post=5625"}],"curies":[{"name":"wp","href":"https:\/\/api.w.org\/{rel}","templated":true}]}}