{"id":5645,"date":"2009-12-29T22:12:43","date_gmt":"2009-12-29T21:12:43","guid":{"rendered":"http:\/\/12decode.de\/zonenklaus\/wordpress\/?p=5645"},"modified":"2009-12-30T01:16:23","modified_gmt":"2009-12-30T00:16:23","slug":"max-fechner-spdsed","status":"publish","type":"post","link":"https:\/\/zonenklaus.de\/wordpress\/?p=5645","title":{"rendered":"Max Fechner &#8211; SPD\/SED"},"content":{"rendered":"<p>Habe mal wieder etwas gefunden, eine <a href=\"http:\/\/12decode.de\/zonenklaus\/wordpress\/wp-content\/uploads\/2009\/12\/spd.pdf\">SPD<\/a>-Verlautbarung vom Oktober 1945. Nur so &#8211; als Vergleich &#8211; um mal zu belegen wo diese Partei damals stand und wo sie in unserer Zeit herumd\u00fcmpelt.<br \/>\nGenosse <a href=\"http:\/\/www.diehedwig.org\/Meine_Bilder_und_Dateien\/Max%20Fechner.pdf\">Fechner<\/a> verk\u00f6rperte auch etwas hin und her, ward in der Zone schlie\u00dflich 1. Justizminister mit einem gewissen demokratischen Verst\u00e4ndnis. Allerdings nicht vergleichbar mit seiner Nachfolgerin, der <a href=\"http:\/\/www.berlinonline.de\/berliner-zeitung\/archiv\/.bin\/dump.fcgi\/2002\/0205\/feuilleton\/0003\/index.html\">Rote Hilde<\/a>, die mit Lustgewinn politisch Andersdenkende unter dem Fallbeil platzieren lie\u00df&#8230;<\/p>\n<p style=\"text-align: center;\">Wie k\u00f6nnte man nach diesem Text den Refrain des \u201e<a href=\"http:\/\/www.youtube.com\/watch?v=UsFVa6xrYBY\">Solidaritt\u00e4tslied<\/a>&#8221; heute zwitschern?<br \/>\nEtwa so:<br \/>\nVorw\u00e4rts und nicht vergessen,<br \/>\nwo heut unsre St\u00e4rke besteht!<br \/>\nBeim Saufen und beim Fressen,<br \/>\nvorw\u00e4rts und schnell vergessen:<br \/>\ndie Solidarit\u00e4t!<\/p>\n<p style=\"text-align: left;\">Habe extra diese Fassung gew\u00e4hlt, wo mir mein Gef\u00fchl sagt, dass die S\u00e4nger gleich einpennen. <em>(Oder es ist gewollt und der Rhythmus entspricht nur der momentan Schl\u00e4frigkeit der SPD.) <\/em>Au\u00dferdem werden scheinbare Textschwierigkeiten mit einem versuchten Acapellaeinsatz geschickt kaschiert und die Begleitbilder der vielen Polit-Hedonisten finde ich ausgesprochen gelungen.<\/p>\n","protected":false},"excerpt":{"rendered":"<p>Habe mal wieder etwas gefunden, eine SPD-Verlautbarung vom Oktober 1945. Nur so &#8211; als Vergleich &#8211; um mal zu belegen wo diese Partei damals stand und wo sie in unserer Zeit herumd\u00fcmpelt. Genosse Fechner verk\u00f6rperte auch etwas hin und her, ward in der Zone schlie\u00dflich 1. Justizminister mit einem gewissen demokratischen Verst\u00e4ndnis. Allerdings nicht vergleichbar [&hellip;]<\/p>\n","protected":false},"author":6,"featured_media":0,"comment_status":"open","ping_status":"closed","sticky":false,"template":"","format":"standard","meta":{"footnotes":""},"categories":[1],"tags":[],"class_list":["post-5645","post","type-post","status-publish","format-standard","hentry","category-allgemeines"],"_links":{"self":[{"href":"https:\/\/zonenklaus.de\/wordpress\/index.php?rest_route=\/wp\/v2\/posts\/5645","targetHints":{"allow":["GET"]}}],"collection":[{"href":"https:\/\/zonenklaus.de\/wordpress\/index.php?rest_route=\/wp\/v2\/posts"}],"about":[{"href":"https:\/\/zonenklaus.de\/wordpress\/index.php?rest_route=\/wp\/v2\/types\/post"}],"author":[{"embeddable":true,"href":"https:\/\/zonenklaus.de\/wordpress\/index.php?rest_route=\/wp\/v2\/users\/6"}],"replies":[{"embeddable":true,"href":"https:\/\/zonenklaus.de\/wordpress\/index.php?rest_route=%2Fwp%2Fv2%2Fcomments&post=5645"}],"version-history":[{"count":6,"href":"https:\/\/zonenklaus.de\/wordpress\/index.php?rest_route=\/wp\/v2\/posts\/5645\/revisions"}],"predecessor-version":[{"id":5651,"href":"https:\/\/zonenklaus.de\/wordpress\/index.php?rest_route=\/wp\/v2\/posts\/5645\/revisions\/5651"}],"wp:attachment":[{"href":"https:\/\/zonenklaus.de\/wordpress\/index.php?rest_route=%2Fwp%2Fv2%2Fmedia&parent=5645"}],"wp:term":[{"taxonomy":"category","embeddable":true,"href":"https:\/\/zonenklaus.de\/wordpress\/index.php?rest_route=%2Fwp%2Fv2%2Fcategories&post=5645"},{"taxonomy":"post_tag","embeddable":true,"href":"https:\/\/zonenklaus.de\/wordpress\/index.php?rest_route=%2Fwp%2Fv2%2Ftags&post=5645"}],"curies":[{"name":"wp","href":"https:\/\/api.w.org\/{rel}","templated":true}]}}