{"id":624,"date":"2008-09-05T22:06:44","date_gmt":"2008-09-05T21:06:44","guid":{"rendered":"http:\/\/12decode.de\/zonenklaus\/wordpress\/?p=624"},"modified":"2026-03-31T21:54:20","modified_gmt":"2026-03-31T20:54:20","slug":"wenn-dracula-zum-stippen-auftaucht","status":"publish","type":"post","link":"https:\/\/zonenklaus.de\/wordpress\/?p=624","title":{"rendered":"&#8230;und Dracula taucht zum Stippen auf"},"content":{"rendered":"<p><a href=\"http:\/\/www.tagesspiegel.de\/meinung\/kommentare\/Bundeswehr;art141,2607025\">F\u00fcr Deutschland gefallen<\/a><br \/>\nHelm ab zum Gebet.<br \/>\nMillionen von Deutschen sind schon auf dem Feld der Ehre gestolpert und dann gefallen. Dabei betrachte ich nur die letzten 140 Jahre, es betrifft ca. f\u00fcnf\/sechs Generationen, was folglich jede Familie ber\u00fchrte, die einen mehr, die anderen weniger.<br \/>\nNun kann man ja \u00e4u\u00dfern, wo gehobelt wird, da fallen Sp\u00e4ne, viele Sp\u00e4ne auf beiden Seiten. Gevatter Hein ist da nicht w\u00e4hlerisch, der Grund des Aufeinandertreffens ist ihm schnuppe, Hauptsache er f\u00e4hrt eine prachtvolle Ernte ein.<br \/>\nVor den nachfolgenden S\u00e4tzen m\u00f6chte ich noch ein sch\u00f6nes, zeitloses Zitat anbringen, welches man <a href=\"https:\/\/www.amazon.de\/Poster-Motiv-Generalsekret%C3%A4r-Zentralkomitees-Portrait-Poster\/dp\/B0CX5JLS8J\"><em>Josef Wissarionowitsch Dschugaschwili<\/em><\/a> zuschreibt: <strong>Der Tod eines einzelnen ist eine Trag\u00f6die, der Tod von Millionen Statistik.<\/strong><!--more--><br \/>\nAls j\u00fcngst ein \u201efeiger Akt\u201c <strong>(<\/strong><em>Ausspruch mehrere bundesgermanischer Politiker<\/em><strong>)<\/strong> das Leben jenes 29-j\u00e4hrigen Bundeswehrsoldaten in Afghanistan ausl\u00f6schte, entwickelten sich merkw\u00fcrdige Diskussionen \u00fcber der Umgang mit jener Art von \u201eBerufsrisiko\u201c, wenn dabei irgendwer, gezwungenerma\u00dfen sein Leben zur\u00fcckgibt. Hat ihn dabei etwa eine <a href=\"http:\/\/www.landmine.de\/\">Landmine<\/a> deutscher Produktion unterst\u00fctzt? In solchem Fall k\u00f6nnte man diesen Kollateralschaden, auch unter exportbedingtes \u201efriendly fire\u201c, abbuchen. <strong>(<\/strong><em>Sicher ein interessanter Fall f\u00fcr die Versicherungen.<\/em><strong>)<\/strong><br \/>\nDer Chef des Bundeswehrverbandes, mit seinem Arsch weit weg und im trockenen, mokierte sich \u00fcber die verbalen Ausw\u00fcchse &#8211; er nennt es \u201egestelzte Wendungen\u201c. <strong>(<\/strong><em>In diesem Moment kommen politisch korrekte Gutmenschen m\u00e4chtig ins straucheln.<\/em><strong>) <\/strong>Gott noch mal, alle Betroffenen finden sich noch in der emotionalen Erprobungsphase, weshalb prescht B. Gertz da so vor. Eigentlich ist doch nicht viel passiert, im Grunde nur eine logische Schlussfolgerung dessen, wenn man sich als Killern ausbilden l\u00e4sst und irgendwo als bewaffneter Tourist auftaucht. Schlie\u00dflich befand sich der junge Mann nicht auf einem Wandertag der Pfadfinder. Deshalb kommen solche Situationen schon mal vor, mal auf der einen oder auf der anderen Seite. Noch da zu in einer Gegend, wo ehemalige \u201eFreiheitsk\u00e4mpfer\u201c im Laufe der Zeit zu \u201eantidemokratischen Terrorristen\u201c mutierten, denen es schei\u00dfegal ist, in welcher Uniform ein Besatzer steckt. Die <a href=\"http:\/\/64.233.183.104\/search?q=cache:mVyI4JUZTdwJ:www.mlwerke.de\/me\/me14\/me14_073.htm+afghanistan+engels&amp;hl=de&amp;ct=clnk&amp;cd=1&amp;gl=de\">Afghanen<\/a> verf\u00fcgen da schlie\u00dflich \u00fcber viel Erfahrung, in den hunderten von Jahren, wenn sie immer wieder als Spielball bei Stellvertreterkriegen herhalten mussten\u2026<br \/>\nNach \u201eExpertenmeinung\u201c wird es m\u00f6glich sein, dass in der kommenden Zeit noch mehr <a href=\"https:\/\/www.stupidedia.org\/stupi\/Y-Tours\">Y-Touries<\/a> dort ihr Leben aushauchen\u2026<br \/>\nWir uns langsam wieder an gewisse Gepflogenheiten gew\u00f6hnen sollen und alle in der Heimat miteinbezogen werden, sei es nur in ellenlangen Traueranzeigen der Tagespresse.<br \/>\nMalte Lehming dr\u00fcckt es in seinem Artikel so aus:\u201c Der Respekt f\u00fcr die Opfer, die jeder Soldat bringt, sollte Ausdruck finden in besonderen Riten und besonderer Rhetorik.\u201c &#8211; Spricht etwas an und h\u00f6rt sofort wieder auf.<br \/>\nEs muss wieder mit der Erziehung beginnen, da ist die Schule gefordert \u2192 Patriotismus \u2192 Nationalismus.<br \/>\nLetztens suchte ich bei Wikipedia etwas \u00fcber Kurt Eggers \u201eHutten\u201c, fand zum Schreiber verkl\u00e4rend: <em>Ein deutscher Schriftsteller und nationalsozialistischer Kulturpolitiker<\/em>, f\u00fcr einen fanatischen Nazi, der sich als eherner Verseschmied verstand, mehr als besch\u00f6nigend.<br \/>\nWas Scharfmacherei angeht, ist der Mann sicher nicht zu \u00fcberbieten, in seinem Machwerk: <a href=\"https:\/\/archive.org\/details\/kurteggersvommutigenlebenundtapferensterben193536s.text\/page\/n1\/mode\/1up\">\u201e<strong>Vom mutigen Leben und tapferen Sterben<\/strong>\u201c<\/a> l\u00e4sst er als Auseinandersetzung mit dem \u201eIns Gras bei\u00dfen\u201c ab &#8211; <strong>Stirb stolz!<\/strong><br \/>\n<span style=\"font-size: xx-small;\"><b>(<\/b>Besitze drei <i>Werke<\/i> von ihm, wobei die Biographie \u00fcber Ulrich von Hutten, mit Abstrichen sogar lesbar ist.<b>)<\/b> <\/span><br \/>\nDas hei\u00dft: denke daran, dass dein Tod die Erf\u00fcllung des Gesetzes ist und dass der Tod die Kr\u00f6nung der Pflicht ist. Denke daran, dass dein stolzer Tod den Jungen zur \u00dcberwindung des Grauens verhilft.<br \/>\nWer stolz stirbt, raubt dem Tod den Schrecken.<br \/>\nAus den \u201e<a href=\"https:\/\/de.wikipedia.org\/wiki\/Die_Abenteuer_des_Werner_Holt\">Abenteuern des Werner Hol<\/a>t\u201c stammt jener Spruch, der in die gleiche Kerbe haut: \u201eSchl\u00e4gst dich in Scherben, ich steh f\u00fcr zwei, und geht\u2019s ans Sterben, wir sind dabei.\u201c<br \/>\n<span style=\"font-size: small;\">In der 10. Klasse und den folgenden Jahren, wurde jener Spruch, oftmals w\u00e4hrend Rauschphase II &#8211; Hang zur allgemeinen Verbr\u00fcderung &#8211; nach entsprechenden Stichworten, am Stammtisch auch ewig von uns gebl\u00f6kt&#8230; <\/span><br \/>\nF\u00fcr die Daheimgebliebenen schlage ich, in gewisser Anlehnung entsprechende Wiederbelebung bestimmter Rituale mit Hilfe von Blech vor, die Erschaffung zeitgem\u00e4\u00dfer Orden und Ehrenzeichen:<br \/>\nAfghanistankreuz, 1., 2., 3. Klasse, mit Eichenlaub <strong>(<\/strong><em>Wahlweise \u2013 Mohnkapseln<\/em><strong>)<\/strong><br \/>\nEhrenkreuz f\u00fcr Hinterbliebene Deutscher Afghanistank\u00e4mpfer<br \/>\n\u00c4rmelschild \u201e<a href=\"https:\/\/www.derfunke.de\/rubriken\/geschichte\/786-friedrich-engels-afghanistan-das-schon-gegen-die-briten-widerstand-leistete\">Afghanistan<\/a>\u201c<br \/>\nNahkampfspange<br \/>\nVerwundetenabzeichen usw\u2026<br \/>\n<strong>Ich m\u00f6chte darauf hinweisen, der verblichene Kumpel hat meine Freiheit am Hindukusch nicht verteidigt!<\/strong><br \/>\nOhne Kommentar. <em>Abschlie\u00dfend etwas gestriges Geschw\u00e4tz<\/em>, vom gr\u00f6\u00dften Probierpolitiker der Republik: Kurz nach dem 2. Weltkrieg lie\u00df Franz-Josef Strau\u00df ab, &#8220;Wer als Deutscher noch einmal eine Waffe anfasst, dem soll die Hand abfallen&#8221;. 1956 wurde er Verteidigungsminister, baute die Bundeswehr massiv auf und strebte sogar nach deutschen Atomwaffen&#8230;<\/p>\n","protected":false},"excerpt":{"rendered":"<p>F\u00fcr Deutschland gefallen Helm ab zum Gebet. Millionen von Deutschen sind schon auf dem Feld der Ehre gestolpert und dann gefallen. Dabei betrachte ich nur die letzten 140 Jahre, es betrifft ca. f\u00fcnf\/sechs Generationen, was folglich jede Familie ber\u00fchrte, die einen mehr, die anderen weniger. Nun kann man ja \u00e4u\u00dfern, wo gehobelt wird, da fallen [&hellip;]<\/p>\n","protected":false},"author":6,"featured_media":0,"comment_status":"open","ping_status":"closed","sticky":false,"template":"","format":"standard","meta":{"footnotes":""},"categories":[55,22],"tags":[],"class_list":["post-624","post","type-post","status-publish","format-standard","hentry","category-alltaeglicher-wahnwitz","category-der-tagesspiegel"],"_links":{"self":[{"href":"https:\/\/zonenklaus.de\/wordpress\/index.php?rest_route=\/wp\/v2\/posts\/624","targetHints":{"allow":["GET"]}}],"collection":[{"href":"https:\/\/zonenklaus.de\/wordpress\/index.php?rest_route=\/wp\/v2\/posts"}],"about":[{"href":"https:\/\/zonenklaus.de\/wordpress\/index.php?rest_route=\/wp\/v2\/types\/post"}],"author":[{"embeddable":true,"href":"https:\/\/zonenklaus.de\/wordpress\/index.php?rest_route=\/wp\/v2\/users\/6"}],"replies":[{"embeddable":true,"href":"https:\/\/zonenklaus.de\/wordpress\/index.php?rest_route=%2Fwp%2Fv2%2Fcomments&post=624"}],"version-history":[{"count":6,"href":"https:\/\/zonenklaus.de\/wordpress\/index.php?rest_route=\/wp\/v2\/posts\/624\/revisions"}],"predecessor-version":[{"id":45208,"href":"https:\/\/zonenklaus.de\/wordpress\/index.php?rest_route=\/wp\/v2\/posts\/624\/revisions\/45208"}],"wp:attachment":[{"href":"https:\/\/zonenklaus.de\/wordpress\/index.php?rest_route=%2Fwp%2Fv2%2Fmedia&parent=624"}],"wp:term":[{"taxonomy":"category","embeddable":true,"href":"https:\/\/zonenklaus.de\/wordpress\/index.php?rest_route=%2Fwp%2Fv2%2Fcategories&post=624"},{"taxonomy":"post_tag","embeddable":true,"href":"https:\/\/zonenklaus.de\/wordpress\/index.php?rest_route=%2Fwp%2Fv2%2Ftags&post=624"}],"curies":[{"name":"wp","href":"https:\/\/api.w.org\/{rel}","templated":true}]}}