{"id":6287,"date":"2010-02-05T23:09:24","date_gmt":"2010-02-05T22:09:24","guid":{"rendered":"http:\/\/12decode.de\/zonenklaus\/wordpress\/?p=6287"},"modified":"2017-12-31T02:00:20","modified_gmt":"2017-12-31T01:00:20","slug":"rechtsextreme-durfen-weiter-marschieren","status":"publish","type":"post","link":"https:\/\/zonenklaus.de\/wordpress\/?p=6287","title":{"rendered":"Rechtsextreme d\u00fcrfen weiter marschieren&#8230;"},"content":{"rendered":"<p><a href=\"http:\/\/12decode.de\/zonenklaus\/wordpress\/wp-content\/uploads\/2010\/02\/1-freisler-\u00e4\u00e4.jpg\"><img loading=\"lazy\" decoding=\"async\" class=\"alignleft size-medium wp-image-6288\" src=\"http:\/\/12decode.de\/zonenklaus\/wordpress\/wp-content\/uploads\/2010\/02\/1-freisler-\u00e4\u00e4-206x300.jpg\" alt=\"\" width=\"206\" height=\"300\" srcset=\"https:\/\/zonenklaus.de\/wordpress\/wp-content\/uploads\/2010\/02\/1-freisler-\u00e4\u00e4-206x300.jpg 206w, https:\/\/zonenklaus.de\/wordpress\/wp-content\/uploads\/2010\/02\/1-freisler-\u00e4\u00e4-103x150.jpg 103w, https:\/\/zonenklaus.de\/wordpress\/wp-content\/uploads\/2010\/02\/1-freisler-\u00e4\u00e4-706x1024.jpg 706w, https:\/\/zonenklaus.de\/wordpress\/wp-content\/uploads\/2010\/02\/1-freisler-\u00e4\u00e4.jpg 1144w\" sizes=\"auto, (max-width: 206px) 100vw, 206px\" \/><\/a>(<a href=\"http:\/\/de.wikipedia.org\/wiki\/Nationalsozialistisches_Kraftfahrkorps\">NSKK<\/a>&#8211; <a href=\"http:\/\/books.google.de\/books?id=OPvvTKbOXWoC&amp;pg=PA78&amp;lpg=PA78&amp;dq=NSKK+%28Nationalsozialistisches+Kraftfahrkorps+dienstgrade&amp;source=bl&amp;ots=dYtsrcnhgV&amp;sig=SSCX9vTkeJlomeU8Ev7kr7ZBiQg&amp;hl=de&amp;ei=doZtS8qOFJHx-Qay8sDvAw&amp;sa=X&amp;oi=book_result&amp;ct=result&amp;resnum=3&amp;ved=0CA4Q6AEwAg#v=onepage&amp;q=&amp;f=false\">Brigadef\u00fchrer<\/a>)<\/p>\n<p>Honi soit qui mal y pense [\u0254ni\u02c8swa kimali\u02c8p\u0251\u0303s]<br \/>\n&#8211; Wenn jemand der Meinung sein sollte, dass ich mit diesem Nachruf eine Verquickung zur <em>heutigen, unabh\u00e4ngigen und demokratischen Gerichtsbarkeit<\/em> herstellen wollte, dies lag mir etwas ferner. Sonst w\u00e4ren n\u00e4mlich im vorherigen Satz einige Adjektive zus\u00e4tzlich mit G\u00e4nsef\u00fc\u00dfchen gerahmt worden, <em>mit janz, janz jro\u00dfen<\/em>!<br \/>\nNur so. Denn dieser ehemalige \u201eRechtspfleger\u201c ist doch bereits lange verblichen. Deshalb wundert es mich schon leicht, was manchmal f\u00fcr Urteile gesprochen werden&#8230;<\/p>\n<p><!--more-->Gut, ich will es positiv sehen. Da man diese Art von Rechtsprechung in der gesamten Republik antreffen kann, gehe ich davon aus, dass es sich bei den Dresdner Richtern nicht um Altlasten handelt, die sich zu Heinz <a href=\"http:\/\/de.wikipedia.org\/wiki\/Heinz_Eggert\">Eggerts<\/a> Zeiten klammheimlich unter den demokratischen Fittichen verdr\u00fccken konnten. Mir klingel noch seine Worte in den Ohren, als er 1991 in einem Interview folgendes \u00e4u\u00dferte: SPIEGEL: <em>Der Beamtenstatus setzt ein besonderes Treueverh\u00e4ltnis zu unserem Staat voraus. Kann man diese Loyalit\u00e4t \u00fcberhaupt von Polizisten erwarten, die jahrelang ein Unterdr\u00fcckungssystem gest\u00fctzt haben? EGGERT: Wenn Opportunismus staatstragend ist, jederzeit. Was wollen Sie machen? Es gab nicht 17 Millionen Widerstandsk\u00e4mpfer in der DDR, und man muss die Leute so nehmen, wie sie sind. Ich setze auf die Lernf\u00e4higkeit der Polizisten.<\/em><br \/>\nHeinz Eggerts ist ein gro\u00dfer demokraturischer Witzbold!<\/p>\n<p><a href=\"http:\/\/de.news.yahoo.com\/2\/20100205\/tts-rechtsextreme-duerfen-laut-gericht-d-c1b2fc3.html\">Rechtsextreme d\u00fcrfen laut Gericht durch Dresden marschieren<\/a><\/p>\n","protected":false},"excerpt":{"rendered":"<p>(NSKK&#8211; Brigadef\u00fchrer) Honi soit qui mal y pense [\u0254ni\u02c8swa kimali\u02c8p\u0251\u0303s] &#8211; Wenn jemand der Meinung sein sollte, dass ich mit diesem Nachruf eine Verquickung zur heutigen, unabh\u00e4ngigen und demokratischen Gerichtsbarkeit herstellen wollte, dies lag mir etwas ferner. Sonst w\u00e4ren n\u00e4mlich im vorherigen Satz einige Adjektive zus\u00e4tzlich mit G\u00e4nsef\u00fc\u00dfchen gerahmt worden, mit janz, janz jro\u00dfen! Nur [&hellip;]<\/p>\n","protected":false},"author":6,"featured_media":0,"comment_status":"open","ping_status":"closed","sticky":false,"template":"","format":"standard","meta":{"footnotes":""},"categories":[1],"tags":[],"class_list":["post-6287","post","type-post","status-publish","format-standard","hentry","category-allgemeines"],"_links":{"self":[{"href":"https:\/\/zonenklaus.de\/wordpress\/index.php?rest_route=\/wp\/v2\/posts\/6287","targetHints":{"allow":["GET"]}}],"collection":[{"href":"https:\/\/zonenklaus.de\/wordpress\/index.php?rest_route=\/wp\/v2\/posts"}],"about":[{"href":"https:\/\/zonenklaus.de\/wordpress\/index.php?rest_route=\/wp\/v2\/types\/post"}],"author":[{"embeddable":true,"href":"https:\/\/zonenklaus.de\/wordpress\/index.php?rest_route=\/wp\/v2\/users\/6"}],"replies":[{"embeddable":true,"href":"https:\/\/zonenklaus.de\/wordpress\/index.php?rest_route=%2Fwp%2Fv2%2Fcomments&post=6287"}],"version-history":[{"count":33,"href":"https:\/\/zonenklaus.de\/wordpress\/index.php?rest_route=\/wp\/v2\/posts\/6287\/revisions"}],"predecessor-version":[{"id":30680,"href":"https:\/\/zonenklaus.de\/wordpress\/index.php?rest_route=\/wp\/v2\/posts\/6287\/revisions\/30680"}],"wp:attachment":[{"href":"https:\/\/zonenklaus.de\/wordpress\/index.php?rest_route=%2Fwp%2Fv2%2Fmedia&parent=6287"}],"wp:term":[{"taxonomy":"category","embeddable":true,"href":"https:\/\/zonenklaus.de\/wordpress\/index.php?rest_route=%2Fwp%2Fv2%2Fcategories&post=6287"},{"taxonomy":"post_tag","embeddable":true,"href":"https:\/\/zonenklaus.de\/wordpress\/index.php?rest_route=%2Fwp%2Fv2%2Ftags&post=6287"}],"curies":[{"name":"wp","href":"https:\/\/api.w.org\/{rel}","templated":true}]}}