{"id":6329,"date":"2010-02-06T22:59:57","date_gmt":"2010-02-06T21:59:57","guid":{"rendered":"http:\/\/12decode.de\/zonenklaus\/wordpress\/?p=6329"},"modified":"2010-02-07T18:41:25","modified_gmt":"2010-02-07T17:41:25","slug":"die-heroisierung-der-alleinerziehenden","status":"publish","type":"post","link":"https:\/\/zonenklaus.de\/wordpress\/?p=6329","title":{"rendered":"Die Heroisierung der Alleinerziehenden"},"content":{"rendered":"<p>Gestern wurde von mir noch einen Tipp versaubeutelt &#8211; das <a href=\"http:\/\/ondemand-mp3.dradio.de\/file\/dradio\/2010\/02\/05\/drk_20100205_0722_0f512e67.mp3\">POLITISCHES<\/a> FEUILLETON von Paul-Hermann Gruner im DRadio Kultur.  F\u00fcr den Anfang fand ich, dass er schon recht gut miauzte.<\/p>\n<p>Vor ungef\u00e4hr 30 Jahren war f\u00fcr mich noch vieles in dieser Richtung relativ in Ordnung, als alle Welt begann diese Damen zu hofieren.  Eine gro\u00dfe Minderheit, besonders wenn sie in Rudeln auftraten, konnte man sehr einfach links liegen lassen, weil sich diese Fraktion oft schon meilenweit vorher erkennen lie\u00dfen &#8211; an ihren \u201eWeibermischfarbenen\u201c Latzhosen und den fettigen Haaren. Wieso es zu dieser FDP-m\u00e4\u00dfigen Ausdrucksform der Farbgebung kam, konnte mir niemals erkl\u00e4rt werden. Rote und blaue Pigmente vermanscht, nicht Fisch, nicht Fleisch &#8211; es entstand das ideologisch\/verwaschene \u201eVIOLETT\u201c. Als Kr\u00f6nung kam oft, zus\u00e4tzlich im gleichen Farbton gehalten, die um den Hals geschlungenen Windel, so als Pendant zum m\u00e4nnlich\/chauvinistischen Pal\u00e4stinenserfeudel&#8230;<\/p>\n","protected":false},"excerpt":{"rendered":"<p>Gestern wurde von mir noch einen Tipp versaubeutelt &#8211; das POLITISCHES FEUILLETON von Paul-Hermann Gruner im DRadio Kultur. F\u00fcr den Anfang fand ich, dass er schon recht gut miauzte. Vor ungef\u00e4hr 30 Jahren war f\u00fcr mich noch vieles in dieser Richtung relativ in Ordnung, als alle Welt begann diese Damen zu hofieren. Eine gro\u00dfe Minderheit, [&hellip;]<\/p>\n","protected":false},"author":6,"featured_media":0,"comment_status":"open","ping_status":"closed","sticky":false,"template":"","format":"standard","meta":{"footnotes":""},"categories":[1],"tags":[],"class_list":["post-6329","post","type-post","status-publish","format-standard","hentry","category-allgemeines"],"_links":{"self":[{"href":"https:\/\/zonenklaus.de\/wordpress\/index.php?rest_route=\/wp\/v2\/posts\/6329","targetHints":{"allow":["GET"]}}],"collection":[{"href":"https:\/\/zonenklaus.de\/wordpress\/index.php?rest_route=\/wp\/v2\/posts"}],"about":[{"href":"https:\/\/zonenklaus.de\/wordpress\/index.php?rest_route=\/wp\/v2\/types\/post"}],"author":[{"embeddable":true,"href":"https:\/\/zonenklaus.de\/wordpress\/index.php?rest_route=\/wp\/v2\/users\/6"}],"replies":[{"embeddable":true,"href":"https:\/\/zonenklaus.de\/wordpress\/index.php?rest_route=%2Fwp%2Fv2%2Fcomments&post=6329"}],"version-history":[{"count":13,"href":"https:\/\/zonenklaus.de\/wordpress\/index.php?rest_route=\/wp\/v2\/posts\/6329\/revisions"}],"predecessor-version":[{"id":6343,"href":"https:\/\/zonenklaus.de\/wordpress\/index.php?rest_route=\/wp\/v2\/posts\/6329\/revisions\/6343"}],"wp:attachment":[{"href":"https:\/\/zonenklaus.de\/wordpress\/index.php?rest_route=%2Fwp%2Fv2%2Fmedia&parent=6329"}],"wp:term":[{"taxonomy":"category","embeddable":true,"href":"https:\/\/zonenklaus.de\/wordpress\/index.php?rest_route=%2Fwp%2Fv2%2Fcategories&post=6329"},{"taxonomy":"post_tag","embeddable":true,"href":"https:\/\/zonenklaus.de\/wordpress\/index.php?rest_route=%2Fwp%2Fv2%2Ftags&post=6329"}],"curies":[{"name":"wp","href":"https:\/\/api.w.org\/{rel}","templated":true}]}}