{"id":6462,"date":"2010-02-15T23:08:06","date_gmt":"2010-02-15T22:08:06","guid":{"rendered":"http:\/\/12decode.de\/zonenklaus\/wordpress\/?p=6462"},"modified":"2018-10-13T08:49:13","modified_gmt":"2018-10-13T07:49:13","slug":"guida-westerwave","status":"publish","type":"post","link":"https:\/\/zonenklaus.de\/wordpress\/?p=6462","title":{"rendered":"GUIDA WESTERWAVE"},"content":{"rendered":"<p>Die <a href=\"http:\/\/www.taz.de\/zeitung\/\">Sch\u00fclerzeitung<\/a> titelte heute etwas von einem Depp der Nation, den sie mit dieser Darstellung auch noch aufwerteten. Leute, der Junge dreht doch vollends durch, wenn ihn jeder auch noch mit seinem Senf bekleckert.<br \/>\nWenige Wochen im Amt und schon bet\u00e4tigt er sich auf einem Nebenkriegsschauplatz als tollw\u00fctiger Sancho Pansa gegen <em>Hartzer der vierten Kategorie.<\/em><br \/>\nEigentlich k\u00f6nnte er ja wieder verschwinden, schlie\u00dflich durfte er schon \u00fcber 100 Tage den ersten schwulen Vizekanzler spielen&#8230;<br \/>\nIhm ging es doch scheinbar nur darum, krankhaft gefalls\u00fcchtig dem Rest der Welt zu beweisen, dass man als Typ f\u00fcr dieses Amt nicht zwingend hetero gepolt sein muss.<br \/>\nEigentlich wundert es mich nicht, warum <em>Sozio-<\/em> und <em>P\u00fccholochen<\/em>, <em>Schefferziehungswissenschaftler<\/em>,<em> Kriminolochen<\/em> und sonst was f\u00fcr <em>Welterkl\u00e4rer<\/em>, die bei jeder Kleinigkeit in Talkshows auftauchen, dort mit abstrusen und nicht nachvollziehbaren Erkl\u00e4rungsmustern aufwarten, diesen gelben Komiker vollkommen ignorieren.<br \/>\nWie war das mit den Kr\u00e4hen, den emporgekommenen, die treten sich nicht gegenseitig in die Eier. Solche E<em>ks<\/em>perten werden lediglich erst aktiv, wenn alles den Bach runter gegangen ist, dann hatten sie es aber schon immer gewusst.<!--more--><br \/>\nEs existieren wenige Begebenheit in meinem Leben, wo ich mir vorstellen k\u00f6nnte, dass sie mir irgendwie peinlich w\u00e4ren&#8230;, aber dieser Mann \u2013 nee!<br \/>\nIn meinen Erinnerungen kommt mir gerade der Dorfdepp, selbiger Narr war auf seine Art immer eine geachtete Pers\u00f6nlichkeit und durfte auch jede Menge verbalen D\u00fcnnschiss ablassen, allerdings waren in dieser Hinsicht seine Freiheiten nicht grenzenlos.<br \/>\nNahmen die Interpretationen seiner Wahrnehmungen, beleidigende oder gar krankhafte Ausma\u00dfe an, wurde er weggeschlossen. In solchen, daf\u00fcr vorgesehenen Etablissement konnte er viele neue und gleichwertige Kollegen kennen lernen.<br \/>\nWas nicht ist, kann ja noch werden.<br \/>\nSollte man an GW(!) appellieren? Dies w\u00fcrde sicher nichts bringen, ich finde, er ist absolut respektlos. Sollte man\u00a0 vielleicht f\u00fcr ihn sammeln, damit er einen Schnupperkurs der Fallschirmspringerei buchen k\u00f6nnte?<br \/>\nVielleicht sollte unser geliebter <em>Fun-Politikus<\/em> sein <a href=\"http:\/\/www.fdp-thueringen.de\/upload\/guidomobil.jpg\">Guidomobil<\/a> wieder aktivieren, allerdings farblich etwas anders gestaltet. Es k\u00f6nnte ein rollender <a href=\"http:\/\/www.tip-berlin.de\/musik-und-party\/berlin-hauptstadt-der-darkrooms\">Darkroom<\/a> werden, mit Guida als <a href=\"http:\/\/de.wikipedia.org\/wiki\/Domina_%28BDSM%29\">Domina<\/a>. Drinnen lie\u00dfe sich dann vorz\u00fcglich mit einer <a href=\"http:\/\/www.google.de\/imgres?imgurl=http:\/\/www.kosakenreiten.de\/1_876_b.jpg&amp;imgrefurl=http:\/\/www.kosakenreiten.de\/ausruestung1.htm&amp;h=381&amp;w=500&amp;sz=63&amp;tbnid=M74boSHRASQJ6M:&amp;tbnh=99&amp;tbnw=130&amp;prev=\/images%3Fq%3Dnagaika&amp;hl=de&amp;usg=__gtUtz-7kx2W4-5TIOZkDvQoy33E=&amp;ei=ztF5S6iwN4r4-AbRip2kCA&amp;sa=X&amp;oi=image_result&amp;resnum=8&amp;ct=image&amp;ved=0CBcQ9QEwBw\">Nagaika<\/a> oder einem <a href=\"http:\/\/de.wikipedia.org\/wiki\/Morgenstern_%28Waffe%29\">Morgenstern<\/a>, bei den entsprechenden G\u00e4sten sogar Lustgewinn heraus kitzeln. Wenn es die Richtigen trifft, sind S&amp;M-Pr\u00fcgel allemal besser, als substanzlose aber medientr\u00e4chtige Rundumschl\u00e4ge gegen die schw\u00e4chsten Zeitgenossen in unserer Gesellschaft.<\/p>\n<div id=\"_mcePaste\" style=\"position: absolute; left: -10000px; top: 546px; width: 1px; height: 1px; overflow: hidden;\">\n<p><!-- @page { margin: 2cm } P { margin-bottom: 0.21cm } --><\/p>\n<p style=\"margin-bottom: 0cm;\">S&amp;M-Pr\u00fcgel sind allemal besser, als das medientr\u00e4chte Einschlagen auf die Schw\u00e4chsten in unserer Gesellschaft.<\/p>\n<\/div>\n","protected":false},"excerpt":{"rendered":"<p>Die Sch\u00fclerzeitung titelte heute etwas von einem Depp der Nation, den sie mit dieser Darstellung auch noch aufwerteten. Leute, der Junge dreht doch vollends durch, wenn ihn jeder auch noch mit seinem Senf bekleckert. Wenige Wochen im Amt und schon bet\u00e4tigt er sich auf einem Nebenkriegsschauplatz als tollw\u00fctiger Sancho Pansa gegen Hartzer der vierten Kategorie. [&hellip;]<\/p>\n","protected":false},"author":6,"featured_media":0,"comment_status":"open","ping_status":"closed","sticky":false,"template":"","format":"standard","meta":{"footnotes":""},"categories":[1],"tags":[],"class_list":["post-6462","post","type-post","status-publish","format-standard","hentry","category-allgemeines"],"_links":{"self":[{"href":"https:\/\/zonenklaus.de\/wordpress\/index.php?rest_route=\/wp\/v2\/posts\/6462","targetHints":{"allow":["GET"]}}],"collection":[{"href":"https:\/\/zonenklaus.de\/wordpress\/index.php?rest_route=\/wp\/v2\/posts"}],"about":[{"href":"https:\/\/zonenklaus.de\/wordpress\/index.php?rest_route=\/wp\/v2\/types\/post"}],"author":[{"embeddable":true,"href":"https:\/\/zonenklaus.de\/wordpress\/index.php?rest_route=\/wp\/v2\/users\/6"}],"replies":[{"embeddable":true,"href":"https:\/\/zonenklaus.de\/wordpress\/index.php?rest_route=%2Fwp%2Fv2%2Fcomments&post=6462"}],"version-history":[{"count":18,"href":"https:\/\/zonenklaus.de\/wordpress\/index.php?rest_route=\/wp\/v2\/posts\/6462\/revisions"}],"predecessor-version":[{"id":31989,"href":"https:\/\/zonenklaus.de\/wordpress\/index.php?rest_route=\/wp\/v2\/posts\/6462\/revisions\/31989"}],"wp:attachment":[{"href":"https:\/\/zonenklaus.de\/wordpress\/index.php?rest_route=%2Fwp%2Fv2%2Fmedia&parent=6462"}],"wp:term":[{"taxonomy":"category","embeddable":true,"href":"https:\/\/zonenklaus.de\/wordpress\/index.php?rest_route=%2Fwp%2Fv2%2Fcategories&post=6462"},{"taxonomy":"post_tag","embeddable":true,"href":"https:\/\/zonenklaus.de\/wordpress\/index.php?rest_route=%2Fwp%2Fv2%2Ftags&post=6462"}],"curies":[{"name":"wp","href":"https:\/\/api.w.org\/{rel}","templated":true}]}}