{"id":6480,"date":"2010-02-16T22:46:42","date_gmt":"2010-02-16T21:46:42","guid":{"rendered":"http:\/\/12decode.de\/zonenklaus\/wordpress\/?p=6480"},"modified":"2010-02-16T22:46:42","modified_gmt":"2010-02-16T21:46:42","slug":"dresden","status":"publish","type":"post","link":"https:\/\/zonenklaus.de\/wordpress\/?p=6480","title":{"rendered":"DRESDEN"},"content":{"rendered":"<p><strong>FOCUS online, 13.02.2010: <\/strong><br \/>\n&#8230; Der Jahrestag der Zerst\u00f6rung sei in Dresden traditionell ein \u201estiller Tag der Trauer\u201c, sagte Orosz. Es m\u00fcsse aber auch daran erinnert werden, \u201ewer den verdammten Krieg losgetreten hat\u201c. Sie verwies darauf, dass ausgerechnet in der Kunst- und Kulturstadt Dresden bereits im M\u00e4rz 1933 eine erste B\u00fccherverbrennung stattgefunden hatte. Die CDU-Politikerin f\u00fcgte hinzu: \u201eBevor Dresden brannte, brannte Sempers Synagoge, brannten Warschau, Rotterdam und Coventry\u201c. Diese Wahrheiten m\u00fcssten den \u201eEwiggestrigen\u201c und Rechtsextremisten entgegengehalten werden. \u201eDresden will sie nicht\u201c, sagte Orosz unter dem Beifall der Teilnehmer&#8230;<br \/>\nUnd dies lie\u00df eine CDU-lerin ab<br \/>\nVor \u00fcber 50 Jahren sprach man auch in der Zone noch vom Anglo-Amerikanischen Bombenterror, dem \u00fcber 350 000 Menschen zum Opfer fielen<br \/>\nGenaue Zahlen konnte man nie ver\u00f6ffentlichen<br \/>\nDer 13. Februar war schon fr\u00fcher im Osten ein magisches Datum, dazu f\u00fcge ich etwas bebildertes zu. <a href=\"http:\/\/12decode.de\/zonenklaus\/wordpress\/wp-content\/uploads\/2010\/02\/kirche-\u00e4.jpg\"><img loading=\"lazy\" decoding=\"async\" class=\"alignleft size-medium wp-image-6484\" src=\"http:\/\/12decode.de\/zonenklaus\/wordpress\/wp-content\/uploads\/2010\/02\/kirche-\u00e4-211x300.jpg\" alt=\"\" width=\"211\" height=\"300\" srcset=\"https:\/\/zonenklaus.de\/wordpress\/wp-content\/uploads\/2010\/02\/kirche-\u00e4-211x300.jpg 211w, https:\/\/zonenklaus.de\/wordpress\/wp-content\/uploads\/2010\/02\/kirche-\u00e4-105x150.jpg 105w, https:\/\/zonenklaus.de\/wordpress\/wp-content\/uploads\/2010\/02\/kirche-\u00e4-723x1024.jpg 723w, https:\/\/zonenklaus.de\/wordpress\/wp-content\/uploads\/2010\/02\/kirche-\u00e4.jpg 1233w\" sizes=\"auto, (max-width: 211px) 100vw, 211px\" \/><\/a><a href=\"http:\/\/12decode.de\/zonenklaus\/wordpress\/wp-content\/uploads\/2010\/02\/volks-\u00e4.jpg\"><img loading=\"lazy\" decoding=\"async\" class=\"alignleft size-medium wp-image-6488\" src=\"http:\/\/12decode.de\/zonenklaus\/wordpress\/wp-content\/uploads\/2010\/02\/volks-\u00e4-216x300.jpg\" alt=\"\" width=\"216\" height=\"300\" srcset=\"https:\/\/zonenklaus.de\/wordpress\/wp-content\/uploads\/2010\/02\/volks-\u00e4-216x300.jpg 216w, https:\/\/zonenklaus.de\/wordpress\/wp-content\/uploads\/2010\/02\/volks-\u00e4-108x150.jpg 108w, https:\/\/zonenklaus.de\/wordpress\/wp-content\/uploads\/2010\/02\/volks-\u00e4-740x1024.jpg 740w, https:\/\/zonenklaus.de\/wordpress\/wp-content\/uploads\/2010\/02\/volks-\u00e4.jpg 1231w\" sizes=\"auto, (max-width: 216px) 100vw, 216px\" \/><\/a><br \/>\nNebenbei wurden wir mit der Problematik des III. Reiches bis zum Kotzen abgef\u00fcttert und vieles kam auch noch als geklitterte Kost r\u00fcber. Allerdings konnte sich jeder ein Reim machen, weshalb es letztendlich zu diesen alliierten Retourkutschen kam<br \/>\nAuch dazu h\u00e4nge ich etwas dran.<!--more--><\/p>\n<p><a href=\"http:\/\/12decode.de\/zonenklaus\/wordpress\/wp-content\/uploads\/2010\/02\/1944-1-\u00e4.jpg\"><img loading=\"lazy\" decoding=\"async\" class=\"alignleft size-medium wp-image-6494\" src=\"http:\/\/12decode.de\/zonenklaus\/wordpress\/wp-content\/uploads\/2010\/02\/1944-1-\u00e4-300x217.jpg\" alt=\"\" width=\"300\" height=\"217\" srcset=\"https:\/\/zonenklaus.de\/wordpress\/wp-content\/uploads\/2010\/02\/1944-1-\u00e4-300x217.jpg 300w, https:\/\/zonenklaus.de\/wordpress\/wp-content\/uploads\/2010\/02\/1944-1-\u00e4-150x108.jpg 150w, https:\/\/zonenklaus.de\/wordpress\/wp-content\/uploads\/2010\/02\/1944-1-\u00e4-1024x742.jpg 1024w, https:\/\/zonenklaus.de\/wordpress\/wp-content\/uploads\/2010\/02\/1944-1-\u00e4.jpg 1717w\" sizes=\"auto, (max-width: 300px) 100vw, 300px\" \/><\/a><a href=\"http:\/\/12decode.de\/zonenklaus\/wordpress\/wp-content\/uploads\/2010\/02\/1944-\u00e4.jpg\"><img loading=\"lazy\" decoding=\"async\" class=\"alignleft size-medium wp-image-6491\" title=\"Alles noch recht lustlos markiert\" src=\"http:\/\/12decode.de\/zonenklaus\/wordpress\/wp-content\/uploads\/2010\/02\/1944-\u00e4-300x217.jpg\" alt=\"\" width=\"300\" height=\"217\" srcset=\"https:\/\/zonenklaus.de\/wordpress\/wp-content\/uploads\/2010\/02\/1944-\u00e4-300x217.jpg 300w, https:\/\/zonenklaus.de\/wordpress\/wp-content\/uploads\/2010\/02\/1944-\u00e4-150x108.jpg 150w, https:\/\/zonenklaus.de\/wordpress\/wp-content\/uploads\/2010\/02\/1944-\u00e4-1024x743.jpg 1024w, https:\/\/zonenklaus.de\/wordpress\/wp-content\/uploads\/2010\/02\/1944-\u00e4.jpg 1721w\" sizes=\"auto, (max-width: 300px) 100vw, 300px\" \/><\/a><a href=\"http:\/\/12decode.de\/zonenklaus\/wordpress\/wp-content\/uploads\/2010\/02\/1945-\u00e4.jpg\"><img loading=\"lazy\" decoding=\"async\" class=\"alignleft size-medium wp-image-6502\" src=\"http:\/\/12decode.de\/zonenklaus\/wordpress\/wp-content\/uploads\/2010\/02\/1945-\u00e4-300x216.jpg\" alt=\"\" width=\"300\" height=\"216\" srcset=\"https:\/\/zonenklaus.de\/wordpress\/wp-content\/uploads\/2010\/02\/1945-\u00e4-300x216.jpg 300w, https:\/\/zonenklaus.de\/wordpress\/wp-content\/uploads\/2010\/02\/1945-\u00e4-150x108.jpg 150w, https:\/\/zonenklaus.de\/wordpress\/wp-content\/uploads\/2010\/02\/1945-\u00e4-1024x737.jpg 1024w, https:\/\/zonenklaus.de\/wordpress\/wp-content\/uploads\/2010\/02\/1945-\u00e4.jpg 1719w\" sizes=\"auto, (max-width: 300px) 100vw, 300px\" \/><\/a>Alle Notizen auf diesen beiden Kalendern wurden illegal verzapft und waren viele Monate Haft wert! Fast keiner kann sich heute noch vorstellen, was diese Tage und N\u00e4chte f\u00fcr ein Dauerstress bedeuteten.<a href=\"http:\/\/12decode.de\/zonenklaus\/wordpress\/wp-content\/uploads\/2010\/02\/luftalarm-\u00e4.jpg\"><img loading=\"lazy\" decoding=\"async\" class=\"alignleft size-medium wp-image-6498\" src=\"http:\/\/12decode.de\/zonenklaus\/wordpress\/wp-content\/uploads\/2010\/02\/luftalarm-\u00e4-202x300.jpg\" alt=\"\" width=\"202\" height=\"300\" srcset=\"https:\/\/zonenklaus.de\/wordpress\/wp-content\/uploads\/2010\/02\/luftalarm-\u00e4-202x300.jpg 202w, https:\/\/zonenklaus.de\/wordpress\/wp-content\/uploads\/2010\/02\/luftalarm-\u00e4-101x150.jpg 101w, https:\/\/zonenklaus.de\/wordpress\/wp-content\/uploads\/2010\/02\/luftalarm-\u00e4.jpg 633w\" sizes=\"auto, (max-width: 202px) 100vw, 202px\" \/><\/a><a href=\"http:\/\/12decode.de\/zonenklaus\/wordpress\/wp-content\/uploads\/2010\/02\/luftalarm1-\u00e4.jpg\"><img loading=\"lazy\" decoding=\"async\" class=\"alignleft size-medium wp-image-6499\" src=\"http:\/\/12decode.de\/zonenklaus\/wordpress\/wp-content\/uploads\/2010\/02\/luftalarm1-\u00e4-204x300.jpg\" alt=\"\" width=\"204\" height=\"300\" srcset=\"https:\/\/zonenklaus.de\/wordpress\/wp-content\/uploads\/2010\/02\/luftalarm1-\u00e4-204x300.jpg 204w, https:\/\/zonenklaus.de\/wordpress\/wp-content\/uploads\/2010\/02\/luftalarm1-\u00e4-102x150.jpg 102w, https:\/\/zonenklaus.de\/wordpress\/wp-content\/uploads\/2010\/02\/luftalarm1-\u00e4.jpg 640w\" sizes=\"auto, (max-width: 204px) 100vw, 204px\" \/><\/a><\/p>\n","protected":false},"excerpt":{"rendered":"<p>FOCUS online, 13.02.2010: &#8230; Der Jahrestag der Zerst\u00f6rung sei in Dresden traditionell ein \u201estiller Tag der Trauer\u201c, sagte Orosz. Es m\u00fcsse aber auch daran erinnert werden, \u201ewer den verdammten Krieg losgetreten hat\u201c. Sie verwies darauf, dass ausgerechnet in der Kunst- und Kulturstadt Dresden bereits im M\u00e4rz 1933 eine erste B\u00fccherverbrennung stattgefunden hatte. Die CDU-Politikerin f\u00fcgte [&hellip;]<\/p>\n","protected":false},"author":6,"featured_media":0,"comment_status":"open","ping_status":"closed","sticky":false,"template":"","format":"standard","meta":{"footnotes":""},"categories":[1],"tags":[],"class_list":["post-6480","post","type-post","status-publish","format-standard","hentry","category-allgemeines"],"_links":{"self":[{"href":"https:\/\/zonenklaus.de\/wordpress\/index.php?rest_route=\/wp\/v2\/posts\/6480","targetHints":{"allow":["GET"]}}],"collection":[{"href":"https:\/\/zonenklaus.de\/wordpress\/index.php?rest_route=\/wp\/v2\/posts"}],"about":[{"href":"https:\/\/zonenklaus.de\/wordpress\/index.php?rest_route=\/wp\/v2\/types\/post"}],"author":[{"embeddable":true,"href":"https:\/\/zonenklaus.de\/wordpress\/index.php?rest_route=\/wp\/v2\/users\/6"}],"replies":[{"embeddable":true,"href":"https:\/\/zonenklaus.de\/wordpress\/index.php?rest_route=%2Fwp%2Fv2%2Fcomments&post=6480"}],"version-history":[{"count":20,"href":"https:\/\/zonenklaus.de\/wordpress\/index.php?rest_route=\/wp\/v2\/posts\/6480\/revisions"}],"predecessor-version":[{"id":6509,"href":"https:\/\/zonenklaus.de\/wordpress\/index.php?rest_route=\/wp\/v2\/posts\/6480\/revisions\/6509"}],"wp:attachment":[{"href":"https:\/\/zonenklaus.de\/wordpress\/index.php?rest_route=%2Fwp%2Fv2%2Fmedia&parent=6480"}],"wp:term":[{"taxonomy":"category","embeddable":true,"href":"https:\/\/zonenklaus.de\/wordpress\/index.php?rest_route=%2Fwp%2Fv2%2Fcategories&post=6480"},{"taxonomy":"post_tag","embeddable":true,"href":"https:\/\/zonenklaus.de\/wordpress\/index.php?rest_route=%2Fwp%2Fv2%2Ftags&post=6480"}],"curies":[{"name":"wp","href":"https:\/\/api.w.org\/{rel}","templated":true}]}}