{"id":6554,"date":"2010-02-21T20:25:51","date_gmt":"2010-02-21T19:25:51","guid":{"rendered":"http:\/\/12decode.de\/zonenklaus\/wordpress\/?p=6554"},"modified":"2010-02-22T01:32:29","modified_gmt":"2010-02-22T00:32:29","slug":"der-silberpapierne-bar","status":"publish","type":"post","link":"https:\/\/zonenklaus.de\/wordpress\/?p=6554","title":{"rendered":"BERLINALE &#8211; ein stanniolb\u00e4R f\u00fcr den kifI"},"content":{"rendered":"<p>Heute morgen landete ich bei einem <a href=\"http:\/\/www.erf.de\/\">Kirchensender<\/a> mit saum\u00e4\u00dfiger <a href=\"http:\/\/12decode.de\/zonenklaus\/wordpress\/wp-content\/uploads\/2010\/02\/polanski.mp3\">AM<\/a>-Qualit\u00e4t, auch sie thematisierten den \u201eSilbernen B\u00e4ren\u201c, den Herr P. aus bekannten Gr\u00fcnden nicht pers\u00f6nlich einsacken konnte.<br \/>\nDie Umst\u00e4nde finde ich schon recht merkw\u00fcrdig, warum und weshalb er nach so langer Zeit ausgerechnet in der Schweiz hopp genommen wurde, obwohl er auch dort Jahrzehnte permanent aus- und einreiste. Unabh\u00e4ngig davon, hielt er sich nach seinem Abtauchen im Amiland des \u00f6fteren in Demokraturen auf, die ihn h\u00e4tten ausliefern k\u00f6nnen.<br \/>\nEgal wie man diese Heldentat betrachtet, wenn ein gestandener Typ von Anfang 40, eine 13-J\u00e4hrige mit Champagner und Drogen gef\u00fcgig machen muss, um sie zu stechen &#8211; dieser angehende Lustgreis hat es mit einem Kid getrieben. Leute! Er hat als Hetero seinerzeit das vollendet, was man in diesen Tagen Jesuitenpatern und vielen anderen katholischen Funktion\u00e4ren in der ganzen Welt vorwirft.<br \/>\nDeshalb finde ich sein witzig klingendes Statement nicht ganz passend: \u201eSelbst wenn ich gekonnt h\u00e4tte, w\u00e4re ich nicht gekommen. Denn als ich das letzte Mal zu einem Festival gekommen bin, um einen Preis entgegenzunehmen, bin ich im Gef\u00e4ngnis gelandet.\u201c<br \/>\nWarum nun viele Kollegen, vornweg der kleine Schl\u00f6ndorf, von \u201eeinem ungeheuren Kulturskandal\u201c reden und Petitionen f\u00fcr seine Freilassung verfassen, versteh ich auch nicht.<br \/>\nNun entspannt Euch mal! Schlie\u00dflich besitzt er doch nicht nur einen \u201ePromibonus\u201c&#8230;<br \/>\nIhn wird man letztendlich laufen lassen, im Gegensatz zu den kleinen, konfessionellen Frischfleischgourmets &#8211; die werden h\u00e4ngen<\/p>\n","protected":false},"excerpt":{"rendered":"<p>Heute morgen landete ich bei einem Kirchensender mit saum\u00e4\u00dfiger AM-Qualit\u00e4t, auch sie thematisierten den \u201eSilbernen B\u00e4ren\u201c, den Herr P. aus bekannten Gr\u00fcnden nicht pers\u00f6nlich einsacken konnte. Die Umst\u00e4nde finde ich schon recht merkw\u00fcrdig, warum und weshalb er nach so langer Zeit ausgerechnet in der Schweiz hopp genommen wurde, obwohl er auch dort Jahrzehnte permanent aus- [&hellip;]<\/p>\n","protected":false},"author":6,"featured_media":0,"comment_status":"open","ping_status":"closed","sticky":false,"template":"","format":"standard","meta":{"footnotes":""},"categories":[1],"tags":[],"class_list":["post-6554","post","type-post","status-publish","format-standard","hentry","category-allgemeines"],"_links":{"self":[{"href":"https:\/\/zonenklaus.de\/wordpress\/index.php?rest_route=\/wp\/v2\/posts\/6554","targetHints":{"allow":["GET"]}}],"collection":[{"href":"https:\/\/zonenklaus.de\/wordpress\/index.php?rest_route=\/wp\/v2\/posts"}],"about":[{"href":"https:\/\/zonenklaus.de\/wordpress\/index.php?rest_route=\/wp\/v2\/types\/post"}],"author":[{"embeddable":true,"href":"https:\/\/zonenklaus.de\/wordpress\/index.php?rest_route=\/wp\/v2\/users\/6"}],"replies":[{"embeddable":true,"href":"https:\/\/zonenklaus.de\/wordpress\/index.php?rest_route=%2Fwp%2Fv2%2Fcomments&post=6554"}],"version-history":[{"count":14,"href":"https:\/\/zonenklaus.de\/wordpress\/index.php?rest_route=\/wp\/v2\/posts\/6554\/revisions"}],"predecessor-version":[{"id":6561,"href":"https:\/\/zonenklaus.de\/wordpress\/index.php?rest_route=\/wp\/v2\/posts\/6554\/revisions\/6561"}],"wp:attachment":[{"href":"https:\/\/zonenklaus.de\/wordpress\/index.php?rest_route=%2Fwp%2Fv2%2Fmedia&parent=6554"}],"wp:term":[{"taxonomy":"category","embeddable":true,"href":"https:\/\/zonenklaus.de\/wordpress\/index.php?rest_route=%2Fwp%2Fv2%2Fcategories&post=6554"},{"taxonomy":"post_tag","embeddable":true,"href":"https:\/\/zonenklaus.de\/wordpress\/index.php?rest_route=%2Fwp%2Fv2%2Ftags&post=6554"}],"curies":[{"name":"wp","href":"https:\/\/api.w.org\/{rel}","templated":true}]}}