{"id":699,"date":"2008-09-12T23:28:34","date_gmt":"2008-09-12T22:28:34","guid":{"rendered":"http:\/\/12decode.de\/zonenklaus\/wordpress\/?p=699"},"modified":"2014-08-31T16:04:30","modified_gmt":"2014-08-31T15:04:30","slug":"americanfolkbluesfestival86quartierlatin","status":"publish","type":"post","link":"https:\/\/zonenklaus.de\/wordpress\/?p=699","title":{"rendered":"LOUISIANA RED &#8211; american folkbluesfestival 86 quartier latin"},"content":{"rendered":"<p><a href=\"http:\/\/12decode.de\/zonenklaus\/wordpress\/wp-content\/uploads\/2008\/09\/red-ab.jpg\"><img loading=\"lazy\" decoding=\"async\" class=\"alignnone size-full wp-image-707\" title=\"Iverson Minter - LOUISISANA RED - Photo \u00a9 eDe\" src=\"http:\/\/12decode.de\/zonenklaus\/wordpress\/wp-content\/uploads\/2008\/09\/red-ab.jpg\" alt=\"\" width=\"320\" height=\"444\" \/><\/a><\/p>\n<p><strong>eiN alteR berlineR<\/strong> &#8211; war der schwarz\/rote Big Boss schon lange, schon sehr sehr lange, lange bevor es der Provinzparteis\u00f6ldner Friedbert Pfl\u00fcger auch versuchte&#8230; <strong><a href=\"http:\/\/zonenklaus.de\/wordpress\/wp-content\/uploads\/2008\/09\/Berlin.mp3\">(Berlin)<\/a><\/strong><\/p>\n<p><!--more--> Dieser schwarze Politnapoleon <strong>(<\/strong><em>Auch so ein neuzeitlicher Probierpolitiker<\/em><strong>)<\/strong> wird wieder in der Provinz untertauchen und f\u00fcr den Rest seiner Tage, als MdB sein Leben fristen oder in Br\u00fcssel, Stra\u00dfburg&#8230;, hat doch auch was, wenn man die finanzielle Absicherung betrachtet. Gezwungener Ma\u00dfen lief Friedi mir h\u00e4ufig \u00fcber den Weg, oft in Begleitung von einem, oder zwei ganz l\u00fctten Bonsais. <strong>(<\/strong><em>Diese (overprotected) G\u00f6ren in den F\u00e4ngen \u00e4ltlicher Erziehungsberechtigter tun mir immer leid. Zudem habe ich t\u00e4glich solche Rudel im h\u00e4uslichen Kinderladen vor Augen.<\/em> Letzte Woche im INFO-Radio, ungef\u00e4hr so:<em> \u201e\u2026da wir beide, nun \u201esukzessive\u201c alles erreicht haben, Erfolg im Beruf, besitzen ein kleines H\u00e4uschen\u2026, kamen wir zu dem Entschluss und entschieden uns f\u00fcr ein Kind\u2026\u201c<\/em><strong>)<\/strong> Richtig, so kurz vor dem biologischen Torschluss noch schnell die eigenen p\u00e4dagogischen Defizite weiterreichen&#8230; <strong>(<\/strong><em>Wenn ich in solchem Fall an die stundenlangen Diskussionen denke, die vorher stattfanden, ob der Anschaffung eines niedlichen H\u00fcndchens oder eines Zossens, bis schlie\u00dflich die Entscheidung f\u00fcr ein Kind fiel und man sich sofort mit dessen Produktion befasste.<\/em><strong>)<\/strong><br \/>\nWieder zur\u00fcck.<br \/>\nF\u00fcr meine Begriffe <strong>(<\/strong><em>Andere empfinden es \u00e4hnlich<\/em><strong>)<\/strong> ist es nicht ganz koscher, das Scheitern von Dr. P., nur dem Berliner CDU-Sumpf und seinen Hegern und Pflegern anzulasten. Als Westentaschen-Pychologe, Staureporter, politischer Beobachter und Pickel am Arsch dieser Gesellschaft, keimen in meinem Haupt wieder abweichend Schlussfolgerungen. Wer diesen Import einmal hautnah erleben durfte, \u00fcber ein quentchen Menschenkenntnis verf\u00fcgt, nicht als politisch korrekter Gutmensch durch die Gegend schleicht, wird mir recht geben m\u00fcssen. Ausnahmen best\u00e4tigen hier wieder die Regel, auch eine kleinb\u00fcrgerliche Herkunft ist kein Garant f\u00fcr sp\u00e4ter souver\u00e4nes Auftreten. <em>(Schublade auf: Seine Mutti war Leererin: <\/em>Lehrers Kinder, Pfarrers Vieh, gedeien selten meistens nie.<em> In der heutigen Zeit m\u00fcssen den beiden vorher genannten Professionen, unbedingt noch andere Berufsgruppen hinzugef\u00fcgt werden, ich gehe soweit, ganze aufgestiegen soziale Schichten!)<\/em> Mir f\u00e4llt in diesem Augenblick niemand im Rampenlicht ein, der in seiner Art dem Geschassten \u00e4hnelt &#8211; der Reinkarnation des krankhaften \u201eNettseins\u201c <strong>(<\/strong><em>Ich verachte nette Leute<\/em><strong>)<\/strong>. Meine damit keineswegs, dass man Obacht geben muss, um auf seiner Schleimspur nicht auf die Fresse zu fallen. Wer schon mal eine Blindschleiche in seinen H\u00e4nden hielt, kann meine Metapher ohne weiteres nachvollziehen. Dieses Tierchen ist zwar staubtrocken, aber ganz schwer greifbar, ob wohl solch kleine Kreatur absolut keine politischen Ambitionen versp\u00fcrt. Friedi\u00b4s negative Aura fiel mir schon fr\u00fchzeitig auf, wenn ich mal im Cafe\u00b4 sa\u00df, und ihn registrierte, als er jeden in seiner Umgebung untert\u00e4nig gr\u00fc\u00dfte, dabei manche Omi irritierte, weil sie aus einer Laune heraus, von ihm unmotiviert angequatscht wurde. <strong>(<\/strong><em>In dieser Gegend irren sehr viele Alte herum, da in der angrenzenden Kirche, ev. Gottesdienste &#8211; nach Art der Wolgadeutschen &#8211; abgehalten werden.<\/em><strong>)<\/strong> Was soll ich dazu noch ablassen. Leute, die in ma\u00dfloser Selbst\u00fcbersch\u00e4tzung und Gefallsucht schwelgen<strong> (<\/strong><em>Der liebenswerte Donald Duck macht da eine Ausnahme<\/em><strong>)<\/strong>, werden zur Belustigung ihrer Umwelt, Gott sei Dank, nicht aussterben. Besonders gefiel mir in den letzten Jahren, jene rote Politpygm\u00e4ein aus dem hohen Norden, die mit ihren H\u00fctchen. Den Mitgliedern des Kieler Landtages war im M\u00e4rz 2005 das Gl\u00fcck hold, schlie\u00dflich gelang es dem \u00c4ltestenrat doch, Heide Simonis auszubremsen. Da bin ich mir sicher, sie h\u00e4tte zweifellos Wahlversuche beliebig lange fortgesetzt, ohne R\u00fccksicht auf die Gesundheit aller Anwesenden des Parlamentes. Demn\u00e4chst stellt ja &#8220;Hoppel-Heidi&#8221;, der Frau Ypsilanti in Hessen, ihre verwaisten Startl\u00f6cher f\u00fcr eine \u00e4hnlich geartete Gaudi zur Verf\u00fcgung\u2026<br \/>\nIn solchen Momenten wird mir immer wieder bewusst, zu welch menschlicher Gr\u00f6\u00dfe Uwe Barschel und J\u00fcrgen M\u00f6llemann am Ende ihres Parlamentarierdasein f\u00e4hig waren&#8230;<\/p>\n","protected":false},"excerpt":{"rendered":"<p>eiN alteR berlineR &#8211; war der schwarz\/rote Big Boss schon lange, schon sehr sehr lange, lange bevor es der Provinzparteis\u00f6ldner Friedbert Pfl\u00fcger auch versuchte&#8230; (Berlin)<\/p>\n","protected":false},"author":6,"featured_media":0,"comment_status":"open","ping_status":"closed","sticky":false,"template":"","format":"standard","meta":{"footnotes":""},"categories":[1],"tags":[],"class_list":["post-699","post","type-post","status-publish","format-standard","hentry","category-allgemeines"],"_links":{"self":[{"href":"https:\/\/zonenklaus.de\/wordpress\/index.php?rest_route=\/wp\/v2\/posts\/699","targetHints":{"allow":["GET"]}}],"collection":[{"href":"https:\/\/zonenklaus.de\/wordpress\/index.php?rest_route=\/wp\/v2\/posts"}],"about":[{"href":"https:\/\/zonenklaus.de\/wordpress\/index.php?rest_route=\/wp\/v2\/types\/post"}],"author":[{"embeddable":true,"href":"https:\/\/zonenklaus.de\/wordpress\/index.php?rest_route=\/wp\/v2\/users\/6"}],"replies":[{"embeddable":true,"href":"https:\/\/zonenklaus.de\/wordpress\/index.php?rest_route=%2Fwp%2Fv2%2Fcomments&post=699"}],"version-history":[{"count":6,"href":"https:\/\/zonenklaus.de\/wordpress\/index.php?rest_route=\/wp\/v2\/posts\/699\/revisions"}],"predecessor-version":[{"id":24754,"href":"https:\/\/zonenklaus.de\/wordpress\/index.php?rest_route=\/wp\/v2\/posts\/699\/revisions\/24754"}],"wp:attachment":[{"href":"https:\/\/zonenklaus.de\/wordpress\/index.php?rest_route=%2Fwp%2Fv2%2Fmedia&parent=699"}],"wp:term":[{"taxonomy":"category","embeddable":true,"href":"https:\/\/zonenklaus.de\/wordpress\/index.php?rest_route=%2Fwp%2Fv2%2Fcategories&post=699"},{"taxonomy":"post_tag","embeddable":true,"href":"https:\/\/zonenklaus.de\/wordpress\/index.php?rest_route=%2Fwp%2Fv2%2Ftags&post=699"}],"curies":[{"name":"wp","href":"https:\/\/api.w.org\/{rel}","templated":true}]}}