{"id":708,"date":"2008-09-14T18:45:56","date_gmt":"2008-09-14T17:45:56","guid":{"rendered":"http:\/\/12decode.de\/zonenklaus\/wordpress\/?p=708"},"modified":"2008-09-14T18:48:01","modified_gmt":"2008-09-14T17:48:01","slug":"noch-was-neunelf","status":"publish","type":"post","link":"https:\/\/zonenklaus.de\/wordpress\/?p=708","title":{"rendered":"noch was: neun\/elf"},"content":{"rendered":"<p>Eins f\u00e4llt mir zu dieser ganzen Aktion, 9.Sept., immer wieder ein. Verschw\u00f6rung hin, Verschw\u00f6rung her, die Zwillingst\u00fcrme waren Symbol f\u00fcr den amerikanischen Steinzeitkapitalismus. Deren hehre Hypothesen, Neoliberale Globalisierungsfetischisten vollkommen respektlos, weltweit nicht nur wie warme Semmeln anpreisen, ihnen zu deren Umsetzung auch jedes Mittel recht ist. <!--more--><\/p>\n<p>In den letzten 100 Jahren amerikanischer Geschichte findet man genug Beispiele, wie ihre demokratisch\/verbr\u00e4mten Massenmorde, in allen Winkeln des Planeten praktiziert wurden. Warum ist es da nicht legitim, wenn sich Betroffen dagegen wehren? Schlie\u00dflich sind diese Leute niemals mit den Ambitionen angetreten, das gesamte Amiland in die Steinzeit zu bomben. In diesem Zusammenhang m\u00f6chte ich auch an den malerisch gelegenen, amerikanischen Internierungskurort in <em><a href=\"http:\/\/64.233.183.104\/search?q=cache:uZ-vTUWHiisJ:www.andre-hammon.de\/artikel\/wtc.htm+wtc&amp;hl=de&amp;ct=clnk&amp;cd=6&amp;gl=de\">Bah<\/a>\u00eda de Guant\u00e1namo<\/em> erinnern. Mir ist bekannt, es handelt sich um ein 117,631 km\u00b2 gro\u00dfes demokratisches Fleckchen, in der blutig regierten Diktatur der scheintoten Castro-Brothers Denn was auf <a href=\"http:\/\/12decode.de\/zonenklaus\/wordpress\/wp-content\/uploads\/2008\/09\/guantanamera-los-fabulosos-3-paraguayos.mp3\">Guantanam<\/a>o Bay Naval Base (GTMO) abgeht, ist voll abgesegnet, durch UNO, diversen Land- Seekriegs- und ungez\u00e4hlten Gefangenkonventionen. In \u00e4hnlicher Situation br\u00e4uchte sich die Bundeswehr in Afghanistan, nicht von Skrupeln plagen lassen, wenn alles so demokratisch abl\u00e4uft. Auch d\u00fcrfen \u00f6rtliche Bet\u00e4ubungen, vor Folterungen 12ten Grades, nur von ausreichend geschultem Personal verabreicht werden. Anschlie\u00dfende \u00e4rztliche und pychologische Betreuung ist zwingen vorgeschrieben und sollte nach M\u00f6glichkeit in Skandinavien vorgenommen werden\u2026<\/p>\n","protected":false},"excerpt":{"rendered":"<p>Eins f\u00e4llt mir zu dieser ganzen Aktion, 9.Sept., immer wieder ein. Verschw\u00f6rung hin, Verschw\u00f6rung her, die Zwillingst\u00fcrme waren Symbol f\u00fcr den amerikanischen Steinzeitkapitalismus. Deren hehre Hypothesen, Neoliberale Globalisierungsfetischisten vollkommen respektlos, weltweit nicht nur wie warme Semmeln anpreisen, ihnen zu deren Umsetzung auch jedes Mittel recht ist.<\/p>\n","protected":false},"author":6,"featured_media":0,"comment_status":"open","ping_status":"closed","sticky":false,"template":"","format":"standard","meta":{"footnotes":""},"categories":[1],"tags":[],"class_list":["post-708","post","type-post","status-publish","format-standard","hentry","category-allgemeines"],"_links":{"self":[{"href":"https:\/\/zonenklaus.de\/wordpress\/index.php?rest_route=\/wp\/v2\/posts\/708","targetHints":{"allow":["GET"]}}],"collection":[{"href":"https:\/\/zonenklaus.de\/wordpress\/index.php?rest_route=\/wp\/v2\/posts"}],"about":[{"href":"https:\/\/zonenklaus.de\/wordpress\/index.php?rest_route=\/wp\/v2\/types\/post"}],"author":[{"embeddable":true,"href":"https:\/\/zonenklaus.de\/wordpress\/index.php?rest_route=\/wp\/v2\/users\/6"}],"replies":[{"embeddable":true,"href":"https:\/\/zonenklaus.de\/wordpress\/index.php?rest_route=%2Fwp%2Fv2%2Fcomments&post=708"}],"version-history":[{"count":0,"href":"https:\/\/zonenklaus.de\/wordpress\/index.php?rest_route=\/wp\/v2\/posts\/708\/revisions"}],"wp:attachment":[{"href":"https:\/\/zonenklaus.de\/wordpress\/index.php?rest_route=%2Fwp%2Fv2%2Fmedia&parent=708"}],"wp:term":[{"taxonomy":"category","embeddable":true,"href":"https:\/\/zonenklaus.de\/wordpress\/index.php?rest_route=%2Fwp%2Fv2%2Fcategories&post=708"},{"taxonomy":"post_tag","embeddable":true,"href":"https:\/\/zonenklaus.de\/wordpress\/index.php?rest_route=%2Fwp%2Fv2%2Ftags&post=708"}],"curies":[{"name":"wp","href":"https:\/\/api.w.org\/{rel}","templated":true}]}}