{"id":754,"date":"2008-10-09T11:17:23","date_gmt":"2008-10-09T10:17:23","guid":{"rendered":"http:\/\/12decode.de\/zonenklaus\/wordpress\/?p=754"},"modified":"2008-10-09T13:26:13","modified_gmt":"2008-10-09T12:26:13","slug":"dr-hc-hotte-lorenzo-seehofer","status":"publish","type":"post","link":"https:\/\/zonenklaus.de\/wordpress\/?p=754","title":{"rendered":"Dr. hc Hotte Lorenzo Seehofer"},"content":{"rendered":"<p>Musste \u00fcberlegen, wann er mir bewusst unterkam.<br \/>\nSchon schwierig geworden in den letzten Jahren, kurz vor der Urne ist es mir Schei\u00dfegal geworden, wie diese beliebig austauschbaren Kopien, von links nach rechts und umgekehrt hei\u00dfen. Auch geht es mir am Arsch vorbei, was phantasie- und visionslose \u201eExperten\u201c oder \u201eSpezialisten\u201c als Probierpolitiker darstellen wollen, bei ihren Versuchen uns zu verwalten. Tja, wenn es nur um hundert Meter Dummgucken mit Betroffenheitslarven, oder das Produzieren von Vakuumsprechblasen ginge, g\u00e4be es f\u00fcr mich keine Probleme, da k\u00f6nnte man wirklich mit Ehrendoktortiteln und Bundesverdienstkreuzen ejakulieren. <em>(Ich glaube, da k\u00e4me man mit der Produktion von diesem Bundesblech hier nicht mehr nach und m\u00fcsste aus Kostengr\u00fcnden den Auftrag nach Rot-China vergeben.) <\/em><\/p>\n<p><!--more-->R\u00fcckw\u00e4rts blickend, f\u00e4llt mir ein, fr\u00fcher sprach man von Fachidioten im \u00f6ffentlichen Leben, ist nicht mehr, bei diesen Rudeln von ungebildeten <em>(Ich beziehe es darauf, dass zur Bildung auch die Pr\u00e4gung im Elternhaus geh\u00f6rt, in den entscheidenden Jahren erfahren zu haben, was Respekt und Toleranz bedeuten)<\/em> Empork\u00f6mmlingen, die mit ihren p\u00e4dagogischen Defiziten auch noch kokettieren. Dabei haben wir im Westen noch Gl\u00fcck, dass ein Haufen dieser Leute, nach dem Anschluss f\u00fcr immer an den Fresstr\u00f6gen in Neuf\u00fcnfland verschwand, mit denen m\u00fcssen sich nun die Ossis auseinandersetzen. Wenn ich aber an deren heranwachsende Brut denke\u2026<br \/>\nDen Virus allgegenw\u00e4rtigen Desinteresses nennen P\u00fccho-, Sozio-, Polito-, Ornitho-<em> (Die k\u00fcmmern sich um V\u00f6gelei)<\/em>, und anderer -logen \u25baPolitikverdrossenheit. Was nat\u00fcrlich \u201eStaatsm\u00e4nner\u201c <em>(Ich setze diesen Begriff bewusst in \u201e\u201c, denn er beinhaltete in den ersten Jahren dieser Republik mal etwas anderes)<\/em> in heutigen Zeiten nicht mehr interessieren muss, schlie\u00dflich haben sie ihr Auskommen, k\u00f6nnen sich Statussymbole leisten\u2026<br \/>\nS e e ho f e r, da fiel mir endlich ein, CSU, Politiker und als Kathole nicht gerade Bibelfest. Vom <a href=\"http:\/\/12decode.de\/zonenklaus\/wordpress\/?m=20080704 - 14k\">Coolidge-Syndrom<\/a> gepeinigt, <em>(Als Pragmatiker schien es klar, geh\u00f6rt doch zum Auto auch ein Ersatzreifen)<\/em> verstie\u00df er gerade gegen das Sexte Gebot. F\u00fcr unkundige anderer Rassen und Religionen &#8211; unser seliger Reformator, der Mansfeldische Wendehals, Dr. Martin Luther-K\u00f6nig brachte es f\u00fcr die breite Masse auf den Punkt, als er dem Volke aufs Maul schaute: \u201eDu sollst deinen elften Finger nicht in fremde L\u00f6cher stecken!\u201c <em>(In der heutigen Zeit auch nicht mit blanker Waffe ins Gefecht ziehen) <\/em><br \/>\nAls die Boulevardpresse seine \u201eVerfehlung\u201c ans Licht zerrte, trickste er aber nicht erst Wochenlang herum. Ein bisschen Erfahrung kam ihm da aus vergangenen Tagen schon zugute, die vormalige Kollision mit eben diesem denkw\u00fcrdigen Gebot.<br \/>\nIch habe damit keine Probleme, katholische Parteifreunde scheinbar auch nicht, schlie\u00dflich ging es ihm nicht wie jenen Politpygm\u00e4en, die ihre One Night Stand fortw\u00e4hrend staatlich sanktionieren lie\u00dfen. Horsti hat es nur bei zwei Versuchen belassen.<br \/>\nBin mal gespannt, ob Neider nicht doch eine Untersuchungskommission etablieren, wegen seines damaligen Ausfluges in einen fremden Frauenk\u00f6rper.<br \/>\nDer Obergelbe wird sich bestimmt raushalten, ebenso Oskar, bei einem verklemmten Gr\u00fcnenIn kann ich es mir nicht so recht vorstellen, bei DVU und NPD ebenfalls.<br \/>\nUm mehr von HLS zu erfahren, surfte ich etwas bei Google. \u00dcber diesen Mann fand ich richtige Lebensl\u00e4ufe, angefangen beim Urschleim. Nicht so betreffs arrivierter Politniks proletarischer Herkunft. Bei vielen von denen scheint sich das Ph\u00e4nomen der unbefleckten Geburt ewig zu wiederholen. Wobei ich immer dachte, da haben die christlichen Kirchen ihr Copyright drauf. Besonders fiel mir das schon lange auf bei K-Gruppen-Genossen i.R. und Sozis auf. In ihren Biographien tauchen solche ehemaligen Klasenkr\u00e4mpfer, immer erst nach dem Abitur oder \u201eHochschulstudium\u201c auf\u2026<br \/>\nMal sehen ob er politisch auch so ein Gl\u00fcck hat, wie nach seiner Genesung von der lebensgef\u00e4hrlichen Myocarditis, wo er fast FJS traf.<br \/>\nOb sich HLS in der n\u00e4chsten Zeit auch eine Praktikantin zulegen wird?<br \/>\nHatte schon einen gewissen Stil, als sich weiland Monica ihrem Billy Boy z\u00e4rtlich und absolut unkonventionell zur Verf\u00fcgung stellte, damit sich dieser Schweren\u00f6ter nicht auf solch langweilige Art seine Zigarren anfeuchten musste.<br \/>\nDer neue Bayerische MP ist Nichtraucher.<br \/>\nAllerdings besteht auch die M\u00f6glichkeit seine Angebetete phantasievoll an der Nachtlekt\u00fcre teilhaben zulassen &#8211; beim Benetzen der Finger vorm Umbl\u00e4ttern der Seiten<\/p>\n","protected":false},"excerpt":{"rendered":"<p>Musste \u00fcberlegen, wann er mir bewusst unterkam. Schon schwierig geworden in den letzten Jahren, kurz vor der Urne ist es mir Schei\u00dfegal geworden, wie diese beliebig austauschbaren Kopien, von links nach rechts und umgekehrt hei\u00dfen. Auch geht es mir am Arsch vorbei, was phantasie- und visionslose \u201eExperten\u201c oder \u201eSpezialisten\u201c als Probierpolitiker darstellen wollen, bei ihren [&hellip;]<\/p>\n","protected":false},"author":6,"featured_media":0,"comment_status":"open","ping_status":"closed","sticky":false,"template":"","format":"standard","meta":{"footnotes":""},"categories":[1],"tags":[],"class_list":["post-754","post","type-post","status-publish","format-standard","hentry","category-allgemeines"],"_links":{"self":[{"href":"https:\/\/zonenklaus.de\/wordpress\/index.php?rest_route=\/wp\/v2\/posts\/754","targetHints":{"allow":["GET"]}}],"collection":[{"href":"https:\/\/zonenklaus.de\/wordpress\/index.php?rest_route=\/wp\/v2\/posts"}],"about":[{"href":"https:\/\/zonenklaus.de\/wordpress\/index.php?rest_route=\/wp\/v2\/types\/post"}],"author":[{"embeddable":true,"href":"https:\/\/zonenklaus.de\/wordpress\/index.php?rest_route=\/wp\/v2\/users\/6"}],"replies":[{"embeddable":true,"href":"https:\/\/zonenklaus.de\/wordpress\/index.php?rest_route=%2Fwp%2Fv2%2Fcomments&post=754"}],"version-history":[{"count":0,"href":"https:\/\/zonenklaus.de\/wordpress\/index.php?rest_route=\/wp\/v2\/posts\/754\/revisions"}],"wp:attachment":[{"href":"https:\/\/zonenklaus.de\/wordpress\/index.php?rest_route=%2Fwp%2Fv2%2Fmedia&parent=754"}],"wp:term":[{"taxonomy":"category","embeddable":true,"href":"https:\/\/zonenklaus.de\/wordpress\/index.php?rest_route=%2Fwp%2Fv2%2Fcategories&post=754"},{"taxonomy":"post_tag","embeddable":true,"href":"https:\/\/zonenklaus.de\/wordpress\/index.php?rest_route=%2Fwp%2Fv2%2Ftags&post=754"}],"curies":[{"name":"wp","href":"https:\/\/api.w.org\/{rel}","templated":true}]}}