{"id":8614,"date":"2010-08-18T22:18:54","date_gmt":"2010-08-18T21:18:54","guid":{"rendered":"http:\/\/12decode.de\/zonenklaus\/wordpress\/?p=8614"},"modified":"2010-08-20T21:05:47","modified_gmt":"2010-08-20T20:05:47","slug":"8614","status":"publish","type":"post","link":"https:\/\/zonenklaus.de\/wordpress\/?p=8614","title":{"rendered":"Frankfurt bei S\u0142ubice\/Odra"},"content":{"rendered":"<p>Ein Kurztrip innerhalb der Reichsgrenzen von 1937 beginnt grunds\u00e4tzlich mit \u00c4rger. Fahrkartenautomaten spinnen kontinuierlich auf BVG-Bahnsteigen, wo man Karten auch in dortigen Shops erstehen kann&#8230;<br \/>\nAlle elektronischen Kartenproduzenten kotzen permanent Geldscheine oder Scheckkarten wieder aus, vor sechs Wochen probierten wir alle vier Automaten an der \u201eBerliner Stra\u00dfe\u201c.<br \/>\nAnschlie\u00dfend r\u00fcckten die Verk\u00e4ufer unter bedauernden Worten das verlangte \u201eBrandenburgticket\u201c raus, \u201eaber sie wissen doch, bei uns kostet der Fahrschein 2 Euro mehr, wegen der Serviceleistung!\u201c<br \/>\nDiese Knechte machen nichts anderes, als vor der schleichenden Preiserh\u00f6hung, die hier \u201eServiceleistung\u201c betitelt wird.<br \/>\nBei der Bundesbahn sind sie ja noch unversch\u00e4mter, da kostet am Schalter die Karte gleich 5 EU mehr&#8230;<br \/>\nGestern verweigerte der gelbe Stahlkasten die Annahme von Scheinen, auch von Sabs Scheckkarte wollte er nichts wissen.<br \/>\nMein Konto bis zum Anschlag ger\u00e4ubert, ohne Dispo, nach Einf\u00fchrung meiner ungedeckten Karte rasselte es drinnen und wir bemerkten, es geschehen auch bei der BVG noch Wunder.<br \/>\nF\u00fcr Leute, denen dieses \u201eBT\u201c immer noch nichts sagt. Es kostet 27 EU. F\u00fcnf Leute k\u00f6nnen damit in den Regionalz\u00fcgen durch die Botanik huschen, wenn die Bahn es zul\u00e4sst. <em>(Manchmal ist das nicht so einfach, weil die Bundesbahn schon lange einer g\u00e4nzlichen Verostung unterliegt. Ihr geht es heute wie anno knips der Deutschen Reichsbahn, ihre vier Hauptfeinde sind: Fr\u00fchling, Sommer, Herbst und Winter!\u201c)<\/em> Nebenbei k\u00f6nnen in Berlin und z.B Frankfurt\/Oder, zus\u00e4tzlich s\u00e4mtliche \u00f6ffentlichen Verkehrsmittel benutzt werden.<br \/>\nNach meinem obligatorischen <em>(k\u00f6stlichen)<\/em> W\u00fcrstchen, nebst richtiger Schrippe <em>(sicher aus Polen)<\/em> rein in den Bus und per Pedes \u00fcber den Bach.<br \/>\nAber der Reihe nach, wegen der Photos aus dem Fahrzeug heraus.<\/p>\n<p>Die Bezeichnung f\u00fcr dieses  Wellblechareal finde ich nicht nur geschmacklos, sondern auch d\u00fcmmlich,  weil hohle Kleingeister mit dem Namen vom gr\u00f6\u00dften\u00a0 preu\u00dfischer  Gartenk\u00fcnstler und Landschaftsarchitekt des deutschen Klassizismus herum  huren und dieses arme Schwein\u00a0 sich noch mal gegen diese Herabw\u00fcrdigung  wehren kann.<\/p>\n<p><a href=\"http:\/\/12decode.de\/zonenklaus\/wordpress\/wp-content\/uploads\/2010\/08\/1lenne11.jpg\"><img loading=\"lazy\" decoding=\"async\" class=\"alignleft size-thumbnail wp-image-8616\" title=\"Der h\u00e4sslichste Konsumtempel westlich der Oder\" src=\"http:\/\/12decode.de\/zonenklaus\/wordpress\/wp-content\/uploads\/2010\/08\/1lenne11-150x112.jpg\" alt=\"\" width=\"150\" height=\"112\" srcset=\"https:\/\/zonenklaus.de\/wordpress\/wp-content\/uploads\/2010\/08\/1lenne11-150x112.jpg 150w, https:\/\/zonenklaus.de\/wordpress\/wp-content\/uploads\/2010\/08\/1lenne11-300x225.jpg 300w, https:\/\/zonenklaus.de\/wordpress\/wp-content\/uploads\/2010\/08\/1lenne11-1024x768.jpg 1024w, https:\/\/zonenklaus.de\/wordpress\/wp-content\/uploads\/2010\/08\/1lenne11.jpg 1408w\" sizes=\"auto, (max-width: 150px) 100vw, 150px\" \/><\/a><a href=\"http:\/\/12decode.de\/zonenklaus\/wordpress\/wp-content\/uploads\/2010\/08\/1lenne2.jpg\"><img loading=\"lazy\" decoding=\"async\" class=\"alignleft size-thumbnail wp-image-8617\" title=\"Wellblechw\u00fcrfel\" src=\"http:\/\/12decode.de\/zonenklaus\/wordpress\/wp-content\/uploads\/2010\/08\/1lenne2-112x150.jpg\" alt=\"\" width=\"112\" height=\"150\" srcset=\"https:\/\/zonenklaus.de\/wordpress\/wp-content\/uploads\/2010\/08\/1lenne2-112x150.jpg 112w, https:\/\/zonenklaus.de\/wordpress\/wp-content\/uploads\/2010\/08\/1lenne2-225x300.jpg 225w, https:\/\/zonenklaus.de\/wordpress\/wp-content\/uploads\/2010\/08\/1lenne2-768x1024.jpg 768w, https:\/\/zonenklaus.de\/wordpress\/wp-content\/uploads\/2010\/08\/1lenne2.jpg 1056w\" sizes=\"auto, (max-width: 112px) 100vw, 112px\" \/><\/a> <a href=\"http:\/\/12decode.de\/zonenklaus\/wordpress\/wp-content\/uploads\/2010\/08\/1hutten.jpg\"><img loading=\"lazy\" decoding=\"async\" class=\"alignleft size-thumbnail wp-image-8621\" title=\"Wo immer ein \u201ePromi\u201c einen Furz gelassen hat, werden sie sp\u00e4ter missbraucht.  \" src=\"http:\/\/12decode.de\/zonenklaus\/wordpress\/wp-content\/uploads\/2010\/08\/1hutten-150x112.jpg\" alt=\"\" width=\"150\" height=\"112\" srcset=\"https:\/\/zonenklaus.de\/wordpress\/wp-content\/uploads\/2010\/08\/1hutten-150x112.jpg 150w, https:\/\/zonenklaus.de\/wordpress\/wp-content\/uploads\/2010\/08\/1hutten-300x225.jpg 300w, https:\/\/zonenklaus.de\/wordpress\/wp-content\/uploads\/2010\/08\/1hutten-1024x768.jpg 1024w, https:\/\/zonenklaus.de\/wordpress\/wp-content\/uploads\/2010\/08\/1hutten.jpg 1408w\" sizes=\"auto, (max-width: 150px) 100vw, 150px\" \/><\/a>\u00c4hnlich verh\u00e4lt es sich mit Ulrich von Hutten, nur weil der \u201e1.Reichsritter\u201c und sp\u00e4tere \u201eHumanist\u201c mal ein Wintersemester in der \u201eViadrina\u201c eingeschrieben war, ist es noch lange kein Grund seinen Namen, vollkommen respektlos unter \u201eRossmann\u201c und \u00fcber eine Bank zu pappen.<br \/>\nZumindest verlief Ullis kurzes Dasein recht bewegt, jemand mit seiner Mentalit\u00e4t w\u00fcrde man heut als Lagzeitstudenten betiteln. Er gab sich dem M\u00fc\u00dfiggang hin, stupidierte, lernte, dachte nach, schrieb, reiste, k\u00e4mpfte, soff und ging diesen T\u00e4tigkeiten in Mitteleuropa nach, lernte dabei viele Gr\u00f6\u00dfen seiner Zeit kennen.<br \/>\nNur seine V\u00f6gelei stand unter keinem gl\u00fccklichen Stern, schon in jungen Jahren fing er sich die Syphilis ein&#8230;<br \/>\nIm letzten Jahr zog ich mir von Kurt Eggers: Hutten: Roman eines Deutschen. Dortmund: Volkschaft-Verlag 1943, ein. Selten so etwas deutscht\u00fcmeldes gelesen, dagegen ist ja Graf Luckner ein kleines Licht, was die Schilderungen der Fahrten mit dem \u201eSeeteufel\u201c anging.<!--more--><\/p>\n<p>Der Anhang besteht aus Bildern<\/p>\n<p><!-- \t\t@page { margin: 2cm } \t\tP { margin-bottom: 0.21cm } --><a href=\"http:\/\/12decode.de\/zonenklaus\/wordpress\/wp-content\/uploads\/2010\/08\/1slubis-\u00e4.jpg\"><img loading=\"lazy\" decoding=\"async\" class=\"alignleft size-thumbnail wp-image-8629\" title=\"Schlubize k\u00f6nnen deutsche Beamte immer noch nicht korrekt schreiben \" src=\"http:\/\/12decode.de\/zonenklaus\/wordpress\/wp-content\/uploads\/2010\/08\/1slubis-\u00e4-150x112.jpg\" alt=\"\" width=\"150\" height=\"112\" srcset=\"https:\/\/zonenklaus.de\/wordpress\/wp-content\/uploads\/2010\/08\/1slubis-\u00e4-150x112.jpg 150w, https:\/\/zonenklaus.de\/wordpress\/wp-content\/uploads\/2010\/08\/1slubis-\u00e4-300x225.jpg 300w, https:\/\/zonenklaus.de\/wordpress\/wp-content\/uploads\/2010\/08\/1slubis-\u00e4-1024x768.jpg 1024w, https:\/\/zonenklaus.de\/wordpress\/wp-content\/uploads\/2010\/08\/1slubis-\u00e4.jpg 1408w\" sizes=\"auto, (max-width: 150px) 100vw, 150px\" \/><\/a><\/p>\n<p><a href=\"http:\/\/12decode.de\/zonenklaus\/wordpress\/wp-content\/uploads\/2010\/08\/1bier.jpg\"><img loading=\"lazy\" decoding=\"async\" class=\"alignleft size-thumbnail wp-image-8631\" title=\" Wie soll man das verstehen? Zwei kleine Bier (0,3 l) f\u00fcr 4.50 z\u0142, oder ein halbvolles Glas (0,5 l) f\u00fcr 5.00 z\u0142?\" src=\"http:\/\/12decode.de\/zonenklaus\/wordpress\/wp-content\/uploads\/2010\/08\/1bier-150x112.jpg\" alt=\"\" width=\"150\" height=\"112\" srcset=\"https:\/\/zonenklaus.de\/wordpress\/wp-content\/uploads\/2010\/08\/1bier-150x112.jpg 150w, https:\/\/zonenklaus.de\/wordpress\/wp-content\/uploads\/2010\/08\/1bier-300x225.jpg 300w, https:\/\/zonenklaus.de\/wordpress\/wp-content\/uploads\/2010\/08\/1bier-1024x768.jpg 1024w, https:\/\/zonenklaus.de\/wordpress\/wp-content\/uploads\/2010\/08\/1bier.jpg 1408w\" sizes=\"auto, (max-width: 150px) 100vw, 150px\" \/><\/a><a href=\"http:\/\/12decode.de\/zonenklaus\/wordpress\/wp-content\/uploads\/2010\/08\/1decke.jpg\"><img loading=\"lazy\" decoding=\"async\" class=\"alignleft size-thumbnail wp-image-8632\" title=\"Gusseisenschwund gibt es auch in Polen \" src=\"http:\/\/12decode.de\/zonenklaus\/wordpress\/wp-content\/uploads\/2010\/08\/1decke-150x112.jpg\" alt=\"\" width=\"150\" height=\"112\" srcset=\"https:\/\/zonenklaus.de\/wordpress\/wp-content\/uploads\/2010\/08\/1decke-150x112.jpg 150w, https:\/\/zonenklaus.de\/wordpress\/wp-content\/uploads\/2010\/08\/1decke-300x225.jpg 300w, https:\/\/zonenklaus.de\/wordpress\/wp-content\/uploads\/2010\/08\/1decke-1024x768.jpg 1024w, https:\/\/zonenklaus.de\/wordpress\/wp-content\/uploads\/2010\/08\/1decke.jpg 1408w\" sizes=\"auto, (max-width: 150px) 100vw, 150px\" \/><\/a><a href=\"http:\/\/12decode.de\/zonenklaus\/wordpress\/wp-content\/uploads\/2010\/08\/1litfs\u00e4ule.jpg\"><img loading=\"lazy\" decoding=\"async\" class=\"alignleft size-thumbnail wp-image-8633\" title=\"Ein Litfa\u00dfs\u00e4ule die lebt. Von \u00e4hnlichen Teiles des Herrn Wall gibt es nicht viel Infos, h\u00f6chsten gestylte, lauwarme Knaben mit aufgepumpten Muskeln glotzen bl\u00f6de auf unsereins herab... \" src=\"http:\/\/12decode.de\/zonenklaus\/wordpress\/wp-content\/uploads\/2010\/08\/1litfs\u00e4ule-112x150.jpg\" alt=\"\" width=\"112\" height=\"150\" srcset=\"https:\/\/zonenklaus.de\/wordpress\/wp-content\/uploads\/2010\/08\/1litfs\u00e4ule-112x150.jpg 112w, https:\/\/zonenklaus.de\/wordpress\/wp-content\/uploads\/2010\/08\/1litfs\u00e4ule-225x300.jpg 225w, https:\/\/zonenklaus.de\/wordpress\/wp-content\/uploads\/2010\/08\/1litfs\u00e4ule-768x1024.jpg 768w, https:\/\/zonenklaus.de\/wordpress\/wp-content\/uploads\/2010\/08\/1litfs\u00e4ule.jpg 1056w\" sizes=\"auto, (max-width: 112px) 100vw, 112px\" \/><\/a><a href=\"http:\/\/12decode.de\/zonenklaus\/wordpress\/wp-content\/uploads\/2010\/08\/1hund.jpg\"><img loading=\"lazy\" decoding=\"async\" class=\"alignleft size-thumbnail wp-image-8634\" title=\"Was diese Teppichratte angeht hatte ich kundig gemacht, was ihr Equipment angeht. In dem D\u00f6schen befindet sich die Hundemarke und Anschrift mit Telefonnummer, keine Pr\u00e4servativ.  Er ist auch nicht abgerichtet, dass er selbst\u00e4ndig in die T\u00fcte schei\u00dft und sie anschlie\u00dfend entsorgt. \" src=\"http:\/\/12decode.de\/zonenklaus\/wordpress\/wp-content\/uploads\/2010\/08\/1hund-150x112.jpg\" alt=\"\" width=\"150\" height=\"112\" srcset=\"https:\/\/zonenklaus.de\/wordpress\/wp-content\/uploads\/2010\/08\/1hund-150x112.jpg 150w, https:\/\/zonenklaus.de\/wordpress\/wp-content\/uploads\/2010\/08\/1hund-300x225.jpg 300w, https:\/\/zonenklaus.de\/wordpress\/wp-content\/uploads\/2010\/08\/1hund-1024x768.jpg 1024w, https:\/\/zonenklaus.de\/wordpress\/wp-content\/uploads\/2010\/08\/1hund.jpg 1408w\" sizes=\"auto, (max-width: 150px) 100vw, 150px\" \/><\/a><a href=\"http:\/\/12decode.de\/zonenklaus\/wordpress\/wp-content\/uploads\/2010\/08\/1zebra.jpg\"><img loading=\"lazy\" decoding=\"async\" class=\"alignleft size-thumbnail wp-image-8635\" title=\"Sehr diszipliniert sind die dortigen Eingeborenen. Sogar ein leicht bezechter, \u00e4lterer Herr drehte nach zwei Schritten auf dem Damm um, als die Ampel auf rot umschaltete. \" src=\"http:\/\/12decode.de\/zonenklaus\/wordpress\/wp-content\/uploads\/2010\/08\/1zebra-150x112.jpg\" alt=\"\" width=\"150\" height=\"112\" srcset=\"https:\/\/zonenklaus.de\/wordpress\/wp-content\/uploads\/2010\/08\/1zebra-150x112.jpg 150w, https:\/\/zonenklaus.de\/wordpress\/wp-content\/uploads\/2010\/08\/1zebra-300x225.jpg 300w, https:\/\/zonenklaus.de\/wordpress\/wp-content\/uploads\/2010\/08\/1zebra-1024x768.jpg 1024w, https:\/\/zonenklaus.de\/wordpress\/wp-content\/uploads\/2010\/08\/1zebra.jpg 1408w\" sizes=\"auto, (max-width: 150px) 100vw, 150px\" \/><\/a><a href=\"http:\/\/12decode.de\/zonenklaus\/wordpress\/wp-content\/uploads\/2010\/08\/1slubice.jpg\"><img loading=\"lazy\" decoding=\"async\" class=\"alignleft size-thumbnail wp-image-8636\" title=\"Ein sch\u00f6ner Tag, allerdings die Ortsbezeichnung auch ohne \u201e\u0142\u201c. \" src=\"http:\/\/12decode.de\/zonenklaus\/wordpress\/wp-content\/uploads\/2010\/08\/1slubice-112x150.jpg\" alt=\"\" width=\"112\" height=\"150\" srcset=\"https:\/\/zonenklaus.de\/wordpress\/wp-content\/uploads\/2010\/08\/1slubice-112x150.jpg 112w, https:\/\/zonenklaus.de\/wordpress\/wp-content\/uploads\/2010\/08\/1slubice-225x300.jpg 225w, https:\/\/zonenklaus.de\/wordpress\/wp-content\/uploads\/2010\/08\/1slubice-768x1024.jpg 768w, https:\/\/zonenklaus.de\/wordpress\/wp-content\/uploads\/2010\/08\/1slubice.jpg 1056w\" sizes=\"auto, (max-width: 112px) 100vw, 112px\" \/><\/a><a href=\"http:\/\/12decode.de\/zonenklaus\/wordpress\/wp-content\/uploads\/2010\/08\/1stadtverwaltung.jpg\"><img loading=\"lazy\" decoding=\"async\" class=\"alignleft size-thumbnail wp-image-8637\" title=\"F\u00fcr Touries. Zumindest sind ja auf dem letzten St\u00fcck der Bahnfahrt zus\u00e4tzlich die Ansagen auf Polnisch. \" src=\"http:\/\/12decode.de\/zonenklaus\/wordpress\/wp-content\/uploads\/2010\/08\/1stadtverwaltung-112x150.jpg\" alt=\"\" width=\"112\" height=\"150\" srcset=\"https:\/\/zonenklaus.de\/wordpress\/wp-content\/uploads\/2010\/08\/1stadtverwaltung-112x150.jpg 112w, https:\/\/zonenklaus.de\/wordpress\/wp-content\/uploads\/2010\/08\/1stadtverwaltung-225x300.jpg 225w, https:\/\/zonenklaus.de\/wordpress\/wp-content\/uploads\/2010\/08\/1stadtverwaltung-768x1024.jpg 768w, https:\/\/zonenklaus.de\/wordpress\/wp-content\/uploads\/2010\/08\/1stadtverwaltung.jpg 1056w\" sizes=\"auto, (max-width: 112px) 100vw, 112px\" \/><\/a><a href=\"http:\/\/12decode.de\/zonenklaus\/wordpress\/wp-content\/uploads\/2010\/08\/1stapel.jpg\"><img loading=\"lazy\" decoding=\"async\" class=\"alignleft size-thumbnail wp-image-8638\" title=\"Spezielles  Kunstwerk f\u00fcr Volksdrogenabh\u00e4ngige\" src=\"http:\/\/12decode.de\/zonenklaus\/wordpress\/wp-content\/uploads\/2010\/08\/1stapel-150x112.jpg\" alt=\"\" width=\"150\" height=\"112\" srcset=\"https:\/\/zonenklaus.de\/wordpress\/wp-content\/uploads\/2010\/08\/1stapel-150x112.jpg 150w, https:\/\/zonenklaus.de\/wordpress\/wp-content\/uploads\/2010\/08\/1stapel-300x225.jpg 300w, https:\/\/zonenklaus.de\/wordpress\/wp-content\/uploads\/2010\/08\/1stapel-1024x768.jpg 1024w, https:\/\/zonenklaus.de\/wordpress\/wp-content\/uploads\/2010\/08\/1stapel.jpg 1408w\" sizes=\"auto, (max-width: 150px) 100vw, 150px\" \/><\/a><\/p>\n<p>Da man sich heute nicht mehr fragen sollte, warum irgendetwas wieder schmeckt, habe ich auch zwei verschieden Sorten Tomaten mitgebracht. Da es letzten Samstag Mistgabeln schiffte und ich deshalb auf dem Wochenmarkt den Brandenburger Gem\u00fcsemann nicht aufsuchte.<\/p>\n<p>Die Kippen sind f\u00fcr die Dame des Hauses &#8211; 18 EU die Stange.<\/p>\n<p><a href=\"http:\/\/12decode.de\/zonenklaus\/wordpress\/wp-content\/uploads\/2010\/08\/R-66-\u00e41.jpg\"><img loading=\"lazy\" decoding=\"async\" class=\"alignleft size-thumbnail wp-image-8645\" title=\"Chuck Berrys Lieblingskippen. \" src=\"http:\/\/12decode.de\/zonenklaus\/wordpress\/wp-content\/uploads\/2010\/08\/R-66-\u00e41-125x150.jpg\" alt=\"\" width=\"125\" height=\"150\" srcset=\"https:\/\/zonenklaus.de\/wordpress\/wp-content\/uploads\/2010\/08\/R-66-\u00e41-125x150.jpg 125w, https:\/\/zonenklaus.de\/wordpress\/wp-content\/uploads\/2010\/08\/R-66-\u00e41-250x300.jpg 250w, https:\/\/zonenklaus.de\/wordpress\/wp-content\/uploads\/2010\/08\/R-66-\u00e41.jpg 530w\" sizes=\"auto, (max-width: 125px) 100vw, 125px\" \/><\/a><\/p>\n<p>Der Legende nach ging 1955 Chuck Berrys Cadillac auf dem <a href=\"http:\/\/www.youtube.com\/watch?v=J7qjrKTvPA0&amp;feature=related\">Highway 66<\/a> in Arsch und er machte sich zu Fu\u00df zur n\u00e4chsten Tanke auf. Bevor er auf dem Zahnfleisch kroch, wankte er recht merkw\u00fcrdig \u00fcber den Asphalt, aus diesem Gang entwickelte er am n\u00e4chsten Tag den <a href=\"http:\/\/www.youtube.com\/watch?v=T3rG73VOqyo&amp;p=1E54AFFC818F9DDF&amp;playnext=1&amp;index=11\">Duckwalk<\/a>&#8230;<\/p>\n<p><a href=\"http:\/\/12decode.de\/zonenklaus\/wordpress\/wp-content\/uploads\/2010\/08\/1kino.jpg\"><img loading=\"lazy\" decoding=\"async\" class=\"alignleft size-thumbnail wp-image-8639\" title=\"Stalingotik - Das \u201eLichtspieltheater der Jugend\u201c - m\u00e4chtig ins Alter gekommen, eigentlich ein sch\u00f6ner Bau, der mal ein lebte...  Bei den Kommunisten gab es die organisierte Kultur, aber es gab sie, beim Kapital h\u00f6rt die Kultur bei Kleinigkeiten  auf. Es sei, dass man n\u00b4 Million und ein paar Zerquetschte abkassieren kann...\" src=\"http:\/\/12decode.de\/zonenklaus\/wordpress\/wp-content\/uploads\/2010\/08\/1kino-150x112.jpg\" alt=\"\" width=\"150\" height=\"112\" srcset=\"https:\/\/zonenklaus.de\/wordpress\/wp-content\/uploads\/2010\/08\/1kino-150x112.jpg 150w, https:\/\/zonenklaus.de\/wordpress\/wp-content\/uploads\/2010\/08\/1kino-300x225.jpg 300w, https:\/\/zonenklaus.de\/wordpress\/wp-content\/uploads\/2010\/08\/1kino-1024x768.jpg 1024w, https:\/\/zonenklaus.de\/wordpress\/wp-content\/uploads\/2010\/08\/1kino.jpg 1408w\" sizes=\"auto, (max-width: 150px) 100vw, 150px\" \/><\/a><\/p>\n<div id=\"_mcePaste\" style=\"position: absolute; left: -10000px; top: 528px; width: 1px; height: 1px; overflow: hidden;\"><!-- \t\t@page { margin: 2cm } \t\tP { margin-bottom: 0.21cm } --><\/p>\n<p style=\"margin-bottom: 0cm;\">\u00c4hnlich verh\u00e4lt es sich mit<\/p>\n<\/div>\n","protected":false},"excerpt":{"rendered":"<p>Ein Kurztrip innerhalb der Reichsgrenzen von 1937 beginnt grunds\u00e4tzlich mit \u00c4rger. Fahrkartenautomaten spinnen kontinuierlich auf BVG-Bahnsteigen, wo man Karten auch in dortigen Shops erstehen kann&#8230; Alle elektronischen Kartenproduzenten kotzen permanent Geldscheine oder Scheckkarten wieder aus, vor sechs Wochen probierten wir alle vier Automaten an der \u201eBerliner Stra\u00dfe\u201c. Anschlie\u00dfend r\u00fcckten die Verk\u00e4ufer unter bedauernden Worten das [&hellip;]<\/p>\n","protected":false},"author":6,"featured_media":0,"comment_status":"open","ping_status":"closed","sticky":false,"template":"","format":"standard","meta":{"footnotes":""},"categories":[1],"tags":[],"class_list":["post-8614","post","type-post","status-publish","format-standard","hentry","category-allgemeines"],"_links":{"self":[{"href":"https:\/\/zonenklaus.de\/wordpress\/index.php?rest_route=\/wp\/v2\/posts\/8614","targetHints":{"allow":["GET"]}}],"collection":[{"href":"https:\/\/zonenklaus.de\/wordpress\/index.php?rest_route=\/wp\/v2\/posts"}],"about":[{"href":"https:\/\/zonenklaus.de\/wordpress\/index.php?rest_route=\/wp\/v2\/types\/post"}],"author":[{"embeddable":true,"href":"https:\/\/zonenklaus.de\/wordpress\/index.php?rest_route=\/wp\/v2\/users\/6"}],"replies":[{"embeddable":true,"href":"https:\/\/zonenklaus.de\/wordpress\/index.php?rest_route=%2Fwp%2Fv2%2Fcomments&post=8614"}],"version-history":[{"count":30,"href":"https:\/\/zonenklaus.de\/wordpress\/index.php?rest_route=\/wp\/v2\/posts\/8614\/revisions"}],"predecessor-version":[{"id":8672,"href":"https:\/\/zonenklaus.de\/wordpress\/index.php?rest_route=\/wp\/v2\/posts\/8614\/revisions\/8672"}],"wp:attachment":[{"href":"https:\/\/zonenklaus.de\/wordpress\/index.php?rest_route=%2Fwp%2Fv2%2Fmedia&parent=8614"}],"wp:term":[{"taxonomy":"category","embeddable":true,"href":"https:\/\/zonenklaus.de\/wordpress\/index.php?rest_route=%2Fwp%2Fv2%2Fcategories&post=8614"},{"taxonomy":"post_tag","embeddable":true,"href":"https:\/\/zonenklaus.de\/wordpress\/index.php?rest_route=%2Fwp%2Fv2%2Ftags&post=8614"}],"curies":[{"name":"wp","href":"https:\/\/api.w.org\/{rel}","templated":true}]}}