{"id":8764,"date":"2010-08-30T19:04:00","date_gmt":"2010-08-30T18:04:00","guid":{"rendered":"http:\/\/12decode.de\/zonenklaus\/wordpress\/?p=8764"},"modified":"2026-02-25T22:04:37","modified_gmt":"2026-02-25T21:04:37","slug":"auf-einem-thing-der-nostalgie-teil-i","status":"publish","type":"post","link":"https:\/\/zonenklaus.de\/wordpress\/?p=8764","title":{"rendered":"Auf einem Thing der Nostalgie &#8211; Teil (I) &#8211; 28. August"},"content":{"rendered":"<p>Mit etwas M\u00fche habe ich meinen Finger aus der Perforierung meiner Ges\u00e4\u00dffalte gezogen und heute morgen den Bootleg vom letzten Samstag leicht bearbeitet. Einen Oskar erhalte ich daf\u00fcr nicht, h\u00f6chstens den \u201eRelaxenden Suffgnom\u201c. <a href=\"http:\/\/12decode.de\/zonenklaus\/wordpress\/wp-content\/uploads\/2010\/08\/IMG_0527-\u00e4.jpg\"><img loading=\"lazy\" decoding=\"async\" class=\"alignleft size-thumbnail wp-image-8781\" title=\"Buddy-Gnom\" src=\"http:\/\/12decode.de\/zonenklaus\/wordpress\/wp-content\/uploads\/2010\/08\/IMG_0527-\u00e4-112x150.jpg\" alt=\"\" width=\"112\" height=\"150\" srcset=\"https:\/\/zonenklaus.de\/wordpress\/wp-content\/uploads\/2010\/08\/IMG_0527-\u00e4-112x150.jpg 112w, https:\/\/zonenklaus.de\/wordpress\/wp-content\/uploads\/2010\/08\/IMG_0527-\u00e4-225x300.jpg 225w, https:\/\/zonenklaus.de\/wordpress\/wp-content\/uploads\/2010\/08\/IMG_0527-\u00e4-768x1024.jpg 768w, https:\/\/zonenklaus.de\/wordpress\/wp-content\/uploads\/2010\/08\/IMG_0527-\u00e4.jpg 1056w\" sizes=\"auto, (max-width: 112px) 100vw, 112px\" \/><\/a>Da sich einige erkundigten, was mit den Aufnahmen geschehen w\u00fcrde und sie auch Interesse bekundeten, kippe ich diesen digitalen MP3-M\u00fcll ins Netz. Verbunden mit einigen S\u00e4tzen zum Wochenende.<br \/>\nGemeinsam mit Manu und Herrn M. (dem ehemaligen \u201eKnuff-Trommler) gings am sp\u00e4ten Vormittag \u00fcber die Piste in Richtung Mittelgebirge, durch momentan noch bewaldete Steppen von S\u00fcdbrandenburg, an meiner kalten Heimat vorbei. Dieses St\u00fcckchen Mitteldeutschland nennen sie heute: \u201eDas Land der Fr\u00fchaufsteher\u201c. Keine Ahnung wer auf diese bescheuerte Idee kam und sie auch noch als witzig verkaufen konnte. Mit was f\u00fcr einen Schei\u00df mag dieser Werbeknechte sein N\u00e4schen gepudert haben, bis diese kolossale Eingebung durch seine Hirnwindungen schossen?<br \/>\nWeiter ging es in das \u201e<a href=\"http:\/\/www.youtube.com\/watch?v=Y4gCkWjS7CE&amp;feature=related\">Land<\/a> der Ausgeschlafenen\u201c! Hinter Jena runter vom Beton, auf der \u201e<a href=\"http:\/\/de.wikipedia.org\/wiki\/Bier-_und_Burgenstra%C3%9Fe\">Bier und Burgenstrasse<\/a>\u201c, durch<a href=\"http:\/\/12decode.de\/zonenklaus\/wordpress\/wp-content\/uploads\/2010\/08\/IMG_0361-\u00e4.jpg\"><img loading=\"lazy\" decoding=\"async\" class=\"alignleft size-thumbnail wp-image-8766\" src=\"http:\/\/12decode.de\/zonenklaus\/wordpress\/wp-content\/uploads\/2010\/08\/IMG_0361-\u00e4-150x112.jpg\" alt=\"\" width=\"150\" height=\"112\" srcset=\"https:\/\/zonenklaus.de\/wordpress\/wp-content\/uploads\/2010\/08\/IMG_0361-\u00e4-150x112.jpg 150w, https:\/\/zonenklaus.de\/wordpress\/wp-content\/uploads\/2010\/08\/IMG_0361-\u00e4-300x225.jpg 300w, https:\/\/zonenklaus.de\/wordpress\/wp-content\/uploads\/2010\/08\/IMG_0361-\u00e4-1024x768.jpg 1024w, https:\/\/zonenklaus.de\/wordpress\/wp-content\/uploads\/2010\/08\/IMG_0361-\u00e4.jpg 1408w\" sizes=\"auto, (max-width: 150px) 100vw, 150px\" \/><\/a> auf die H\u00f6hen des \u00f6stlichen Ilmtales.<br \/>\nVom Anwesen des Gastgebers ein gigantischer Blick von Ost nach West, dort am Horizont, hinter vielen Erhebungen der \u201e<a href=\"http:\/\/www.goethezeitportal.de\/index.php?id=2366\">Kickelhahn<\/a>\u201c.<br \/>\n<strong>(<\/strong><em>Jemand lie\u00df mal ab, dass auch folgende Zeilen dort entstanden: <\/em><br \/>\n<em>Matte Fliegen, wie sie rasen, w<\/em><em>ie sie summsend \u00fcberkeck,<\/em><br \/>\n<em>tr\u00e4ufeln ihren Fliegendreck <\/em><em>auf Tyrannennasen.<\/em><strong>)<\/strong><br \/>\n&#8211; Suchte bei \u201eGoogle\u201c den korrekten Text, fand dabei nur mit Fragezeichen versehen: <em>\u201eMatte Fliegen, wie sie rasen. Wie sie summsend \u00fcber eck.\u201c<\/em><br \/>\nKlasse, was da ein ungebildeter Fachidiot von Programmierer verzapft hat, damit letztendlich so etwas herauskommt.<br \/>\n&#8211; Kindheitserinnerungen wurden bei dieser Weite wach.<br \/>\nWas dort der Entfernung zum \u201e<strong><em>G<\/em><\/strong>ickelhahn\u201c entsprach, waren damals ungef\u00e4hr 12 Kilometer zum \u201eK(<strong>i<\/strong>)ffh\u00e4userdenkmal\u201c. Stundenlang konnte ich oben, von meinem Zimmerfenster aus, alte 2000 \u03a9 Kopfh\u00f6rer\u00a0 auf den Lauschern <em>(nat\u00fcrlich mit den Kl\u00e4ngen von AFN-Frankfurt)<\/em>, im s\u00fcdwestlichen, fast endlosen Tal von 35 km, durch die <a href=\"https:\/\/nordhausen-wiki.de\/wiki\/Goldene_Aue\">Goldene Aue<\/a>, den Sonnenuntergang zwischen <a href=\"https:\/\/de.wikipedia.org\/wiki\/Kyffh%C3%A4user\">Kyffh\u00e4user<\/a>gebirge und den s\u00fcdlichen Ausl\u00e4ufern des <a href=\"https:\/\/de.wikipedia.org\/wiki\/Harz_(Mittelgebirge)\">Harz<\/a>es beobachten. Ebenso interessant, wenn nicht sogar spannender, waren aufkommende Unwetter&#8230;<br \/>\n&#8211; Schon seit Jahrzehnten muss ich direkt bis zum Fenster latschen, nur um ein Fetzen Himmel zu erblicken. Kann mich allerdings auch nicht \u00fcber eine der vielen Wohnungen beklagen, die ich in den letzten 35 Jahren bewohnte, jede Butze hatte ihre ganz besonderen Vorz\u00fcge.<br \/>\nEtwas Wehmut kam trotzdem auf&#8230;<br \/>\n&#8230;denn H\u00e4userschluchten sind doch nicht das Gelbe vom Ei, bei allem Konsum der ringsherum gedeiht, der mich: \u201eGsD!\u201c &#8211; nicht besonders tangiert&#8230;<br \/>\nIrgendwann nachmittags musste ich mich etwas verkr\u00fcmeln.<br \/>\nSt\u00e4ndig wurden mit Neuank\u00f6mmlingen diverse Krankheitsbilder durchgehechelt.<br \/>\nBrrrrrrrrr. Mit Krankheiten verh\u00e4lt es sich wie mit Geld. Entweder man besitzt welches, oder hat keins &#8211; aber geredet wird dar\u00fcber nicht!<!--more--><br \/>\nWollte folglich einen Abstecher in den\u00a0 dortigen Steinbruch t\u00e4tigen, lie\u00df es dann aber sein, weil mir die Entfernungsangaben doch recht spanisch vorkamen. Nach 45 Minuten waren die anderthalb Kilometer lange abgelatscht und nichts zu sehen. Fertigte beim \u00dcberqueren einer fetten Wiese digitalen M\u00fcll von Flora und Fauna an, bis ich mich schlie\u00dflich erdete und die gigantischen Wolkenformationen beobachtete.<br \/>\nAuf dem R\u00fcckweg tat mir der Bauer eines Weizenfeldes echt leid, kleine \u00c4hren, das Korn war aufgequollen, kurz vorm keimen und wiegte auf sehr kurzen Halmen. So dass sich auch ein Spatz b\u00fccken musste, falls er K\u00f6rner picken wollte&#8230;<br \/>\nNebenbei war das Wochenende nat\u00fcrlich mit viel Nostalgie und L\u00e4sterei behaftet. Wobei die zweifache Hundemama alle \u201eGrauchen\u201c kommentierte, dabei in Feigheit vor dem Feind, ihre Silberlocken (?) mit einem knalligen rot tarnte, deshalb als Omi von Pumuckel durchgehen konnte.<a href=\"http:\/\/12decode.de\/zonenklaus\/wordpress\/wp-content\/uploads\/2010\/08\/IMG_0385-geli.jpg\"><img loading=\"lazy\" decoding=\"async\" class=\"alignleft size-thumbnail wp-image-8846\" src=\"http:\/\/12decode.de\/zonenklaus\/wordpress\/wp-content\/uploads\/2010\/08\/IMG_0385-geli-150x112.jpg\" alt=\"\" width=\"150\" height=\"112\" srcset=\"https:\/\/zonenklaus.de\/wordpress\/wp-content\/uploads\/2010\/08\/IMG_0385-geli-150x112.jpg 150w, https:\/\/zonenklaus.de\/wordpress\/wp-content\/uploads\/2010\/08\/IMG_0385-geli-300x225.jpg 300w, https:\/\/zonenklaus.de\/wordpress\/wp-content\/uploads\/2010\/08\/IMG_0385-geli-1024x768.jpg 1024w, https:\/\/zonenklaus.de\/wordpress\/wp-content\/uploads\/2010\/08\/IMG_0385-geli.jpg 1408w\" sizes=\"auto, (max-width: 150px) 100vw, 150px\" \/><\/a><br \/>\nAlle verflossenen Jahre kamen zwangsl\u00e4ufig immer wieder auf Trapez, was in unserem <a href=\"http:\/\/www.youtube.com\/watch?v=ikVAuFu5v9s&amp;feature=related\">Alter<\/a> nicht ausblieb. Dabei umgaben mich doch reichlich viel junge H\u00fcpfer, gerade mal so um die Fuffzich.<br \/>\nDie Devise an jenem Abend lautete auf keinen Fall: \u201eDer Beat ist tot, es lebe wieder Herbert Roth!\u201c<a href=\"http:\/\/12decode.de\/zonenklaus\/wordpress\/wp-content\/uploads\/2010\/08\/IMG_0534.jpg\"><img loading=\"lazy\" decoding=\"async\" class=\"alignleft size-thumbnail wp-image-8823\" title=\"Mein Gott, was ich alles f\u00fcr ein Scheiss in meinem Archiv horte!\" src=\"http:\/\/12decode.de\/zonenklaus\/wordpress\/wp-content\/uploads\/2010\/08\/IMG_0534-150x112.jpg\" alt=\"\" width=\"150\" height=\"112\" srcset=\"https:\/\/zonenklaus.de\/wordpress\/wp-content\/uploads\/2010\/08\/IMG_0534-150x112.jpg 150w, https:\/\/zonenklaus.de\/wordpress\/wp-content\/uploads\/2010\/08\/IMG_0534-300x225.jpg 300w, https:\/\/zonenklaus.de\/wordpress\/wp-content\/uploads\/2010\/08\/IMG_0534-1024x768.jpg 1024w, https:\/\/zonenklaus.de\/wordpress\/wp-content\/uploads\/2010\/08\/IMG_0534.jpg 1408w\" sizes=\"auto, (max-width: 150px) 100vw, 150px\" \/><\/a><a href=\"http:\/\/12decode.de\/zonenklaus\/wordpress\/wp-content\/uploads\/2010\/08\/IMG_0543.jpg\"><img loading=\"lazy\" decoding=\"async\" class=\"alignleft size-thumbnail wp-image-8824\" src=\"http:\/\/12decode.de\/zonenklaus\/wordpress\/wp-content\/uploads\/2010\/08\/IMG_0543-150x112.jpg\" alt=\"\" width=\"150\" height=\"112\" srcset=\"https:\/\/zonenklaus.de\/wordpress\/wp-content\/uploads\/2010\/08\/IMG_0543-150x112.jpg 150w, https:\/\/zonenklaus.de\/wordpress\/wp-content\/uploads\/2010\/08\/IMG_0543-300x225.jpg 300w, https:\/\/zonenklaus.de\/wordpress\/wp-content\/uploads\/2010\/08\/IMG_0543-1024x768.jpg 1024w, https:\/\/zonenklaus.de\/wordpress\/wp-content\/uploads\/2010\/08\/IMG_0543.jpg 1408w\" sizes=\"auto, (max-width: 150px) 100vw, 150px\" \/><\/a><a href=\"http:\/\/12decode.de\/zonenklaus\/wordpress\/wp-content\/uploads\/2010\/08\/IMG_0535.jpg\"><img loading=\"lazy\" decoding=\"async\" class=\"alignleft size-thumbnail wp-image-8825\" src=\"http:\/\/12decode.de\/zonenklaus\/wordpress\/wp-content\/uploads\/2010\/08\/IMG_0535-150x112.jpg\" alt=\"\" width=\"150\" height=\"112\" srcset=\"https:\/\/zonenklaus.de\/wordpress\/wp-content\/uploads\/2010\/08\/IMG_0535-150x112.jpg 150w, https:\/\/zonenklaus.de\/wordpress\/wp-content\/uploads\/2010\/08\/IMG_0535-300x225.jpg 300w, https:\/\/zonenklaus.de\/wordpress\/wp-content\/uploads\/2010\/08\/IMG_0535-1024x768.jpg 1024w, https:\/\/zonenklaus.de\/wordpress\/wp-content\/uploads\/2010\/08\/IMG_0535.jpg 1408w\" sizes=\"auto, (max-width: 150px) 100vw, 150px\" \/><\/a><a href=\"http:\/\/12decode.de\/zonenklaus\/wordpress\/wp-content\/uploads\/2010\/08\/IMG_0532.jpg\"><img loading=\"lazy\" decoding=\"async\" class=\"alignleft size-thumbnail wp-image-8826\" src=\"http:\/\/12decode.de\/zonenklaus\/wordpress\/wp-content\/uploads\/2010\/08\/IMG_0532-150x112.jpg\" alt=\"\" width=\"150\" height=\"112\" srcset=\"https:\/\/zonenklaus.de\/wordpress\/wp-content\/uploads\/2010\/08\/IMG_0532-150x112.jpg 150w, https:\/\/zonenklaus.de\/wordpress\/wp-content\/uploads\/2010\/08\/IMG_0532-300x225.jpg 300w, https:\/\/zonenklaus.de\/wordpress\/wp-content\/uploads\/2010\/08\/IMG_0532-1024x768.jpg 1024w, https:\/\/zonenklaus.de\/wordpress\/wp-content\/uploads\/2010\/08\/IMG_0532.jpg 1408w\" sizes=\"auto, (max-width: 150px) 100vw, 150px\" \/> <\/a><em><a href=\"http:\/\/12decode.de\/zonenklaus\/wordpress\/wp-content\/uploads\/2010\/08\/IMG_0542.jpg\"><img loading=\"lazy\" decoding=\"async\" class=\"alignleft size-thumbnail wp-image-8834\" src=\"http:\/\/12decode.de\/zonenklaus\/wordpress\/wp-content\/uploads\/2010\/08\/IMG_0542-150x112.jpg\" alt=\"\" width=\"150\" height=\"112\" srcset=\"https:\/\/zonenklaus.de\/wordpress\/wp-content\/uploads\/2010\/08\/IMG_0542-150x112.jpg 150w, https:\/\/zonenklaus.de\/wordpress\/wp-content\/uploads\/2010\/08\/IMG_0542-300x225.jpg 300w, https:\/\/zonenklaus.de\/wordpress\/wp-content\/uploads\/2010\/08\/IMG_0542-1024x768.jpg 1024w, https:\/\/zonenklaus.de\/wordpress\/wp-content\/uploads\/2010\/08\/IMG_0542.jpg 1408w\" sizes=\"auto, (max-width: 150px) 100vw, 150px\" \/><\/a><\/em><a href=\"http:\/\/12decode.de\/zonenklaus\/wordpress\/wp-content\/uploads\/2010\/08\/IMG_0538.jpg\"><img loading=\"lazy\" decoding=\"async\" class=\"alignleft size-thumbnail wp-image-8827\" src=\"http:\/\/12decode.de\/zonenklaus\/wordpress\/wp-content\/uploads\/2010\/08\/IMG_0538-150x112.jpg\" alt=\"\" width=\"150\" height=\"112\" srcset=\"https:\/\/zonenklaus.de\/wordpress\/wp-content\/uploads\/2010\/08\/IMG_0538-150x112.jpg 150w, https:\/\/zonenklaus.de\/wordpress\/wp-content\/uploads\/2010\/08\/IMG_0538-300x225.jpg 300w, https:\/\/zonenklaus.de\/wordpress\/wp-content\/uploads\/2010\/08\/IMG_0538-1024x768.jpg 1024w, https:\/\/zonenklaus.de\/wordpress\/wp-content\/uploads\/2010\/08\/IMG_0538.jpg 1408w\" sizes=\"auto, (max-width: 150px) 100vw, 150px\" \/><\/a><a href=\"http:\/\/12decode.de\/zonenklaus\/wordpress\/wp-content\/uploads\/2010\/08\/IMG_0539.jpg\"><img loading=\"lazy\" decoding=\"async\" class=\"alignleft size-thumbnail wp-image-8830\" src=\"http:\/\/12decode.de\/zonenklaus\/wordpress\/wp-content\/uploads\/2010\/08\/IMG_0539-150x112.jpg\" alt=\"\" width=\"150\" height=\"112\" srcset=\"https:\/\/zonenklaus.de\/wordpress\/wp-content\/uploads\/2010\/08\/IMG_0539-150x112.jpg 150w, https:\/\/zonenklaus.de\/wordpress\/wp-content\/uploads\/2010\/08\/IMG_0539-300x225.jpg 300w, https:\/\/zonenklaus.de\/wordpress\/wp-content\/uploads\/2010\/08\/IMG_0539-1024x768.jpg 1024w, https:\/\/zonenklaus.de\/wordpress\/wp-content\/uploads\/2010\/08\/IMG_0539.jpg 1408w\" sizes=\"auto, (max-width: 150px) 100vw, 150px\" \/><\/a><a href=\"http:\/\/12decode.de\/zonenklaus\/wordpress\/wp-content\/uploads\/2010\/08\/IMG_0540.jpg\"><img loading=\"lazy\" decoding=\"async\" class=\"alignleft size-thumbnail wp-image-8831\" title=\"Dies ist eine Scheibe mit Partyhits aus den 60er Jahren. Alles Sachen die der bundesgermanische Kleinb\u00fcrger w\u00e4hrend der Rauschphase III (Hang zur allgemeinen Verbr\u00fcderung) br\u00fcllte, dabei der besoffenen Nachbarin an die W\u00e4sche ging... War das immer lustichhhhhhhhhh... Na, mal studiert, mit was f\u00fcr einem Liedgut man sich damals so am\u00fcsierte?\" src=\"http:\/\/12decode.de\/zonenklaus\/wordpress\/wp-content\/uploads\/2010\/08\/IMG_0540-150x112.jpg\" alt=\"\" width=\"150\" height=\"112\" srcset=\"https:\/\/zonenklaus.de\/wordpress\/wp-content\/uploads\/2010\/08\/IMG_0540-150x112.jpg 150w, https:\/\/zonenklaus.de\/wordpress\/wp-content\/uploads\/2010\/08\/IMG_0540-300x225.jpg 300w, https:\/\/zonenklaus.de\/wordpress\/wp-content\/uploads\/2010\/08\/IMG_0540-1024x768.jpg 1024w, https:\/\/zonenklaus.de\/wordpress\/wp-content\/uploads\/2010\/08\/IMG_0540.jpg 1408w\" sizes=\"auto, (max-width: 150px) 100vw, 150px\" \/><\/a><br \/>\n<em>(Herbert und seine Traudel haben der Zone in den 50er\/60er Jahren viele Devisen gebracht, denn ihre Hits waren beliebt bei den untergetauchten Nazis in S\u00fcdamerika, da Pecunia non olet!) <\/em><br \/>\nNoch nicht mal ansatzweise wurde Herby aus seiner Versenkung geholt.<br \/>\n&#8211; Als Beweis kann <a href=\"http:\/\/12decode.de\/zonenklaus\/wordpress\/wp-content\/uploads\/2010\/09\/RIDO-11.mp3\">Caputh No. 1<\/a> vom vergangenen Samstag gelten, bei Runde II verhielt es sich \u00e4hnlich: <a href=\"https:\/\/soundcloud.com\/zonenklaus\">soundcloud von zonenklaus<\/a><\/p>\n","protected":false},"excerpt":{"rendered":"<p>Mit etwas M\u00fche habe ich meinen Finger aus der Perforierung meiner Ges\u00e4\u00dffalte gezogen und heute morgen den Bootleg vom letzten Samstag leicht bearbeitet. Einen Oskar erhalte ich daf\u00fcr nicht, h\u00f6chstens den \u201eRelaxenden Suffgnom\u201c. Da sich einige erkundigten, was mit den Aufnahmen geschehen w\u00fcrde und sie auch Interesse bekundeten, kippe ich diesen digitalen MP3-M\u00fcll ins Netz. [&hellip;]<\/p>\n","protected":false},"author":6,"featured_media":0,"comment_status":"open","ping_status":"closed","sticky":false,"template":"","format":"standard","meta":{"footnotes":""},"categories":[1,55],"tags":[],"class_list":["post-8764","post","type-post","status-publish","format-standard","hentry","category-allgemeines","category-alltaeglicher-wahnwitz"],"_links":{"self":[{"href":"https:\/\/zonenklaus.de\/wordpress\/index.php?rest_route=\/wp\/v2\/posts\/8764","targetHints":{"allow":["GET"]}}],"collection":[{"href":"https:\/\/zonenklaus.de\/wordpress\/index.php?rest_route=\/wp\/v2\/posts"}],"about":[{"href":"https:\/\/zonenklaus.de\/wordpress\/index.php?rest_route=\/wp\/v2\/types\/post"}],"author":[{"embeddable":true,"href":"https:\/\/zonenklaus.de\/wordpress\/index.php?rest_route=\/wp\/v2\/users\/6"}],"replies":[{"embeddable":true,"href":"https:\/\/zonenklaus.de\/wordpress\/index.php?rest_route=%2Fwp%2Fv2%2Fcomments&post=8764"}],"version-history":[{"count":76,"href":"https:\/\/zonenklaus.de\/wordpress\/index.php?rest_route=\/wp\/v2\/posts\/8764\/revisions"}],"predecessor-version":[{"id":44932,"href":"https:\/\/zonenklaus.de\/wordpress\/index.php?rest_route=\/wp\/v2\/posts\/8764\/revisions\/44932"}],"wp:attachment":[{"href":"https:\/\/zonenklaus.de\/wordpress\/index.php?rest_route=%2Fwp%2Fv2%2Fmedia&parent=8764"}],"wp:term":[{"taxonomy":"category","embeddable":true,"href":"https:\/\/zonenklaus.de\/wordpress\/index.php?rest_route=%2Fwp%2Fv2%2Fcategories&post=8764"},{"taxonomy":"post_tag","embeddable":true,"href":"https:\/\/zonenklaus.de\/wordpress\/index.php?rest_route=%2Fwp%2Fv2%2Ftags&post=8764"}],"curies":[{"name":"wp","href":"https:\/\/api.w.org\/{rel}","templated":true}]}}