{"id":8848,"date":"2010-08-31T22:01:40","date_gmt":"2010-08-31T21:01:40","guid":{"rendered":"http:\/\/12decode.de\/zonenklaus\/wordpress\/?p=8848"},"modified":"2010-09-01T09:50:32","modified_gmt":"2010-09-01T08:50:32","slug":"digitaler-mull-aus-thuringen-ohne-grose-worte","status":"publish","type":"post","link":"https:\/\/zonenklaus.de\/wordpress\/?p=8848","title":{"rendered":"Digitaler M\u00fcll aus Th\u00fcringen &#8211; Teil (II) &#8211; ohne gro\u00dfe Worte"},"content":{"rendered":"<p><a href=\"http:\/\/12decode.de\/zonenklaus\/wordpress\/wp-content\/uploads\/2010\/08\/Die-\u00e4lteste-\u00fcberdachte-Holzbr\u00fccke-Th\u00fcringens.jpg\"><img loading=\"lazy\" decoding=\"async\" class=\"alignleft size-thumbnail wp-image-8849\" title=\"Die \u00e4lteste, \u00fcberdachte Holzbr\u00fccke Th\u00fcringens\" src=\"http:\/\/12decode.de\/zonenklaus\/wordpress\/wp-content\/uploads\/2010\/08\/Die-\u00e4lteste-\u00fcberdachte-Holzbr\u00fccke-Th\u00fcringens-150x112.jpg\" alt=\"\" width=\"150\" height=\"112\" srcset=\"https:\/\/zonenklaus.de\/wordpress\/wp-content\/uploads\/2010\/08\/Die-\u00e4lteste-\u00fcberdachte-Holzbr\u00fccke-Th\u00fcringens-150x112.jpg 150w, https:\/\/zonenklaus.de\/wordpress\/wp-content\/uploads\/2010\/08\/Die-\u00e4lteste-\u00fcberdachte-Holzbr\u00fccke-Th\u00fcringens-300x225.jpg 300w, https:\/\/zonenklaus.de\/wordpress\/wp-content\/uploads\/2010\/08\/Die-\u00e4lteste-\u00fcberdachte-Holzbr\u00fccke-Th\u00fcringens-1024x768.jpg 1024w, https:\/\/zonenklaus.de\/wordpress\/wp-content\/uploads\/2010\/08\/Die-\u00e4lteste-\u00fcberdachte-Holzbr\u00fccke-Th\u00fcringens.jpg 1408w\" sizes=\"auto, (max-width: 150px) 100vw, 150px\" \/><\/a><a href=\"http:\/\/12decode.de\/zonenklaus\/wordpress\/wp-content\/uploads\/2010\/08\/br\u00fccke-2.jpg\"><img loading=\"lazy\" decoding=\"async\" class=\"alignleft size-thumbnail wp-image-8853\" title=\"br\u00fccke \" src=\"http:\/\/12decode.de\/zonenklaus\/wordpress\/wp-content\/uploads\/2010\/08\/br\u00fccke-2-150x112.jpg\" alt=\"\" width=\"150\" height=\"112\" srcset=\"https:\/\/zonenklaus.de\/wordpress\/wp-content\/uploads\/2010\/08\/br\u00fccke-2-150x112.jpg 150w, https:\/\/zonenklaus.de\/wordpress\/wp-content\/uploads\/2010\/08\/br\u00fccke-2-300x225.jpg 300w, https:\/\/zonenklaus.de\/wordpress\/wp-content\/uploads\/2010\/08\/br\u00fccke-2-1024x768.jpg 1024w, https:\/\/zonenklaus.de\/wordpress\/wp-content\/uploads\/2010\/08\/br\u00fccke-2.jpg 1408w\" sizes=\"auto, (max-width: 150px) 100vw, 150px\" \/><\/a><a href=\"http:\/\/12decode.de\/zonenklaus\/wordpress\/wp-content\/uploads\/2010\/08\/Kurz-vor-M\u00fcnchen-sehr-allte-Plattenbauten-im-Kalkstein.jpg\"><img loading=\"lazy\" decoding=\"async\" class=\"alignleft size-thumbnail wp-image-8851\" title=\"Kurz  vor M\u00fcnchen - sehr alte Plattenbauten im Kalkstein\" src=\"http:\/\/12decode.de\/zonenklaus\/wordpress\/wp-content\/uploads\/2010\/08\/Kurz-vor-M\u00fcnchen-sehr-allte-Plattenbauten-im-Kalkstein-150x112.jpg\" alt=\"\" width=\"150\" height=\"112\" srcset=\"https:\/\/zonenklaus.de\/wordpress\/wp-content\/uploads\/2010\/08\/Kurz-vor-M\u00fcnchen-sehr-allte-Plattenbauten-im-Kalkstein-150x112.jpg 150w, https:\/\/zonenklaus.de\/wordpress\/wp-content\/uploads\/2010\/08\/Kurz-vor-M\u00fcnchen-sehr-allte-Plattenbauten-im-Kalkstein-300x225.jpg 300w, https:\/\/zonenklaus.de\/wordpress\/wp-content\/uploads\/2010\/08\/Kurz-vor-M\u00fcnchen-sehr-allte-Plattenbauten-im-Kalkstein-1024x768.jpg 1024w, https:\/\/zonenklaus.de\/wordpress\/wp-content\/uploads\/2010\/08\/Kurz-vor-M\u00fcnchen-sehr-allte-Plattenbauten-im-Kalkstein.jpg 1408w\" sizes=\"auto, (max-width: 150px) 100vw, 150px\" \/><\/a><a href=\"http:\/\/12decode.de\/zonenklaus\/wordpress\/wp-content\/uploads\/2010\/08\/M\u00fcnchen-Kneiep.jpg\"><img loading=\"lazy\" decoding=\"async\" class=\"alignleft size-thumbnail wp-image-8852\" title=\"M\u00fcnchen - Kneipe\" src=\"http:\/\/12decode.de\/zonenklaus\/wordpress\/wp-content\/uploads\/2010\/08\/M\u00fcnchen-Kneiep-150x112.jpg\" alt=\"\" width=\"150\" height=\"112\" srcset=\"https:\/\/zonenklaus.de\/wordpress\/wp-content\/uploads\/2010\/08\/M\u00fcnchen-Kneiep-150x112.jpg 150w, https:\/\/zonenklaus.de\/wordpress\/wp-content\/uploads\/2010\/08\/M\u00fcnchen-Kneiep-300x225.jpg 300w, https:\/\/zonenklaus.de\/wordpress\/wp-content\/uploads\/2010\/08\/M\u00fcnchen-Kneiep-1024x768.jpg 1024w, https:\/\/zonenklaus.de\/wordpress\/wp-content\/uploads\/2010\/08\/M\u00fcnchen-Kneiep.jpg 1408w\" sizes=\"auto, (max-width: 150px) 100vw, 150px\" \/><\/a><a href=\"http:\/\/12decode.de\/zonenklaus\/wordpress\/wp-content\/uploads\/2010\/08\/Das-sin-geene-Dh\u00fcringer-W\u00fcrschtchen.jpg\"><img loading=\"lazy\" decoding=\"async\" class=\"alignleft size-thumbnail wp-image-8856\" title=\"Das sin geene Dh\u00fcringer W\u00fcrschtchen\" src=\"http:\/\/12decode.de\/zonenklaus\/wordpress\/wp-content\/uploads\/2010\/08\/Das-sin-geene-Dh\u00fcringer-W\u00fcrschtchen-112x150.jpg\" alt=\"\" width=\"112\" height=\"150\" srcset=\"https:\/\/zonenklaus.de\/wordpress\/wp-content\/uploads\/2010\/08\/Das-sin-geene-Dh\u00fcringer-W\u00fcrschtchen-112x150.jpg 112w, https:\/\/zonenklaus.de\/wordpress\/wp-content\/uploads\/2010\/08\/Das-sin-geene-Dh\u00fcringer-W\u00fcrschtchen-225x300.jpg 225w, https:\/\/zonenklaus.de\/wordpress\/wp-content\/uploads\/2010\/08\/Das-sin-geene-Dh\u00fcringer-W\u00fcrschtchen-768x1024.jpg 768w, https:\/\/zonenklaus.de\/wordpress\/wp-content\/uploads\/2010\/08\/Das-sin-geene-Dh\u00fcringer-W\u00fcrschtchen.jpg 1056w\" sizes=\"auto, (max-width: 112px) 100vw, 112px\" \/><\/a><a href=\"http:\/\/12decode.de\/zonenklaus\/wordpress\/wp-content\/uploads\/2010\/08\/Landschaft-Weite-Wolken-und-Verwandschaft.jpg\"><img loading=\"lazy\" decoding=\"async\" class=\"alignleft size-thumbnail wp-image-8857\" title=\"Landschaft, Weite, Wolken und Verwandtschaft\" src=\"http:\/\/12decode.de\/zonenklaus\/wordpress\/wp-content\/uploads\/2010\/08\/Landschaft-Weite-Wolken-und-Verwandschaft-150x112.jpg\" alt=\"\" width=\"150\" height=\"112\" srcset=\"https:\/\/zonenklaus.de\/wordpress\/wp-content\/uploads\/2010\/08\/Landschaft-Weite-Wolken-und-Verwandschaft-150x112.jpg 150w, https:\/\/zonenklaus.de\/wordpress\/wp-content\/uploads\/2010\/08\/Landschaft-Weite-Wolken-und-Verwandschaft-300x225.jpg 300w, https:\/\/zonenklaus.de\/wordpress\/wp-content\/uploads\/2010\/08\/Landschaft-Weite-Wolken-und-Verwandschaft-1024x768.jpg 1024w, https:\/\/zonenklaus.de\/wordpress\/wp-content\/uploads\/2010\/08\/Landschaft-Weite-Wolken-und-Verwandschaft.jpg 1408w\" sizes=\"auto, (max-width: 150px) 100vw, 150px\" \/><\/a><a href=\"http:\/\/12decode.de\/zonenklaus\/wordpress\/wp-content\/uploads\/2010\/08\/Noch-mehr-Weite-und-viel-Wolken.jpg\"><img loading=\"lazy\" decoding=\"async\" class=\"alignleft size-thumbnail wp-image-8858\" title=\"Noch mehr Weite und ville Wolken\" src=\"http:\/\/12decode.de\/zonenklaus\/wordpress\/wp-content\/uploads\/2010\/08\/Noch-mehr-Weite-und-viel-Wolken-150x112.jpg\" alt=\"\" width=\"150\" height=\"112\" srcset=\"https:\/\/zonenklaus.de\/wordpress\/wp-content\/uploads\/2010\/08\/Noch-mehr-Weite-und-viel-Wolken-150x112.jpg 150w, https:\/\/zonenklaus.de\/wordpress\/wp-content\/uploads\/2010\/08\/Noch-mehr-Weite-und-viel-Wolken-300x225.jpg 300w, https:\/\/zonenklaus.de\/wordpress\/wp-content\/uploads\/2010\/08\/Noch-mehr-Weite-und-viel-Wolken-1024x768.jpg 1024w, https:\/\/zonenklaus.de\/wordpress\/wp-content\/uploads\/2010\/08\/Noch-mehr-Weite-und-viel-Wolken.jpg 1408w\" sizes=\"auto, (max-width: 150px) 100vw, 150px\" \/><\/a><a href=\"http:\/\/12decode.de\/zonenklaus\/wordpress\/wp-content\/uploads\/2010\/08\/Zecher-1.jpg\"><img loading=\"lazy\" decoding=\"async\" class=\"alignleft size-thumbnail wp-image-8859\" title=\"Zecher\" src=\"http:\/\/12decode.de\/zonenklaus\/wordpress\/wp-content\/uploads\/2010\/08\/Zecher-1-150x112.jpg\" alt=\"\" width=\"150\" height=\"112\" srcset=\"https:\/\/zonenklaus.de\/wordpress\/wp-content\/uploads\/2010\/08\/Zecher-1-150x112.jpg 150w, https:\/\/zonenklaus.de\/wordpress\/wp-content\/uploads\/2010\/08\/Zecher-1-300x225.jpg 300w, https:\/\/zonenklaus.de\/wordpress\/wp-content\/uploads\/2010\/08\/Zecher-1-1024x768.jpg 1024w, https:\/\/zonenklaus.de\/wordpress\/wp-content\/uploads\/2010\/08\/Zecher-1.jpg 1408w\" sizes=\"auto, (max-width: 150px) 100vw, 150px\" \/><\/a><a href=\"http:\/\/12decode.de\/zonenklaus\/wordpress\/wp-content\/uploads\/2010\/08\/Th\u00fcringer-Schlafmohn.jpg\"><img loading=\"lazy\" decoding=\"async\" class=\"alignleft size-thumbnail wp-image-8860\" title=\"Th\u00fcringer Schlafmohn\" src=\"http:\/\/12decode.de\/zonenklaus\/wordpress\/wp-content\/uploads\/2010\/08\/Th\u00fcringer-Schlafmohn-112x150.jpg\" alt=\"\" width=\"112\" height=\"150\" srcset=\"https:\/\/zonenklaus.de\/wordpress\/wp-content\/uploads\/2010\/08\/Th\u00fcringer-Schlafmohn-112x150.jpg 112w, https:\/\/zonenklaus.de\/wordpress\/wp-content\/uploads\/2010\/08\/Th\u00fcringer-Schlafmohn-225x300.jpg 225w, https:\/\/zonenklaus.de\/wordpress\/wp-content\/uploads\/2010\/08\/Th\u00fcringer-Schlafmohn-768x1024.jpg 768w, https:\/\/zonenklaus.de\/wordpress\/wp-content\/uploads\/2010\/08\/Th\u00fcringer-Schlafmohn.jpg 1056w\" sizes=\"auto, (max-width: 112px) 100vw, 112px\" \/><\/a><a href=\"http:\/\/12decode.de\/zonenklaus\/wordpress\/wp-content\/uploads\/2010\/08\/Wies.jpg\"><img loading=\"lazy\" decoding=\"async\" class=\"alignleft size-thumbnail wp-image-8861\" src=\"http:\/\/12decode.de\/zonenklaus\/wordpress\/wp-content\/uploads\/2010\/08\/Wies-112x150.jpg\" alt=\"\" width=\"112\" height=\"150\" srcset=\"https:\/\/zonenklaus.de\/wordpress\/wp-content\/uploads\/2010\/08\/Wies-112x150.jpg 112w, https:\/\/zonenklaus.de\/wordpress\/wp-content\/uploads\/2010\/08\/Wies-225x300.jpg 225w, https:\/\/zonenklaus.de\/wordpress\/wp-content\/uploads\/2010\/08\/Wies-768x1024.jpg 768w, https:\/\/zonenklaus.de\/wordpress\/wp-content\/uploads\/2010\/08\/Wies.jpg 1056w\" sizes=\"auto, (max-width: 112px) 100vw, 112px\" \/><\/a><a href=\"http:\/\/12decode.de\/zonenklaus\/wordpress\/wp-content\/uploads\/2010\/08\/Weibermischfarbene-Th\u00fcringer-Zwetschgentulpe.jpg\"><img loading=\"lazy\" decoding=\"async\" class=\"alignleft size-thumbnail wp-image-8862\" title=\"Weibermischfarbene Th\u00fcringer Zwetschgentulpe\" src=\"http:\/\/12decode.de\/zonenklaus\/wordpress\/wp-content\/uploads\/2010\/08\/Weibermischfarbene-Th\u00fcringer-Zwetschgentulpe-112x150.jpg\" alt=\"\" width=\"112\" height=\"150\" srcset=\"https:\/\/zonenklaus.de\/wordpress\/wp-content\/uploads\/2010\/08\/Weibermischfarbene-Th\u00fcringer-Zwetschgentulpe-112x150.jpg 112w, https:\/\/zonenklaus.de\/wordpress\/wp-content\/uploads\/2010\/08\/Weibermischfarbene-Th\u00fcringer-Zwetschgentulpe-225x300.jpg 225w, https:\/\/zonenklaus.de\/wordpress\/wp-content\/uploads\/2010\/08\/Weibermischfarbene-Th\u00fcringer-Zwetschgentulpe-768x1024.jpg 768w, https:\/\/zonenklaus.de\/wordpress\/wp-content\/uploads\/2010\/08\/Weibermischfarbene-Th\u00fcringer-Zwetschgentulpe.jpg 1056w\" sizes=\"auto, (max-width: 112px) 100vw, 112px\" \/><\/a><a href=\"http:\/\/12decode.de\/zonenklaus\/wordpress\/wp-content\/uploads\/2010\/08\/IMG_0368-\u00e4.jpg\"><img loading=\"lazy\" decoding=\"async\" class=\"alignleft size-thumbnail wp-image-8863\" src=\"http:\/\/12decode.de\/zonenklaus\/wordpress\/wp-content\/uploads\/2010\/08\/IMG_0368-\u00e4-112x150.jpg\" alt=\"\" width=\"112\" height=\"150\" srcset=\"https:\/\/zonenklaus.de\/wordpress\/wp-content\/uploads\/2010\/08\/IMG_0368-\u00e4-112x150.jpg 112w, https:\/\/zonenklaus.de\/wordpress\/wp-content\/uploads\/2010\/08\/IMG_0368-\u00e4-225x300.jpg 225w, https:\/\/zonenklaus.de\/wordpress\/wp-content\/uploads\/2010\/08\/IMG_0368-\u00e4-768x1024.jpg 768w, https:\/\/zonenklaus.de\/wordpress\/wp-content\/uploads\/2010\/08\/IMG_0368-\u00e4.jpg 1056w\" sizes=\"auto, (max-width: 112px) 100vw, 112px\" \/><\/a><a href=\"http:\/\/12decode.de\/zonenklaus\/wordpress\/wp-content\/uploads\/2010\/08\/Dar-hat-wat-an-seiner-Birne.jpg\"><img loading=\"lazy\" decoding=\"async\" class=\"alignleft size-thumbnail wp-image-8864\" title=\"Der hat wat an seiner Birne!\" src=\"http:\/\/12decode.de\/zonenklaus\/wordpress\/wp-content\/uploads\/2010\/08\/Dar-hat-wat-an-seiner-Birne-112x150.jpg\" alt=\"\" width=\"112\" height=\"150\" srcset=\"https:\/\/zonenklaus.de\/wordpress\/wp-content\/uploads\/2010\/08\/Dar-hat-wat-an-seiner-Birne-112x150.jpg 112w, https:\/\/zonenklaus.de\/wordpress\/wp-content\/uploads\/2010\/08\/Dar-hat-wat-an-seiner-Birne-225x300.jpg 225w, https:\/\/zonenklaus.de\/wordpress\/wp-content\/uploads\/2010\/08\/Dar-hat-wat-an-seiner-Birne-768x1024.jpg 768w, https:\/\/zonenklaus.de\/wordpress\/wp-content\/uploads\/2010\/08\/Dar-hat-wat-an-seiner-Birne.jpg 1056w\" sizes=\"auto, (max-width: 112px) 100vw, 112px\" \/><\/a><a href=\"http:\/\/12decode.de\/zonenklaus\/wordpress\/wp-content\/uploads\/2010\/08\/Bl\u00f6de-glotzender-Falter.jpg\"><img loading=\"lazy\" decoding=\"async\" class=\"alignleft size-thumbnail wp-image-8865\" title=\"Bl\u00f6de glotzender Falter\" src=\"http:\/\/12decode.de\/zonenklaus\/wordpress\/wp-content\/uploads\/2010\/08\/Bl\u00f6de-glotzender-Falter-150x112.jpg\" alt=\"\" width=\"150\" height=\"112\" srcset=\"https:\/\/zonenklaus.de\/wordpress\/wp-content\/uploads\/2010\/08\/Bl\u00f6de-glotzender-Falter-150x112.jpg 150w, https:\/\/zonenklaus.de\/wordpress\/wp-content\/uploads\/2010\/08\/Bl\u00f6de-glotzender-Falter-300x225.jpg 300w, https:\/\/zonenklaus.de\/wordpress\/wp-content\/uploads\/2010\/08\/Bl\u00f6de-glotzender-Falter-1024x768.jpg 1024w, https:\/\/zonenklaus.de\/wordpress\/wp-content\/uploads\/2010\/08\/Bl\u00f6de-glotzender-Falter.jpg 1408w\" sizes=\"auto, (max-width: 150px) 100vw, 150px\" \/><\/a><a href=\"http:\/\/12decode.de\/zonenklaus\/wordpress\/wp-content\/uploads\/2010\/08\/IMG_0387-\u00e4.jpg\"><img loading=\"lazy\" decoding=\"async\" class=\"alignleft size-thumbnail wp-image-8866\" src=\"http:\/\/12decode.de\/zonenklaus\/wordpress\/wp-content\/uploads\/2010\/08\/IMG_0387-\u00e4-150x112.jpg\" alt=\"\" width=\"150\" height=\"112\" srcset=\"https:\/\/zonenklaus.de\/wordpress\/wp-content\/uploads\/2010\/08\/IMG_0387-\u00e4-150x112.jpg 150w, https:\/\/zonenklaus.de\/wordpress\/wp-content\/uploads\/2010\/08\/IMG_0387-\u00e4-300x225.jpg 300w, https:\/\/zonenklaus.de\/wordpress\/wp-content\/uploads\/2010\/08\/IMG_0387-\u00e4-1024x768.jpg 1024w, https:\/\/zonenklaus.de\/wordpress\/wp-content\/uploads\/2010\/08\/IMG_0387-\u00e4.jpg 1408w\" sizes=\"auto, (max-width: 150px) 100vw, 150px\" \/><\/a><a href=\"http:\/\/12decode.de\/zonenklaus\/wordpress\/wp-content\/uploads\/2010\/08\/IMG_0388-\u00e4.jpg\"><img loading=\"lazy\" decoding=\"async\" class=\"alignleft size-thumbnail wp-image-8867\" src=\"http:\/\/12decode.de\/zonenklaus\/wordpress\/wp-content\/uploads\/2010\/08\/IMG_0388-\u00e4-112x150.jpg\" alt=\"\" width=\"112\" height=\"150\" srcset=\"https:\/\/zonenklaus.de\/wordpress\/wp-content\/uploads\/2010\/08\/IMG_0388-\u00e4-112x150.jpg 112w, https:\/\/zonenklaus.de\/wordpress\/wp-content\/uploads\/2010\/08\/IMG_0388-\u00e4-225x300.jpg 225w, https:\/\/zonenklaus.de\/wordpress\/wp-content\/uploads\/2010\/08\/IMG_0388-\u00e4-768x1024.jpg 768w, https:\/\/zonenklaus.de\/wordpress\/wp-content\/uploads\/2010\/08\/IMG_0388-\u00e4.jpg 1056w\" sizes=\"auto, (max-width: 112px) 100vw, 112px\" \/><\/a><\/p>\n<p><a href=\"http:\/\/12decode.de\/zonenklaus\/wordpress\/wp-content\/uploads\/2010\/08\/Wat-dieset-Schild-nu-wieder-jekostet-hat.jpg\"><img loading=\"lazy\" decoding=\"async\" class=\"alignleft size-thumbnail wp-image-8870\" title=\"Wat dieset Schild nu wieder jekostet hat!\" src=\"http:\/\/12decode.de\/zonenklaus\/wordpress\/wp-content\/uploads\/2010\/08\/Wat-dieset-Schild-nu-wieder-jekostet-hat-150x112.jpg\" alt=\"\" width=\"150\" height=\"112\" srcset=\"https:\/\/zonenklaus.de\/wordpress\/wp-content\/uploads\/2010\/08\/Wat-dieset-Schild-nu-wieder-jekostet-hat-150x112.jpg 150w, https:\/\/zonenklaus.de\/wordpress\/wp-content\/uploads\/2010\/08\/Wat-dieset-Schild-nu-wieder-jekostet-hat-300x225.jpg 300w, https:\/\/zonenklaus.de\/wordpress\/wp-content\/uploads\/2010\/08\/Wat-dieset-Schild-nu-wieder-jekostet-hat-1024x768.jpg 1024w, https:\/\/zonenklaus.de\/wordpress\/wp-content\/uploads\/2010\/08\/Wat-dieset-Schild-nu-wieder-jekostet-hat.jpg 1408w\" sizes=\"auto, (max-width: 150px) 100vw, 150px\" \/><\/a><a href=\"http:\/\/12decode.de\/zonenklaus\/wordpress\/wp-content\/uploads\/2010\/08\/Abendwolken.jpg\"><img loading=\"lazy\" decoding=\"async\" class=\"alignleft size-thumbnail wp-image-8871\" title=\"Abendwolken\" src=\"http:\/\/12decode.de\/zonenklaus\/wordpress\/wp-content\/uploads\/2010\/08\/Abendwolken-150x112.jpg\" alt=\"\" width=\"150\" height=\"112\" srcset=\"https:\/\/zonenklaus.de\/wordpress\/wp-content\/uploads\/2010\/08\/Abendwolken-150x112.jpg 150w, https:\/\/zonenklaus.de\/wordpress\/wp-content\/uploads\/2010\/08\/Abendwolken-300x225.jpg 300w, https:\/\/zonenklaus.de\/wordpress\/wp-content\/uploads\/2010\/08\/Abendwolken-1024x768.jpg 1024w, https:\/\/zonenklaus.de\/wordpress\/wp-content\/uploads\/2010\/08\/Abendwolken.jpg 1408w\" sizes=\"auto, (max-width: 150px) 100vw, 150px\" \/><\/a><a href=\"http:\/\/12decode.de\/zonenklaus\/wordpress\/wp-content\/uploads\/2010\/08\/IMG_0394-\u00e4.jpg\"><img loading=\"lazy\" decoding=\"async\" class=\"alignleft size-thumbnail wp-image-8872\" src=\"http:\/\/12decode.de\/zonenklaus\/wordpress\/wp-content\/uploads\/2010\/08\/IMG_0394-\u00e4-150x112.jpg\" alt=\"\" width=\"150\" height=\"112\" srcset=\"https:\/\/zonenklaus.de\/wordpress\/wp-content\/uploads\/2010\/08\/IMG_0394-\u00e4-150x112.jpg 150w, https:\/\/zonenklaus.de\/wordpress\/wp-content\/uploads\/2010\/08\/IMG_0394-\u00e4-300x225.jpg 300w, https:\/\/zonenklaus.de\/wordpress\/wp-content\/uploads\/2010\/08\/IMG_0394-\u00e4-1024x768.jpg 1024w, https:\/\/zonenklaus.de\/wordpress\/wp-content\/uploads\/2010\/08\/IMG_0394-\u00e4.jpg 1408w\" sizes=\"auto, (max-width: 150px) 100vw, 150px\" \/><\/a><a href=\"http:\/\/12decode.de\/zonenklaus\/wordpress\/wp-content\/uploads\/2010\/08\/Grimmiug-dreinschauende-Zitrone-oben.jpg\"><img loading=\"lazy\" decoding=\"async\" class=\"alignleft size-thumbnail wp-image-8873\" title=\"Grimmig dreinschauende Zitrone - oben\" src=\"http:\/\/12decode.de\/zonenklaus\/wordpress\/wp-content\/uploads\/2010\/08\/Grimmiug-dreinschauende-Zitrone-oben-112x150.jpg\" alt=\"\" width=\"112\" height=\"150\" srcset=\"https:\/\/zonenklaus.de\/wordpress\/wp-content\/uploads\/2010\/08\/Grimmiug-dreinschauende-Zitrone-oben-112x150.jpg 112w, https:\/\/zonenklaus.de\/wordpress\/wp-content\/uploads\/2010\/08\/Grimmiug-dreinschauende-Zitrone-oben-225x300.jpg 225w, https:\/\/zonenklaus.de\/wordpress\/wp-content\/uploads\/2010\/08\/Grimmiug-dreinschauende-Zitrone-oben-768x1024.jpg 768w, https:\/\/zonenklaus.de\/wordpress\/wp-content\/uploads\/2010\/08\/Grimmiug-dreinschauende-Zitrone-oben.jpg 1056w\" sizes=\"auto, (max-width: 112px) 100vw, 112px\" \/><\/a><a href=\"http:\/\/12decode.de\/zonenklaus\/wordpress\/wp-content\/uploads\/2010\/08\/Zitrone-unten.jpg\"><img loading=\"lazy\" decoding=\"async\" class=\"alignleft size-thumbnail wp-image-8874\" title=\"Zitrone - unten\" src=\"http:\/\/12decode.de\/zonenklaus\/wordpress\/wp-content\/uploads\/2010\/08\/Zitrone-unten-150x112.jpg\" alt=\"\" width=\"150\" height=\"112\" srcset=\"https:\/\/zonenklaus.de\/wordpress\/wp-content\/uploads\/2010\/08\/Zitrone-unten-150x112.jpg 150w, https:\/\/zonenklaus.de\/wordpress\/wp-content\/uploads\/2010\/08\/Zitrone-unten-300x225.jpg 300w, https:\/\/zonenklaus.de\/wordpress\/wp-content\/uploads\/2010\/08\/Zitrone-unten-1024x768.jpg 1024w, https:\/\/zonenklaus.de\/wordpress\/wp-content\/uploads\/2010\/08\/Zitrone-unten.jpg 1408w\" sizes=\"auto, (max-width: 150px) 100vw, 150px\" \/><\/a><a href=\"http:\/\/12decode.de\/zonenklaus\/wordpress\/wp-content\/uploads\/2010\/08\/IMG_0407-r.-Frau-M.-aus-W..jpg\"><img loading=\"lazy\" decoding=\"async\" class=\"alignleft size-thumbnail wp-image-8875\" src=\"http:\/\/12decode.de\/zonenklaus\/wordpress\/wp-content\/uploads\/2010\/08\/IMG_0407-r.-Frau-M.-aus-W.-150x112.jpg\" alt=\"\" width=\"150\" height=\"112\" srcset=\"https:\/\/zonenklaus.de\/wordpress\/wp-content\/uploads\/2010\/08\/IMG_0407-r.-Frau-M.-aus-W.-150x112.jpg 150w, https:\/\/zonenklaus.de\/wordpress\/wp-content\/uploads\/2010\/08\/IMG_0407-r.-Frau-M.-aus-W.-300x225.jpg 300w, https:\/\/zonenklaus.de\/wordpress\/wp-content\/uploads\/2010\/08\/IMG_0407-r.-Frau-M.-aus-W.-1024x768.jpg 1024w, https:\/\/zonenklaus.de\/wordpress\/wp-content\/uploads\/2010\/08\/IMG_0407-r.-Frau-M.-aus-W..jpg 1408w\" sizes=\"auto, (max-width: 150px) 100vw, 150px\" \/><\/a><a href=\"http:\/\/12decode.de\/zonenklaus\/wordpress\/wp-content\/uploads\/2010\/08\/Statler-and-Waldorf-weibl.-Ausf\u00fchrung1.jpg\"><img loading=\"lazy\" decoding=\"async\" class=\"alignleft size-thumbnail wp-image-8877\" title=\"Statler and Waldorf - weibl. Ausf\u00fchrung\" src=\"http:\/\/12decode.de\/zonenklaus\/wordpress\/wp-content\/uploads\/2010\/08\/Statler-and-Waldorf-weibl.-Ausf\u00fchrung1-150x112.jpg\" alt=\"\" width=\"150\" height=\"112\" srcset=\"https:\/\/zonenklaus.de\/wordpress\/wp-content\/uploads\/2010\/08\/Statler-and-Waldorf-weibl.-Ausf\u00fchrung1-150x112.jpg 150w, https:\/\/zonenklaus.de\/wordpress\/wp-content\/uploads\/2010\/08\/Statler-and-Waldorf-weibl.-Ausf\u00fchrung1-300x225.jpg 300w, https:\/\/zonenklaus.de\/wordpress\/wp-content\/uploads\/2010\/08\/Statler-and-Waldorf-weibl.-Ausf\u00fchrung1-1024x768.jpg 1024w, https:\/\/zonenklaus.de\/wordpress\/wp-content\/uploads\/2010\/08\/Statler-and-Waldorf-weibl.-Ausf\u00fchrung1.jpg 1408w\" sizes=\"auto, (max-width: 150px) 100vw, 150px\" \/><\/a><a href=\"http:\/\/12decode.de\/zonenklaus\/wordpress\/wp-content\/uploads\/2010\/08\/Kanne-aus-der-Mingzeit-Made-in-Thuringia.jpg\"><img loading=\"lazy\" decoding=\"async\" class=\"alignleft size-thumbnail wp-image-8878\" title=\"Kanne aus der Mingzeit - Made in Thuringia\" src=\"http:\/\/12decode.de\/zonenklaus\/wordpress\/wp-content\/uploads\/2010\/08\/Kanne-aus-der-Mingzeit-Made-in-Thuringia-112x150.jpg\" alt=\"\" width=\"112\" height=\"150\" srcset=\"https:\/\/zonenklaus.de\/wordpress\/wp-content\/uploads\/2010\/08\/Kanne-aus-der-Mingzeit-Made-in-Thuringia-112x150.jpg 112w, https:\/\/zonenklaus.de\/wordpress\/wp-content\/uploads\/2010\/08\/Kanne-aus-der-Mingzeit-Made-in-Thuringia-225x300.jpg 225w, https:\/\/zonenklaus.de\/wordpress\/wp-content\/uploads\/2010\/08\/Kanne-aus-der-Mingzeit-Made-in-Thuringia-768x1024.jpg 768w, https:\/\/zonenklaus.de\/wordpress\/wp-content\/uploads\/2010\/08\/Kanne-aus-der-Mingzeit-Made-in-Thuringia.jpg 1056w\" sizes=\"auto, (max-width: 112px) 100vw, 112px\" \/><\/a><a href=\"http:\/\/12decode.de\/zonenklaus\/wordpress\/wp-content\/uploads\/2010\/08\/Denker.jpg\"><img loading=\"lazy\" decoding=\"async\" class=\"alignleft size-thumbnail wp-image-8879\" title=\"Denker\" src=\"http:\/\/12decode.de\/zonenklaus\/wordpress\/wp-content\/uploads\/2010\/08\/Denker-112x150.jpg\" alt=\"\" width=\"112\" height=\"150\" srcset=\"https:\/\/zonenklaus.de\/wordpress\/wp-content\/uploads\/2010\/08\/Denker-112x150.jpg 112w, https:\/\/zonenklaus.de\/wordpress\/wp-content\/uploads\/2010\/08\/Denker-225x300.jpg 225w, https:\/\/zonenklaus.de\/wordpress\/wp-content\/uploads\/2010\/08\/Denker-768x1024.jpg 768w, https:\/\/zonenklaus.de\/wordpress\/wp-content\/uploads\/2010\/08\/Denker.jpg 1056w\" sizes=\"auto, (max-width: 112px) 100vw, 112px\" \/><\/a><a href=\"http:\/\/12decode.de\/zonenklaus\/wordpress\/wp-content\/uploads\/2010\/08\/Herr-K.-aus-B..jpg\"><img loading=\"lazy\" decoding=\"async\" class=\"alignleft size-thumbnail wp-image-8880\" title=\"Herr K. aus B.\" src=\"http:\/\/12decode.de\/zonenklaus\/wordpress\/wp-content\/uploads\/2010\/08\/Herr-K.-aus-B.-112x150.jpg\" alt=\"\" width=\"112\" height=\"150\" srcset=\"https:\/\/zonenklaus.de\/wordpress\/wp-content\/uploads\/2010\/08\/Herr-K.-aus-B.-112x150.jpg 112w, https:\/\/zonenklaus.de\/wordpress\/wp-content\/uploads\/2010\/08\/Herr-K.-aus-B.-225x300.jpg 225w, https:\/\/zonenklaus.de\/wordpress\/wp-content\/uploads\/2010\/08\/Herr-K.-aus-B.-768x1024.jpg 768w, https:\/\/zonenklaus.de\/wordpress\/wp-content\/uploads\/2010\/08\/Herr-K.-aus-B..jpg 1056w\" sizes=\"auto, (max-width: 112px) 100vw, 112px\" \/><\/a><\/p>\n<p>Zu Statler und Waldorf muss ich noch etwas ablassen. Jeder hat sie tausendmal gesehen und niemand kennt ihre Namen, deshalb hier die <a href=\"http:\/\/www.youtube.com\/watch?v=Pp9nmsuhz0U\">Aufl\u00f6sung<\/a>.<\/p>\n<p><a href=\"..\/wp-content\/uploads\/2010\/08\/IMG_0411-%C3%A4.jpg\"><img loading=\"lazy\" decoding=\"async\" src=\"..\/wp-content\/uploads\/2010\/08\/IMG_0411-%C3%A4-112x150.jpg\" alt=\"\" width=\"112\" height=\"150\" \/><\/a><a href=\"http:\/\/12decode.de\/zonenklaus\/wordpress\/wp-content\/uploads\/2010\/08\/H\u00f6rt-endlich-mit-Saufen-auf-ihr-S\u00e4cke-sollt-beten.jpg\"><img loading=\"lazy\" decoding=\"async\" class=\"alignleft size-thumbnail wp-image-8884\" title=\"H\u00f6rt endlich mit Saufen auf, ihr S\u00e4cke sollt beten! Wie hie\u00df es bei den Kommunisten? ihr sollt nicht immer bumsen und picheln, sondern hammern und sicheln!\" src=\"http:\/\/12decode.de\/zonenklaus\/wordpress\/wp-content\/uploads\/2010\/08\/H\u00f6rt-endlich-mit-Saufen-auf-ihr-S\u00e4cke-sollt-beten-112x150.jpg\" alt=\"\" width=\"112\" height=\"150\" srcset=\"https:\/\/zonenklaus.de\/wordpress\/wp-content\/uploads\/2010\/08\/H\u00f6rt-endlich-mit-Saufen-auf-ihr-S\u00e4cke-sollt-beten-112x150.jpg 112w, https:\/\/zonenklaus.de\/wordpress\/wp-content\/uploads\/2010\/08\/H\u00f6rt-endlich-mit-Saufen-auf-ihr-S\u00e4cke-sollt-beten-225x300.jpg 225w, https:\/\/zonenklaus.de\/wordpress\/wp-content\/uploads\/2010\/08\/H\u00f6rt-endlich-mit-Saufen-auf-ihr-S\u00e4cke-sollt-beten-768x1024.jpg 768w, https:\/\/zonenklaus.de\/wordpress\/wp-content\/uploads\/2010\/08\/H\u00f6rt-endlich-mit-Saufen-auf-ihr-S\u00e4cke-sollt-beten.jpg 1056w\" sizes=\"auto, (max-width: 112px) 100vw, 112px\" \/><\/a><\/p>\n<p><a href=\"http:\/\/12decode.de\/zonenklaus\/wordpress\/wp-content\/uploads\/2010\/08\/MMMMMMMMMMMMMhhhhh-dat-schmeckttttt.jpg\"><img loading=\"lazy\" decoding=\"async\" class=\"alignleft size-thumbnail wp-image-8888\" title=\"MMMMMMMMMMMMMhhhhh, dat schmeckttttt!\" src=\"http:\/\/12decode.de\/zonenklaus\/wordpress\/wp-content\/uploads\/2010\/08\/MMMMMMMMMMMMMhhhhh-dat-schmeckttttt-112x150.jpg\" alt=\"\" width=\"112\" height=\"150\" srcset=\"https:\/\/zonenklaus.de\/wordpress\/wp-content\/uploads\/2010\/08\/MMMMMMMMMMMMMhhhhh-dat-schmeckttttt-112x150.jpg 112w, https:\/\/zonenklaus.de\/wordpress\/wp-content\/uploads\/2010\/08\/MMMMMMMMMMMMMhhhhh-dat-schmeckttttt-225x300.jpg 225w, https:\/\/zonenklaus.de\/wordpress\/wp-content\/uploads\/2010\/08\/MMMMMMMMMMMMMhhhhh-dat-schmeckttttt-768x1024.jpg 768w, https:\/\/zonenklaus.de\/wordpress\/wp-content\/uploads\/2010\/08\/MMMMMMMMMMMMMhhhhh-dat-schmeckttttt.jpg 1056w\" sizes=\"auto, (max-width: 112px) 100vw, 112px\" \/><\/a><a href=\"http:\/\/12decode.de\/zonenklaus\/wordpress\/wp-content\/uploads\/2010\/08\/Volksdrogenabh\u00e4ngige.jpg\"><img loading=\"lazy\" decoding=\"async\" class=\"alignleft size-thumbnail wp-image-8889\" title=\"Volksdrogenabh\u00e4ngige\" src=\"http:\/\/12decode.de\/zonenklaus\/wordpress\/wp-content\/uploads\/2010\/08\/Volksdrogenabh\u00e4ngige-150x112.jpg\" alt=\"\" width=\"150\" height=\"112\" srcset=\"https:\/\/zonenklaus.de\/wordpress\/wp-content\/uploads\/2010\/08\/Volksdrogenabh\u00e4ngige-150x112.jpg 150w, https:\/\/zonenklaus.de\/wordpress\/wp-content\/uploads\/2010\/08\/Volksdrogenabh\u00e4ngige-300x225.jpg 300w, https:\/\/zonenklaus.de\/wordpress\/wp-content\/uploads\/2010\/08\/Volksdrogenabh\u00e4ngige-1024x768.jpg 1024w, https:\/\/zonenklaus.de\/wordpress\/wp-content\/uploads\/2010\/08\/Volksdrogenabh\u00e4ngige.jpg 1408w\" sizes=\"auto, (max-width: 150px) 100vw, 150px\" \/><\/a><a href=\"http:\/\/12decode.de\/zonenklaus\/wordpress\/wp-content\/uploads\/2010\/08\/Zorro.jpg\"><img loading=\"lazy\" decoding=\"async\" class=\"alignleft size-thumbnail wp-image-8890\" title=\"Zorro\" src=\"http:\/\/12decode.de\/zonenklaus\/wordpress\/wp-content\/uploads\/2010\/08\/Zorro-112x150.jpg\" alt=\"\" width=\"112\" height=\"150\" srcset=\"https:\/\/zonenklaus.de\/wordpress\/wp-content\/uploads\/2010\/08\/Zorro-112x150.jpg 112w, https:\/\/zonenklaus.de\/wordpress\/wp-content\/uploads\/2010\/08\/Zorro-225x300.jpg 225w, https:\/\/zonenklaus.de\/wordpress\/wp-content\/uploads\/2010\/08\/Zorro-768x1024.jpg 768w, https:\/\/zonenklaus.de\/wordpress\/wp-content\/uploads\/2010\/08\/Zorro.jpg 1056w\" sizes=\"auto, (max-width: 112px) 100vw, 112px\" \/><\/a><a href=\"http:\/\/12decode.de\/zonenklaus\/wordpress\/wp-content\/uploads\/2010\/08\/Basstrompeter.jpg\"><img loading=\"lazy\" decoding=\"async\" class=\"alignleft size-thumbnail wp-image-8891\" title=\"Basstrompeter\" src=\"http:\/\/12decode.de\/zonenklaus\/wordpress\/wp-content\/uploads\/2010\/08\/Basstrompeter-112x150.jpg\" alt=\"\" width=\"112\" height=\"150\" srcset=\"https:\/\/zonenklaus.de\/wordpress\/wp-content\/uploads\/2010\/08\/Basstrompeter-112x150.jpg 112w, https:\/\/zonenklaus.de\/wordpress\/wp-content\/uploads\/2010\/08\/Basstrompeter-225x300.jpg 225w, https:\/\/zonenklaus.de\/wordpress\/wp-content\/uploads\/2010\/08\/Basstrompeter-768x1024.jpg 768w, https:\/\/zonenklaus.de\/wordpress\/wp-content\/uploads\/2010\/08\/Basstrompeter.jpg 1056w\" sizes=\"auto, (max-width: 112px) 100vw, 112px\" \/><\/a><a href=\"http:\/\/12decode.de\/zonenklaus\/wordpress\/wp-content\/uploads\/2010\/08\/Grauhaariger-Saitenz\u00e4hler.jpg\"><img loading=\"lazy\" decoding=\"async\" class=\"alignleft size-thumbnail wp-image-8892\" title=\"Grauhaariger Saitenz\u00e4hler\" src=\"http:\/\/12decode.de\/zonenklaus\/wordpress\/wp-content\/uploads\/2010\/08\/Grauhaariger-Saitenz\u00e4hler-112x150.jpg\" alt=\"\" width=\"112\" height=\"150\" srcset=\"https:\/\/zonenklaus.de\/wordpress\/wp-content\/uploads\/2010\/08\/Grauhaariger-Saitenz\u00e4hler-112x150.jpg 112w, https:\/\/zonenklaus.de\/wordpress\/wp-content\/uploads\/2010\/08\/Grauhaariger-Saitenz\u00e4hler-225x300.jpg 225w, https:\/\/zonenklaus.de\/wordpress\/wp-content\/uploads\/2010\/08\/Grauhaariger-Saitenz\u00e4hler-768x1024.jpg 768w, https:\/\/zonenklaus.de\/wordpress\/wp-content\/uploads\/2010\/08\/Grauhaariger-Saitenz\u00e4hler.jpg 1056w\" sizes=\"auto, (max-width: 112px) 100vw, 112px\" \/><\/a><a href=\"http:\/\/12decode.de\/zonenklaus\/wordpress\/wp-content\/uploads\/2010\/08\/Fotzhobelsp\u00fchler.jpg\"><img loading=\"lazy\" decoding=\"async\" class=\"alignleft size-thumbnail wp-image-8893\" title=\"Fotzhobelsp\u00fcler\" src=\"http:\/\/12decode.de\/zonenklaus\/wordpress\/wp-content\/uploads\/2010\/08\/Fotzhobelsp\u00fchler-112x150.jpg\" alt=\"\" width=\"112\" height=\"150\" srcset=\"https:\/\/zonenklaus.de\/wordpress\/wp-content\/uploads\/2010\/08\/Fotzhobelsp\u00fchler-112x150.jpg 112w, https:\/\/zonenklaus.de\/wordpress\/wp-content\/uploads\/2010\/08\/Fotzhobelsp\u00fchler-225x300.jpg 225w, https:\/\/zonenklaus.de\/wordpress\/wp-content\/uploads\/2010\/08\/Fotzhobelsp\u00fchler-768x1024.jpg 768w, https:\/\/zonenklaus.de\/wordpress\/wp-content\/uploads\/2010\/08\/Fotzhobelsp\u00fchler.jpg 1056w\" sizes=\"auto, (max-width: 112px) 100vw, 112px\" \/><\/a><\/p>\n<p><a href=\"http:\/\/12decode.de\/zonenklaus\/wordpress\/wp-content\/uploads\/2010\/08\/Digi-M\u00fcllproduzent.jpg\"><img loading=\"lazy\" decoding=\"async\" class=\"alignleft size-thumbnail wp-image-8885\" title=\"Digi-M\u00fcllproduzent\" src=\"http:\/\/12decode.de\/zonenklaus\/wordpress\/wp-content\/uploads\/2010\/08\/Digi-M\u00fcllproduzent-112x150.jpg\" alt=\"\" width=\"112\" height=\"150\" srcset=\"https:\/\/zonenklaus.de\/wordpress\/wp-content\/uploads\/2010\/08\/Digi-M\u00fcllproduzent-112x150.jpg 112w, https:\/\/zonenklaus.de\/wordpress\/wp-content\/uploads\/2010\/08\/Digi-M\u00fcllproduzent-225x300.jpg 225w, https:\/\/zonenklaus.de\/wordpress\/wp-content\/uploads\/2010\/08\/Digi-M\u00fcllproduzent-768x1024.jpg 768w, https:\/\/zonenklaus.de\/wordpress\/wp-content\/uploads\/2010\/08\/Digi-M\u00fcllproduzent.jpg 1056w\" sizes=\"auto, (max-width: 112px) 100vw, 112px\" \/><\/a><a href=\"http:\/\/12decode.de\/zonenklaus\/wordpress\/wp-content\/uploads\/2010\/08\/R..jpg\"><img loading=\"lazy\" decoding=\"async\" class=\"alignleft size-thumbnail wp-image-8894\" src=\"http:\/\/12decode.de\/zonenklaus\/wordpress\/wp-content\/uploads\/2010\/08\/R.-112x150.jpg\" alt=\"\" width=\"112\" height=\"150\" srcset=\"https:\/\/zonenklaus.de\/wordpress\/wp-content\/uploads\/2010\/08\/R.-112x150.jpg 112w, https:\/\/zonenklaus.de\/wordpress\/wp-content\/uploads\/2010\/08\/R.-225x300.jpg 225w, https:\/\/zonenklaus.de\/wordpress\/wp-content\/uploads\/2010\/08\/R.-768x1024.jpg 768w, https:\/\/zonenklaus.de\/wordpress\/wp-content\/uploads\/2010\/08\/R..jpg 1056w\" sizes=\"auto, (max-width: 112px) 100vw, 112px\" \/><\/a><a href=\"http:\/\/12decode.de\/zonenklaus\/wordpress\/wp-content\/uploads\/2010\/08\/Tin-Whistle-Spieler.jpg\"><img loading=\"lazy\" decoding=\"async\" class=\"alignleft size-thumbnail wp-image-8895\" title=\"Tin Whistle Spieler\" src=\"http:\/\/12decode.de\/zonenklaus\/wordpress\/wp-content\/uploads\/2010\/08\/Tin-Whistle-Spieler-112x150.jpg\" alt=\"\" width=\"112\" height=\"150\" srcset=\"https:\/\/zonenklaus.de\/wordpress\/wp-content\/uploads\/2010\/08\/Tin-Whistle-Spieler-112x150.jpg 112w, https:\/\/zonenklaus.de\/wordpress\/wp-content\/uploads\/2010\/08\/Tin-Whistle-Spieler-225x300.jpg 225w, https:\/\/zonenklaus.de\/wordpress\/wp-content\/uploads\/2010\/08\/Tin-Whistle-Spieler-768x1024.jpg 768w, https:\/\/zonenklaus.de\/wordpress\/wp-content\/uploads\/2010\/08\/Tin-Whistle-Spieler.jpg 1056w\" sizes=\"auto, (max-width: 112px) 100vw, 112px\" \/><\/a><a href=\"http:\/\/12decode.de\/zonenklaus\/wordpress\/wp-content\/uploads\/2010\/08\/Ukulelenqu\u00e4ler.jpg\"><img loading=\"lazy\" decoding=\"async\" class=\"alignleft size-thumbnail wp-image-8896\" title=\"Ukulelenqu\u00e4ler\" src=\"http:\/\/12decode.de\/zonenklaus\/wordpress\/wp-content\/uploads\/2010\/08\/Ukulelenqu\u00e4ler-112x150.jpg\" alt=\"\" width=\"112\" height=\"150\" srcset=\"https:\/\/zonenklaus.de\/wordpress\/wp-content\/uploads\/2010\/08\/Ukulelenqu\u00e4ler-112x150.jpg 112w, https:\/\/zonenklaus.de\/wordpress\/wp-content\/uploads\/2010\/08\/Ukulelenqu\u00e4ler-225x300.jpg 225w, https:\/\/zonenklaus.de\/wordpress\/wp-content\/uploads\/2010\/08\/Ukulelenqu\u00e4ler-768x1024.jpg 768w, https:\/\/zonenklaus.de\/wordpress\/wp-content\/uploads\/2010\/08\/Ukulelenqu\u00e4ler.jpg 1056w\" sizes=\"auto, (max-width: 112px) 100vw, 112px\" \/><\/a><\/p>\n<p><a href=\"http:\/\/12decode.de\/zonenklaus\/wordpress\/wp-content\/uploads\/2010\/08\/milka.jpg\"><img loading=\"lazy\" decoding=\"async\" class=\"alignleft size-thumbnail wp-image-8923\" title=\"milka\" src=\"http:\/\/12decode.de\/zonenklaus\/wordpress\/wp-content\/uploads\/2010\/08\/milka-150x112.jpg\" alt=\"\" width=\"150\" height=\"112\" srcset=\"https:\/\/zonenklaus.de\/wordpress\/wp-content\/uploads\/2010\/08\/milka-150x112.jpg 150w, https:\/\/zonenklaus.de\/wordpress\/wp-content\/uploads\/2010\/08\/milka-300x225.jpg 300w, https:\/\/zonenklaus.de\/wordpress\/wp-content\/uploads\/2010\/08\/milka-1024x768.jpg 1024w, https:\/\/zonenklaus.de\/wordpress\/wp-content\/uploads\/2010\/08\/milka.jpg 1408w\" sizes=\"auto, (max-width: 150px) 100vw, 150px\" \/><\/a><a href=\"http:\/\/12decode.de\/zonenklaus\/wordpress\/wp-content\/uploads\/2010\/08\/IMG_0457-\u00e4.jpg\"><img loading=\"lazy\" decoding=\"async\" class=\"alignleft size-thumbnail wp-image-8899\" src=\"http:\/\/12decode.de\/zonenklaus\/wordpress\/wp-content\/uploads\/2010\/08\/IMG_0457-\u00e4-150x112.jpg\" alt=\"\" width=\"150\" height=\"112\" srcset=\"https:\/\/zonenklaus.de\/wordpress\/wp-content\/uploads\/2010\/08\/IMG_0457-\u00e4-150x112.jpg 150w, https:\/\/zonenklaus.de\/wordpress\/wp-content\/uploads\/2010\/08\/IMG_0457-\u00e4-300x225.jpg 300w, https:\/\/zonenklaus.de\/wordpress\/wp-content\/uploads\/2010\/08\/IMG_0457-\u00e4-1024x768.jpg 1024w, https:\/\/zonenklaus.de\/wordpress\/wp-content\/uploads\/2010\/08\/IMG_0457-\u00e4.jpg 1408w\" sizes=\"auto, (max-width: 150px) 100vw, 150px\" \/><\/a><a href=\"http:\/\/12decode.de\/zonenklaus\/wordpress\/wp-content\/uploads\/2010\/08\/IMG_0458-\u00e4.jpg\"><img loading=\"lazy\" decoding=\"async\" class=\"alignleft size-thumbnail wp-image-8900\" src=\"http:\/\/12decode.de\/zonenklaus\/wordpress\/wp-content\/uploads\/2010\/08\/IMG_0458-\u00e4-150x112.jpg\" alt=\"\" width=\"150\" height=\"112\" srcset=\"https:\/\/zonenklaus.de\/wordpress\/wp-content\/uploads\/2010\/08\/IMG_0458-\u00e4-150x112.jpg 150w, https:\/\/zonenklaus.de\/wordpress\/wp-content\/uploads\/2010\/08\/IMG_0458-\u00e4-300x225.jpg 300w, https:\/\/zonenklaus.de\/wordpress\/wp-content\/uploads\/2010\/08\/IMG_0458-\u00e4-1024x768.jpg 1024w, https:\/\/zonenklaus.de\/wordpress\/wp-content\/uploads\/2010\/08\/IMG_0458-\u00e4.jpg 1408w\" sizes=\"auto, (max-width: 150px) 100vw, 150px\" \/><\/a><a href=\"http:\/\/12decode.de\/zonenklaus\/wordpress\/wp-content\/uploads\/2010\/08\/IMG_0461-\u00e4.jpg\"><img loading=\"lazy\" decoding=\"async\" class=\"alignleft size-thumbnail wp-image-8901\" src=\"http:\/\/12decode.de\/zonenklaus\/wordpress\/wp-content\/uploads\/2010\/08\/IMG_0461-\u00e4-150x112.jpg\" alt=\"\" width=\"150\" height=\"112\" srcset=\"https:\/\/zonenklaus.de\/wordpress\/wp-content\/uploads\/2010\/08\/IMG_0461-\u00e4-150x112.jpg 150w, https:\/\/zonenklaus.de\/wordpress\/wp-content\/uploads\/2010\/08\/IMG_0461-\u00e4-300x225.jpg 300w, https:\/\/zonenklaus.de\/wordpress\/wp-content\/uploads\/2010\/08\/IMG_0461-\u00e4-1024x768.jpg 1024w, https:\/\/zonenklaus.de\/wordpress\/wp-content\/uploads\/2010\/08\/IMG_0461-\u00e4.jpg 1408w\" sizes=\"auto, (max-width: 150px) 100vw, 150px\" \/><\/a><a href=\"http:\/\/12decode.de\/zonenklaus\/wordpress\/wp-content\/uploads\/2010\/08\/IMG_0463-\u00e4.jpg\"><img loading=\"lazy\" decoding=\"async\" class=\"alignleft size-thumbnail wp-image-8902\" src=\"http:\/\/12decode.de\/zonenklaus\/wordpress\/wp-content\/uploads\/2010\/08\/IMG_0463-\u00e4-112x150.jpg\" alt=\"\" width=\"112\" height=\"150\" srcset=\"https:\/\/zonenklaus.de\/wordpress\/wp-content\/uploads\/2010\/08\/IMG_0463-\u00e4-112x150.jpg 112w, https:\/\/zonenklaus.de\/wordpress\/wp-content\/uploads\/2010\/08\/IMG_0463-\u00e4-225x300.jpg 225w, https:\/\/zonenklaus.de\/wordpress\/wp-content\/uploads\/2010\/08\/IMG_0463-\u00e4-768x1024.jpg 768w, https:\/\/zonenklaus.de\/wordpress\/wp-content\/uploads\/2010\/08\/IMG_0463-\u00e4.jpg 1056w\" sizes=\"auto, (max-width: 112px) 100vw, 112px\" \/><\/a><a href=\"http:\/\/12decode.de\/zonenklaus\/wordpress\/wp-content\/uploads\/2010\/08\/Mond-und-Venus.jpg\"><img loading=\"lazy\" decoding=\"async\" class=\"alignleft size-thumbnail wp-image-8903\" title=\"Mond und Venus\" src=\"http:\/\/12decode.de\/zonenklaus\/wordpress\/wp-content\/uploads\/2010\/08\/Mond-und-Venus-150x112.jpg\" alt=\"\" width=\"150\" height=\"112\" srcset=\"https:\/\/zonenklaus.de\/wordpress\/wp-content\/uploads\/2010\/08\/Mond-und-Venus-150x112.jpg 150w, https:\/\/zonenklaus.de\/wordpress\/wp-content\/uploads\/2010\/08\/Mond-und-Venus-300x225.jpg 300w, https:\/\/zonenklaus.de\/wordpress\/wp-content\/uploads\/2010\/08\/Mond-und-Venus-1024x768.jpg 1024w, https:\/\/zonenklaus.de\/wordpress\/wp-content\/uploads\/2010\/08\/Mond-und-Venus.jpg 1408w\" sizes=\"auto, (max-width: 150px) 100vw, 150px\" \/><\/a><a href=\"http:\/\/12decode.de\/zonenklaus\/wordpress\/wp-content\/uploads\/2010\/08\/M\u00fcmmelnde.jpg\"><img loading=\"lazy\" decoding=\"async\" class=\"alignleft size-thumbnail wp-image-8904\" title=\"M\u00fcmmelnde\" src=\"http:\/\/12decode.de\/zonenklaus\/wordpress\/wp-content\/uploads\/2010\/08\/M\u00fcmmelnde-112x150.jpg\" alt=\"\" width=\"112\" height=\"150\" srcset=\"https:\/\/zonenklaus.de\/wordpress\/wp-content\/uploads\/2010\/08\/M\u00fcmmelnde-112x150.jpg 112w, https:\/\/zonenklaus.de\/wordpress\/wp-content\/uploads\/2010\/08\/M\u00fcmmelnde-225x300.jpg 225w, https:\/\/zonenklaus.de\/wordpress\/wp-content\/uploads\/2010\/08\/M\u00fcmmelnde-768x1024.jpg 768w, https:\/\/zonenklaus.de\/wordpress\/wp-content\/uploads\/2010\/08\/M\u00fcmmelnde.jpg 1056w\" sizes=\"auto, (max-width: 112px) 100vw, 112px\" \/><\/a><a href=\"http:\/\/12decode.de\/zonenklaus\/wordpress\/wp-content\/uploads\/2010\/08\/Sympathische-Teppichratte-eines-Th\u00fcringer-Ureinwohners.jpg\"><img loading=\"lazy\" decoding=\"async\" class=\"alignleft size-thumbnail wp-image-8905\" title=\"Sympathische Teppichratte eines Th\u00fcringer Ureinwohners\" src=\"http:\/\/12decode.de\/zonenklaus\/wordpress\/wp-content\/uploads\/2010\/08\/Sympathische-Teppichratte-eines-Th\u00fcringer-Ureinwohners-112x150.jpg\" alt=\"\" width=\"112\" height=\"150\" srcset=\"https:\/\/zonenklaus.de\/wordpress\/wp-content\/uploads\/2010\/08\/Sympathische-Teppichratte-eines-Th\u00fcringer-Ureinwohners-112x150.jpg 112w, https:\/\/zonenklaus.de\/wordpress\/wp-content\/uploads\/2010\/08\/Sympathische-Teppichratte-eines-Th\u00fcringer-Ureinwohners-225x300.jpg 225w, https:\/\/zonenklaus.de\/wordpress\/wp-content\/uploads\/2010\/08\/Sympathische-Teppichratte-eines-Th\u00fcringer-Ureinwohners-768x1024.jpg 768w, https:\/\/zonenklaus.de\/wordpress\/wp-content\/uploads\/2010\/08\/Sympathische-Teppichratte-eines-Th\u00fcringer-Ureinwohners.jpg 1056w\" sizes=\"auto, (max-width: 112px) 100vw, 112px\" \/><\/a><a href=\"http:\/\/12decode.de\/zonenklaus\/wordpress\/wp-content\/uploads\/2010\/08\/Versteinerter-Ochsenfrosch.jpg\"><img loading=\"lazy\" decoding=\"async\" class=\"alignleft size-thumbnail wp-image-8906\" title=\"Versteinerter Ochsenfrosch\" src=\"http:\/\/12decode.de\/zonenklaus\/wordpress\/wp-content\/uploads\/2010\/08\/Versteinerter-Ochsenfrosch-150x112.jpg\" alt=\"\" width=\"150\" height=\"112\" srcset=\"https:\/\/zonenklaus.de\/wordpress\/wp-content\/uploads\/2010\/08\/Versteinerter-Ochsenfrosch-150x112.jpg 150w, https:\/\/zonenklaus.de\/wordpress\/wp-content\/uploads\/2010\/08\/Versteinerter-Ochsenfrosch-300x225.jpg 300w, https:\/\/zonenklaus.de\/wordpress\/wp-content\/uploads\/2010\/08\/Versteinerter-Ochsenfrosch-1024x768.jpg 1024w, https:\/\/zonenklaus.de\/wordpress\/wp-content\/uploads\/2010\/08\/Versteinerter-Ochsenfrosch.jpg 1408w\" sizes=\"auto, (max-width: 150px) 100vw, 150px\" \/><\/a><a href=\"http:\/\/12decode.de\/zonenklaus\/wordpress\/wp-content\/uploads\/2010\/08\/Weimar-Bauhauskunst.jpg\"><img loading=\"lazy\" decoding=\"async\" class=\"alignleft size-thumbnail wp-image-8907\" title=\"Weimar - Bauhauskunst\" src=\"http:\/\/12decode.de\/zonenklaus\/wordpress\/wp-content\/uploads\/2010\/08\/Weimar-Bauhauskunst-150x112.jpg\" alt=\"\" width=\"150\" height=\"112\" srcset=\"https:\/\/zonenklaus.de\/wordpress\/wp-content\/uploads\/2010\/08\/Weimar-Bauhauskunst-150x112.jpg 150w, https:\/\/zonenklaus.de\/wordpress\/wp-content\/uploads\/2010\/08\/Weimar-Bauhauskunst-300x225.jpg 300w, https:\/\/zonenklaus.de\/wordpress\/wp-content\/uploads\/2010\/08\/Weimar-Bauhauskunst-1024x768.jpg 1024w, https:\/\/zonenklaus.de\/wordpress\/wp-content\/uploads\/2010\/08\/Weimar-Bauhauskunst.jpg 1408w\" sizes=\"auto, (max-width: 150px) 100vw, 150px\" \/><\/a><a href=\"http:\/\/12decode.de\/zonenklaus\/wordpress\/wp-content\/uploads\/2010\/08\/Weimar-Stretchfiaker-2-PS-Hafermotor.jpg\"><img loading=\"lazy\" decoding=\"async\" class=\"alignleft size-thumbnail wp-image-8908\" title=\"Weimar - Stretchfiaker, 2 PS Hafermotor\" src=\"http:\/\/12decode.de\/zonenklaus\/wordpress\/wp-content\/uploads\/2010\/08\/Weimar-Stretchfiaker-2-PS-Hafermotor-150x112.jpg\" alt=\"\" width=\"150\" height=\"112\" srcset=\"https:\/\/zonenklaus.de\/wordpress\/wp-content\/uploads\/2010\/08\/Weimar-Stretchfiaker-2-PS-Hafermotor-150x112.jpg 150w, https:\/\/zonenklaus.de\/wordpress\/wp-content\/uploads\/2010\/08\/Weimar-Stretchfiaker-2-PS-Hafermotor-300x225.jpg 300w, https:\/\/zonenklaus.de\/wordpress\/wp-content\/uploads\/2010\/08\/Weimar-Stretchfiaker-2-PS-Hafermotor-1024x768.jpg 1024w, https:\/\/zonenklaus.de\/wordpress\/wp-content\/uploads\/2010\/08\/Weimar-Stretchfiaker-2-PS-Hafermotor.jpg 1408w\" sizes=\"auto, (max-width: 150px) 100vw, 150px\" \/><\/a><a href=\"http:\/\/12decode.de\/zonenklaus\/wordpress\/wp-content\/uploads\/2010\/08\/Kumpel-Mit-einer-sch\u00f6nen-Frau-wirst-Du-nicht-viel-gl\u00fccklicher-auch-wenn-sie-Knete-hat..jpg\"><img loading=\"lazy\" decoding=\"async\" class=\"alignleft size-thumbnail wp-image-8909\" title=\"Kumpel! Mit einer sch\u00f6nen Frau wirst Du nicht viel gl\u00fccklicher, auch wenn sie Knete hat. Such Dir eine mit \u00b4nem Buckel, denn Sch\u00f6nheit vergeht!\" src=\"http:\/\/12decode.de\/zonenklaus\/wordpress\/wp-content\/uploads\/2010\/08\/Kumpel-Mit-einer-sch\u00f6nen-Frau-wirst-Du-nicht-viel-gl\u00fccklicher-auch-wenn-sie-Knete-hat.-150x112.jpg\" alt=\"\" width=\"150\" height=\"112\" srcset=\"https:\/\/zonenklaus.de\/wordpress\/wp-content\/uploads\/2010\/08\/Kumpel-Mit-einer-sch\u00f6nen-Frau-wirst-Du-nicht-viel-gl\u00fccklicher-auch-wenn-sie-Knete-hat.-150x112.jpg 150w, https:\/\/zonenklaus.de\/wordpress\/wp-content\/uploads\/2010\/08\/Kumpel-Mit-einer-sch\u00f6nen-Frau-wirst-Du-nicht-viel-gl\u00fccklicher-auch-wenn-sie-Knete-hat.-300x225.jpg 300w, https:\/\/zonenklaus.de\/wordpress\/wp-content\/uploads\/2010\/08\/Kumpel-Mit-einer-sch\u00f6nen-Frau-wirst-Du-nicht-viel-gl\u00fccklicher-auch-wenn-sie-Knete-hat.-1024x768.jpg 1024w, https:\/\/zonenklaus.de\/wordpress\/wp-content\/uploads\/2010\/08\/Kumpel-Mit-einer-sch\u00f6nen-Frau-wirst-Du-nicht-viel-gl\u00fccklicher-auch-wenn-sie-Knete-hat..jpg 1408w\" sizes=\"auto, (max-width: 150px) 100vw, 150px\" \/><\/a><a href=\"http:\/\/12decode.de\/zonenklaus\/wordpress\/wp-content\/uploads\/2010\/08\/Wundersch\u00f6ner-Regenwasserkanaldeckel-der-bestimmt-bald-von-einem-hirnlosen-Eigentumsverlagerer-weg-gefunden-wird....jpg\"><img loading=\"lazy\" decoding=\"async\" class=\"alignleft size-thumbnail wp-image-8910\" title=\"Wundersch\u00f6ner Regenwasserkanaldeckel, der bestimmt bald von einem hirnlosen Eigentumsverlagerer weg gefunden wird...\" src=\"http:\/\/12decode.de\/zonenklaus\/wordpress\/wp-content\/uploads\/2010\/08\/Wundersch\u00f6ner-Regenwasserkanaldeckel-der-bestimmt-bald-von-einem-hirnlosen-Eigentumsverlagerer-weg-gefunden-wird...-112x150.jpg\" alt=\"\" width=\"112\" height=\"150\" srcset=\"https:\/\/zonenklaus.de\/wordpress\/wp-content\/uploads\/2010\/08\/Wundersch\u00f6ner-Regenwasserkanaldeckel-der-bestimmt-bald-von-einem-hirnlosen-Eigentumsverlagerer-weg-gefunden-wird...-112x150.jpg 112w, https:\/\/zonenklaus.de\/wordpress\/wp-content\/uploads\/2010\/08\/Wundersch\u00f6ner-Regenwasserkanaldeckel-der-bestimmt-bald-von-einem-hirnlosen-Eigentumsverlagerer-weg-gefunden-wird...-225x300.jpg 225w, https:\/\/zonenklaus.de\/wordpress\/wp-content\/uploads\/2010\/08\/Wundersch\u00f6ner-Regenwasserkanaldeckel-der-bestimmt-bald-von-einem-hirnlosen-Eigentumsverlagerer-weg-gefunden-wird...-768x1024.jpg 768w, https:\/\/zonenklaus.de\/wordpress\/wp-content\/uploads\/2010\/08\/Wundersch\u00f6ner-Regenwasserkanaldeckel-der-bestimmt-bald-von-einem-hirnlosen-Eigentumsverlagerer-weg-gefunden-wird....jpg 1056w\" sizes=\"auto, (max-width: 112px) 100vw, 112px\" \/><\/a><a href=\"http:\/\/12decode.de\/zonenklaus\/wordpress\/wp-content\/uploads\/2010\/08\/Wieder-in-Berlin-U-Bahnhof-Berliner-Strasse.jpg\"><img loading=\"lazy\" decoding=\"async\" class=\"alignleft size-thumbnail wp-image-8911\" title=\"Wieder in Berlin, U-Bahnhof  Berliner Strasse\" src=\"http:\/\/12decode.de\/zonenklaus\/wordpress\/wp-content\/uploads\/2010\/08\/Wieder-in-Berlin-U-Bahnhof-Berliner-Strasse-112x150.jpg\" alt=\"\" width=\"112\" height=\"150\" srcset=\"https:\/\/zonenklaus.de\/wordpress\/wp-content\/uploads\/2010\/08\/Wieder-in-Berlin-U-Bahnhof-Berliner-Strasse-112x150.jpg 112w, https:\/\/zonenklaus.de\/wordpress\/wp-content\/uploads\/2010\/08\/Wieder-in-Berlin-U-Bahnhof-Berliner-Strasse-225x300.jpg 225w, https:\/\/zonenklaus.de\/wordpress\/wp-content\/uploads\/2010\/08\/Wieder-in-Berlin-U-Bahnhof-Berliner-Strasse-768x1024.jpg 768w, https:\/\/zonenklaus.de\/wordpress\/wp-content\/uploads\/2010\/08\/Wieder-in-Berlin-U-Bahnhof-Berliner-Strasse.jpg 1056w\" sizes=\"auto, (max-width: 112px) 100vw, 112px\" \/><\/a><\/p>\n<p><a href=\"http:\/\/12decode.de\/zonenklaus\/wordpress\/wp-content\/uploads\/2010\/08\/Eine-Scheisse-200-Steine-k\u00f6nnten-wir-dringend-gebrauchen....jpg\"><img loading=\"lazy\" decoding=\"async\" class=\"alignleft size-thumbnail wp-image-8925\" title=\"Eine Scheisse, 200 Steine k\u00f6nnten wir dringend gebrauchen...\" src=\"http:\/\/12decode.de\/zonenklaus\/wordpress\/wp-content\/uploads\/2010\/08\/Eine-Scheisse-200-Steine-k\u00f6nnten-wir-dringend-gebrauchen...-112x150.jpg\" alt=\"\" width=\"112\" height=\"150\" srcset=\"https:\/\/zonenklaus.de\/wordpress\/wp-content\/uploads\/2010\/08\/Eine-Scheisse-200-Steine-k\u00f6nnten-wir-dringend-gebrauchen...-112x150.jpg 112w, https:\/\/zonenklaus.de\/wordpress\/wp-content\/uploads\/2010\/08\/Eine-Scheisse-200-Steine-k\u00f6nnten-wir-dringend-gebrauchen...-225x300.jpg 225w, https:\/\/zonenklaus.de\/wordpress\/wp-content\/uploads\/2010\/08\/Eine-Scheisse-200-Steine-k\u00f6nnten-wir-dringend-gebrauchen...-768x1024.jpg 768w, https:\/\/zonenklaus.de\/wordpress\/wp-content\/uploads\/2010\/08\/Eine-Scheisse-200-Steine-k\u00f6nnten-wir-dringend-gebrauchen....jpg 1056w\" sizes=\"auto, (max-width: 112px) 100vw, 112px\" \/><\/a><\/p>\n","protected":false},"excerpt":{"rendered":"<p>Zu Statler und Waldorf muss ich noch etwas ablassen. Jeder hat sie tausendmal gesehen und niemand kennt ihre Namen, deshalb hier die Aufl\u00f6sung.<\/p>\n","protected":false},"author":6,"featured_media":0,"comment_status":"open","ping_status":"closed","sticky":false,"template":"","format":"standard","meta":{"footnotes":""},"categories":[1],"tags":[],"class_list":["post-8848","post","type-post","status-publish","format-standard","hentry","category-allgemeines"],"_links":{"self":[{"href":"https:\/\/zonenklaus.de\/wordpress\/index.php?rest_route=\/wp\/v2\/posts\/8848","targetHints":{"allow":["GET"]}}],"collection":[{"href":"https:\/\/zonenklaus.de\/wordpress\/index.php?rest_route=\/wp\/v2\/posts"}],"about":[{"href":"https:\/\/zonenklaus.de\/wordpress\/index.php?rest_route=\/wp\/v2\/types\/post"}],"author":[{"embeddable":true,"href":"https:\/\/zonenklaus.de\/wordpress\/index.php?rest_route=\/wp\/v2\/users\/6"}],"replies":[{"embeddable":true,"href":"https:\/\/zonenklaus.de\/wordpress\/index.php?rest_route=%2Fwp%2Fv2%2Fcomments&post=8848"}],"version-history":[{"count":24,"href":"https:\/\/zonenklaus.de\/wordpress\/index.php?rest_route=\/wp\/v2\/posts\/8848\/revisions"}],"predecessor-version":[{"id":8928,"href":"https:\/\/zonenklaus.de\/wordpress\/index.php?rest_route=\/wp\/v2\/posts\/8848\/revisions\/8928"}],"wp:attachment":[{"href":"https:\/\/zonenklaus.de\/wordpress\/index.php?rest_route=%2Fwp%2Fv2%2Fmedia&parent=8848"}],"wp:term":[{"taxonomy":"category","embeddable":true,"href":"https:\/\/zonenklaus.de\/wordpress\/index.php?rest_route=%2Fwp%2Fv2%2Fcategories&post=8848"},{"taxonomy":"post_tag","embeddable":true,"href":"https:\/\/zonenklaus.de\/wordpress\/index.php?rest_route=%2Fwp%2Fv2%2Ftags&post=8848"}],"curies":[{"name":"wp","href":"https:\/\/api.w.org\/{rel}","templated":true}]}}