{"id":8983,"date":"2010-09-04T00:22:18","date_gmt":"2010-09-03T23:22:18","guid":{"rendered":"http:\/\/12decode.de\/zonenklaus\/wordpress\/?p=8983"},"modified":"2026-01-27T02:26:46","modified_gmt":"2026-01-27T01:26:46","slug":"yueksel-effendi-erlebt-78-notiert84","status":"publish","type":"post","link":"https:\/\/zonenklaus.de\/wordpress\/?p=8983","title":{"rendered":"Im &#8220;Babylonischen V\u00f6lkergemisch&#8221; der &#8220;Sonnenschein GmbH&#8221;"},"content":{"rendered":"<p><span style=\"font-size: small;\"><strong>Fu\u00dfnote 1<\/strong><\/span><br \/>\nIn jener Zeit fand auch mal eine Gesamtbetriebsratsversammlung statt, mit Abordnungen aus dem Stammwerk in Hessen, den Niederlassungen und dem ganz gro\u00dfen Schefff, Herrn Dr. Schwarz-Schilling.<br \/>\n<strong>&#8211; M<\/strong>uss aber noch etwas einf\u00fcgen.<br \/>\nIn der Nachbarabteilung schubberte ein junger T\u00fcrke, Anfang der 20er. Ein gutaussehender, sehr sympathischer Durchblicker aus Neuk\u00f6lln, mit finsterstem Berliner Idiom auf seiner Zunge. Hauptschulabbrecher, in der Firma das absolute Arbeitstier, was ihm nicht nur Pluspunkte einbrachte.<br \/>\nNebenbei hatte ihn auch der Hadschi aus der Pastiererei auf dem Kieker, wegen seiner Hobbys. Unser junger Freund liebte riesige amerikanische Schlitten und blonde M\u00e4dels. In jeder freien Minute schraubte er entweder am kalten Metall oder am warmen Fleisch.<br \/>\nEinem t\u00fcrkischen Kollegen der IG-Metall war er mal aufgefallen. Jener sprach ihn an, ob er nicht Lust h\u00e4tte sich weiter zu qualifizieren, um in der Perspektive als Dolmetscher zu arbeiten. Begeistert gab er vor Ablauf einer Bedenkzeit seine Zustimmung. Fast unannehmbar war allerdings die Preisgabe seiner geliebten Stra\u00dfenkreuzer. Letztendlich erfolgte der Verzicht einer Gewerkschafterkarriere nach Beendigung jener gro\u00dfen Versammlung.<br \/>\n<strong>&#8211; V<\/strong>orn an den Tischen umrahmten Gesamtbetriebsrat, Gewerkschafter aus B\u00fcdingen, Berlin, der Niederlassung und von der IG-Metall-Hauptgesch\u00e4ftsstelle den gro\u00dfe Gesch\u00e4ftsf\u00fchrer Dr. <a title=\"Christian Schwarz-Schilling\" href=\"https:\/\/de.wikipedia.org\/wiki\/Christian_Schwarz-Schilling\">Christian Schwarz-Schilling<\/a>.<br \/>\nAn jenem Tag existierte sogar ein Simultandolmetscher f\u00fcr die t\u00fcrkischen Kollegen, ein junger Spund mit recht gro\u00dfer Klappe.<br \/>\nNach dem \u00fcblichen Einleitungsges\u00fclze las unser Betriebsratsvorsitzende den Rechenschaftsbericht vor, auf ein Zeichen hin sollte der Dolmetscher immer das Gesagte kurz zusammenfassen, als aus der Zuschauermenge ein Yugo rief, \u201eKollega, kannst du nicht sprechen deutsch?\u201c<br \/>\nWas bis auf wenige Lacher, fast niemand registrierte.<br \/>\n<a href=\"http:\/\/12decode.de\/zonenklaus\/wordpress\/wp-content\/uploads\/2010\/09\/IMG_0558-\u00e4.jpg\"><img loading=\"lazy\" decoding=\"async\" class=\"alignleft size-thumbnail wp-image-8985\" src=\"http:\/\/12decode.de\/zonenklaus\/wordpress\/wp-content\/uploads\/2010\/09\/IMG_0558-\u00e4-150x112.jpg\" alt=\"\" width=\"150\" height=\"112\" srcset=\"https:\/\/zonenklaus.de\/wordpress\/wp-content\/uploads\/2010\/09\/IMG_0558-\u00e4-150x112.jpg 150w, https:\/\/zonenklaus.de\/wordpress\/wp-content\/uploads\/2010\/09\/IMG_0558-\u00e4-300x225.jpg 300w, https:\/\/zonenklaus.de\/wordpress\/wp-content\/uploads\/2010\/09\/IMG_0558-\u00e4-1024x768.jpg 1024w, https:\/\/zonenklaus.de\/wordpress\/wp-content\/uploads\/2010\/09\/IMG_0558-\u00e4.jpg 1408w\" sizes=\"auto, (max-width: 150px) 100vw, 150px\" \/><\/a>In den hinteren Reihen machte sich langsam kichern breit, Ausl\u00f6ser daf\u00fcr war meine Wenigkeit. Aus der Pudelm\u00fctze und zwei Kronkorken hatte ich ein Objekt gebastelt, was synchron die Mimik der Redner wiedergab.<br \/>\nAuf ein Nicken hin sollte die \u00dcbersetzung beginnen. Wie im Theater beim verpassten <em>Stichwort<\/em>, wurden die entsprechenden Kopfbewegungen heftiger.<br \/>\nBis jemand den Dolmetscher heftig anstie\u00df, \u201eKollege, du bist dran!\u201c<br \/>\nDer stand auf, dabei hilflos in die Runde schauend, \u201ewas soll ich eigentlich \u00dcbersetzen? Ich habe kein einziger Wort verstanden, welche Sprache spricht dieser Kollege \u00fcberhaupt?\u201c<br \/>\nDr\u00f6hnend lachten die anwesenden Deutschen auf, bis schlie\u00dflich alle wieherten.<br \/>\nRedner und Dolmetscher nahmen recht verunsichert, mit hochroten K\u00f6pfen, wieder ihre Pl\u00e4tze ein. Wobei der junge T\u00fcrke absolut nichts raffte, sollte er nun w\u00fctend den Raum verlassen oder laut heulen, er bezog dieses Tohuwabohu einzig auf sich.<br \/>\nAls Schwarz-Schilling sich langsam erhob, nat\u00fcrlich mit lachender Mine, kehrte wieder Ruhe ein. Bis zu dem Zeitpunkt, als der stellvertretende Betriebsratsvorsitzende zum Dolmetscher gewandt, ihm erkl\u00e4rte, was es mit der Sprache des Hauptredners auf sich hatte.<br \/>\nDer Mann war durch die Kriegswirren in Berlin gelandet. Sprach aber 30 Jahren sp\u00e4ter immer noch seinen absolut zerknautschten s\u00e4chsischen Dialekt aus Kindheitstagen&#8230;<\/p>\n<p><strong>Fu\u00dfnote 2<\/strong><br \/>\n<strong> <a href=\"https:\/\/zonenklaus.de\/wordpress\/wp-content\/uploads\/2010\/09\/Y%C3%BCksel-Effendi.pdf\" rel=\"attachment wp-att-28536\">Y\u00fcksel Effendi<\/a><\/strong><\/p>\n","protected":false},"excerpt":{"rendered":"<p>Fu\u00dfnote 1 In jener Zeit fand auch mal eine Gesamtbetriebsratsversammlung statt, mit Abordnungen aus dem Stammwerk in Hessen, den Niederlassungen und dem ganz gro\u00dfen Schefff, Herrn Dr. Schwarz-Schilling. &#8211; Muss aber noch etwas einf\u00fcgen. In der Nachbarabteilung schubberte ein junger T\u00fcrke, Anfang der 20er. Ein gutaussehender, sehr sympathischer Durchblicker aus Neuk\u00f6lln, mit finsterstem Berliner Idiom [&hellip;]<\/p>\n","protected":false},"author":6,"featured_media":0,"comment_status":"open","ping_status":"closed","sticky":false,"template":"","format":"standard","meta":{"footnotes":""},"categories":[55,21],"tags":[],"class_list":["post-8983","post","type-post","status-publish","format-standard","hentry","category-alltaeglicher-wahnwitz","category-hundescheisshaufen"],"_links":{"self":[{"href":"https:\/\/zonenklaus.de\/wordpress\/index.php?rest_route=\/wp\/v2\/posts\/8983","targetHints":{"allow":["GET"]}}],"collection":[{"href":"https:\/\/zonenklaus.de\/wordpress\/index.php?rest_route=\/wp\/v2\/posts"}],"about":[{"href":"https:\/\/zonenklaus.de\/wordpress\/index.php?rest_route=\/wp\/v2\/types\/post"}],"author":[{"embeddable":true,"href":"https:\/\/zonenklaus.de\/wordpress\/index.php?rest_route=\/wp\/v2\/users\/6"}],"replies":[{"embeddable":true,"href":"https:\/\/zonenklaus.de\/wordpress\/index.php?rest_route=%2Fwp%2Fv2%2Fcomments&post=8983"}],"version-history":[{"count":28,"href":"https:\/\/zonenklaus.de\/wordpress\/index.php?rest_route=\/wp\/v2\/posts\/8983\/revisions"}],"predecessor-version":[{"id":44752,"href":"https:\/\/zonenklaus.de\/wordpress\/index.php?rest_route=\/wp\/v2\/posts\/8983\/revisions\/44752"}],"wp:attachment":[{"href":"https:\/\/zonenklaus.de\/wordpress\/index.php?rest_route=%2Fwp%2Fv2%2Fmedia&parent=8983"}],"wp:term":[{"taxonomy":"category","embeddable":true,"href":"https:\/\/zonenklaus.de\/wordpress\/index.php?rest_route=%2Fwp%2Fv2%2Fcategories&post=8983"},{"taxonomy":"post_tag","embeddable":true,"href":"https:\/\/zonenklaus.de\/wordpress\/index.php?rest_route=%2Fwp%2Fv2%2Ftags&post=8983"}],"curies":[{"name":"wp","href":"https:\/\/api.w.org\/{rel}","templated":true}]}}