{"id":9000,"date":"2010-09-05T23:18:34","date_gmt":"2010-09-05T22:18:34","guid":{"rendered":"http:\/\/12decode.de\/zonenklaus\/wordpress\/?p=9000"},"modified":"2010-09-05T23:18:34","modified_gmt":"2010-09-05T22:18:34","slug":"eigennutz-geht-vor-gemeinnutz-wem-gehoren-brandenburgs-seen","status":"publish","type":"post","link":"https:\/\/zonenklaus.de\/wordpress\/?p=9000","title":{"rendered":"EIGENNUTZ GEHT VOR GEMEINNUTZ &#8211; Wem geh\u00f6ren Brandenburgs Seen?"},"content":{"rendered":"<p><a href=\"http:\/\/reporter.zdf.de\/ZDFde\/inhalt\/3\/0,1872,8107747,00.html\">Streit am Strand<\/a> &#8211; Selbige Sendung kann man sicher irgendwann im Netz anschauen.<br \/>\nEs tut sich etwas auf ehemaligen Zonenterritorium, das momentan im Westen nicht so einfach \u00fcber die B\u00fchne ginge. Wird alles noch kommen, wenn die Sozis das Ruder wieder in ihren H\u00e4nden halten, es spielt dann auch keine Rolle, wer den Mehrheitsbeschaffer mimen wird, dunkelrote Neobolschewisten oder die gr\u00fcnliche Variante. Beide Haufen haben schlie\u00dflich ihre Ber\u00fchrungs\u00e4ngste lange verdr\u00e4ngt, was den Schmusekurs mit dem Kapital betrifft.<br \/>\nGemeinsam verschleudern sie deshalb liebend gern Tafelsilber, oder eben mal <a href=\"http:\/\/de.wikipedia.org\/wiki\/Wandlitzsee\">Gew\u00e4sser<\/a>&#8230;<br \/>\nSo manche Volks<em>(ver)<\/em>treter wollen nicht mehr daran erinnert werden, dass sie als Heranwachsende noch Kitt aus den Fenstern fra\u00dfen&#8230;<br \/>\nMittlerweile in \u201edemokratischen Sph\u00e4ren\u201c gelandet, sind deshalb einige Personen heute in der Lage, gleicherma\u00dfen traumatisierte Empork\u00f6mmlinge entsprechend zu versorgen &#8211; da bleibt wenigstens alles in der Familie.<br \/>\nUnd die Masse von Betroffenen lassen es einfach so geschehen, wenn Kleingeister, die sich nur \u00fcber Knete definieren, ringsumher Lebensqualit\u00e4t meucheln&#8230;<a href=\"http:\/\/12decode.de\/zonenklaus\/wordpress\/wp-content\/uploads\/2010\/09\/Unbenannt-Duplizieren-01.jpg\"><\/a><br \/>\nIn diesem Zusammenhang f\u00fcge ich noch ein Bildchen bei, ist schon \u00e4lteren Datums.<br \/>\nEs stammt von den \u201eYorkbr\u00fccken\u201c in Sch\u00f6neberg.<a href=\"http:\/\/12decode.de\/zonenklaus\/wordpress\/wp-content\/uploads\/2010\/09\/Unbenannt-Duplizieren-01.jpg\"><img loading=\"lazy\" decoding=\"async\" class=\"alignleft size-thumbnail wp-image-9003\" src=\"http:\/\/12decode.de\/zonenklaus\/wordpress\/wp-content\/uploads\/2010\/09\/Unbenannt-Duplizieren-01-150x112.jpg\" alt=\"\" width=\"150\" height=\"112\" srcset=\"https:\/\/zonenklaus.de\/wordpress\/wp-content\/uploads\/2010\/09\/Unbenannt-Duplizieren-01-150x112.jpg 150w, https:\/\/zonenklaus.de\/wordpress\/wp-content\/uploads\/2010\/09\/Unbenannt-Duplizieren-01-300x225.jpg 300w, https:\/\/zonenklaus.de\/wordpress\/wp-content\/uploads\/2010\/09\/Unbenannt-Duplizieren-01-1024x768.jpg 1024w\" sizes=\"auto, (max-width: 150px) 100vw, 150px\" \/><\/a><\/p>\n","protected":false},"excerpt":{"rendered":"<p>Streit am Strand &#8211; Selbige Sendung kann man sicher irgendwann im Netz anschauen. Es tut sich etwas auf ehemaligen Zonenterritorium, das momentan im Westen nicht so einfach \u00fcber die B\u00fchne ginge. Wird alles noch kommen, wenn die Sozis das Ruder wieder in ihren H\u00e4nden halten, es spielt dann auch keine Rolle, wer den Mehrheitsbeschaffer mimen [&hellip;]<\/p>\n","protected":false},"author":6,"featured_media":0,"comment_status":"open","ping_status":"closed","sticky":false,"template":"","format":"standard","meta":{"footnotes":""},"categories":[1],"tags":[],"class_list":["post-9000","post","type-post","status-publish","format-standard","hentry","category-allgemeines"],"_links":{"self":[{"href":"https:\/\/zonenklaus.de\/wordpress\/index.php?rest_route=\/wp\/v2\/posts\/9000","targetHints":{"allow":["GET"]}}],"collection":[{"href":"https:\/\/zonenklaus.de\/wordpress\/index.php?rest_route=\/wp\/v2\/posts"}],"about":[{"href":"https:\/\/zonenklaus.de\/wordpress\/index.php?rest_route=\/wp\/v2\/types\/post"}],"author":[{"embeddable":true,"href":"https:\/\/zonenklaus.de\/wordpress\/index.php?rest_route=\/wp\/v2\/users\/6"}],"replies":[{"embeddable":true,"href":"https:\/\/zonenklaus.de\/wordpress\/index.php?rest_route=%2Fwp%2Fv2%2Fcomments&post=9000"}],"version-history":[{"count":14,"href":"https:\/\/zonenklaus.de\/wordpress\/index.php?rest_route=\/wp\/v2\/posts\/9000\/revisions"}],"predecessor-version":[{"id":9016,"href":"https:\/\/zonenklaus.de\/wordpress\/index.php?rest_route=\/wp\/v2\/posts\/9000\/revisions\/9016"}],"wp:attachment":[{"href":"https:\/\/zonenklaus.de\/wordpress\/index.php?rest_route=%2Fwp%2Fv2%2Fmedia&parent=9000"}],"wp:term":[{"taxonomy":"category","embeddable":true,"href":"https:\/\/zonenklaus.de\/wordpress\/index.php?rest_route=%2Fwp%2Fv2%2Fcategories&post=9000"},{"taxonomy":"post_tag","embeddable":true,"href":"https:\/\/zonenklaus.de\/wordpress\/index.php?rest_route=%2Fwp%2Fv2%2Ftags&post=9000"}],"curies":[{"name":"wp","href":"https:\/\/api.w.org\/{rel}","templated":true}]}}