{"id":9069,"date":"2010-09-10T02:19:21","date_gmt":"2010-09-10T01:19:21","guid":{"rendered":"http:\/\/12decode.de\/zonenklaus\/wordpress\/?p=9069"},"modified":"2010-09-10T15:47:40","modified_gmt":"2010-09-10T14:47:40","slug":"lautstarke-als-protestform-eine-ausstellung-erzahlt-die-geschichte-der-beatmusik-in-berlin","status":"publish","type":"post","link":"https:\/\/zonenklaus.de\/wordpress\/?p=9069","title":{"rendered":"Lautst\u00e4rke als Protestform: Eine Ausstellung erz\u00e4hlt die Geschichte der Beatmusik in Berlin."},"content":{"rendered":"<p><!-- \t\t@page { margin: 2cm } \t\tP { margin-bottom: 0.21cm } -->Das <strong>+<\/strong>bergmuseum fristet so ganz bisschen ein abseitiges Dasein, sonst aber Klasse.<br \/>\nTippppppppppp: <a href=\"http:\/\/www.tagesspiegel.de\/kultur\/das-ewige-yeah-yeah-yeah\/1918768.html\">Das ewige Yeah, Yeah, Yeah<\/a><\/p>\n<p><a href=\"http:\/\/12decode.de\/zonenklaus\/wordpress\/wp-content\/uploads\/2010\/09\/+berg1-\u00e4.jpg\"><img loading=\"lazy\" decoding=\"async\" class=\"alignleft size-medium wp-image-9070\" src=\"http:\/\/12decode.de\/zonenklaus\/wordpress\/wp-content\/uploads\/2010\/09\/+berg1-\u00e4-142x300.jpg\" alt=\"\" width=\"142\" height=\"300\" srcset=\"https:\/\/zonenklaus.de\/wordpress\/wp-content\/uploads\/2010\/09\/+berg1-\u00e4-142x300.jpg 142w, https:\/\/zonenklaus.de\/wordpress\/wp-content\/uploads\/2010\/09\/+berg1-\u00e4-71x150.jpg 71w, https:\/\/zonenklaus.de\/wordpress\/wp-content\/uploads\/2010\/09\/+berg1-\u00e4-485x1024.jpg 485w, https:\/\/zonenklaus.de\/wordpress\/wp-content\/uploads\/2010\/09\/+berg1-\u00e4.jpg 584w\" sizes=\"auto, (max-width: 142px) 100vw, 142px\" \/><\/a><a href=\"http:\/\/12decode.de\/zonenklaus\/wordpress\/wp-content\/uploads\/2010\/09\/+berg2-\u00e4.jpg\"><img loading=\"lazy\" decoding=\"async\" class=\"alignleft size-medium wp-image-9071\" src=\"http:\/\/12decode.de\/zonenklaus\/wordpress\/wp-content\/uploads\/2010\/09\/+berg2-\u00e4-212x300.jpg\" alt=\"\" width=\"212\" height=\"300\" srcset=\"https:\/\/zonenklaus.de\/wordpress\/wp-content\/uploads\/2010\/09\/+berg2-\u00e4-212x300.jpg 212w, https:\/\/zonenklaus.de\/wordpress\/wp-content\/uploads\/2010\/09\/+berg2-\u00e4-106x150.jpg 106w, https:\/\/zonenklaus.de\/wordpress\/wp-content\/uploads\/2010\/09\/+berg2-\u00e4.jpg 568w\" sizes=\"auto, (max-width: 212px) 100vw, 212px\" \/><\/a><a href=\"http:\/\/12decode.de\/zonenklaus\/wordpress\/wp-content\/uploads\/2010\/09\/+berg3-\u00e4.jpg\"><img loading=\"lazy\" decoding=\"async\" class=\"alignleft size-medium wp-image-9072\" title=\"HEUTE ABEND...heute abend...heute\" src=\"http:\/\/12decode.de\/zonenklaus\/wordpress\/wp-content\/uploads\/2010\/09\/+berg3-\u00e4-152x300.jpg\" alt=\"\" width=\"152\" height=\"300\" srcset=\"https:\/\/zonenklaus.de\/wordpress\/wp-content\/uploads\/2010\/09\/+berg3-\u00e4-152x300.jpg 152w, https:\/\/zonenklaus.de\/wordpress\/wp-content\/uploads\/2010\/09\/+berg3-\u00e4-76x150.jpg 76w, https:\/\/zonenklaus.de\/wordpress\/wp-content\/uploads\/2010\/09\/+berg3-\u00e4-519x1024.jpg 519w, https:\/\/zonenklaus.de\/wordpress\/wp-content\/uploads\/2010\/09\/+berg3-\u00e4.jpg 615w\" sizes=\"auto, (max-width: 152px) 100vw, 152px\" \/><\/a><\/p>\n<p>ansonsten: <a href=\"http:\/\/www.kreuzbergmuseum.de\/index.php?id=39\">www.kreuzbergmuseum.de<\/a><\/p>\n<p>In dieser sehr informativen Ausstellung vermisste ich allerdings <a href=\"http:\/\/www.cpgwerbung.com\/jacky-and-his-strangers.htm\">Jacky<\/a>.<\/p>\n<p><a href=\"http:\/\/12decode.de\/zonenklaus\/wordpress\/wp-content\/uploads\/2010\/09\/garten-006-\u00e4.jpg\"><img loading=\"lazy\" decoding=\"async\" class=\"alignleft size-thumbnail wp-image-9084\" src=\"http:\/\/12decode.de\/zonenklaus\/wordpress\/wp-content\/uploads\/2010\/09\/garten-006-\u00e4-150x112.jpg\" alt=\"\" width=\"150\" height=\"112\" srcset=\"https:\/\/zonenklaus.de\/wordpress\/wp-content\/uploads\/2010\/09\/garten-006-\u00e4-150x112.jpg 150w, https:\/\/zonenklaus.de\/wordpress\/wp-content\/uploads\/2010\/09\/garten-006-\u00e4-300x225.jpg 300w, https:\/\/zonenklaus.de\/wordpress\/wp-content\/uploads\/2010\/09\/garten-006-\u00e4-1024x768.jpg 1024w, https:\/\/zonenklaus.de\/wordpress\/wp-content\/uploads\/2010\/09\/garten-006-\u00e4.jpg 1408w\" sizes=\"auto, (max-width: 150px) 100vw, 150px\" \/><\/a><a href=\"http:\/\/12decode.de\/zonenklaus\/wordpress\/wp-content\/uploads\/2010\/09\/garten-008-.jpg\"><img loading=\"lazy\" decoding=\"async\" class=\"alignleft size-thumbnail wp-image-9085\" src=\"http:\/\/12decode.de\/zonenklaus\/wordpress\/wp-content\/uploads\/2010\/09\/garten-008--150x112.jpg\" alt=\"\" width=\"150\" height=\"112\" srcset=\"https:\/\/zonenklaus.de\/wordpress\/wp-content\/uploads\/2010\/09\/garten-008--150x112.jpg 150w, https:\/\/zonenklaus.de\/wordpress\/wp-content\/uploads\/2010\/09\/garten-008--300x225.jpg 300w, https:\/\/zonenklaus.de\/wordpress\/wp-content\/uploads\/2010\/09\/garten-008--1024x768.jpg 1024w, https:\/\/zonenklaus.de\/wordpress\/wp-content\/uploads\/2010\/09\/garten-008-.jpg 1408w\" sizes=\"auto, (max-width: 150px) 100vw, 150px\" \/><\/a><a href=\"http:\/\/12decode.de\/zonenklaus\/wordpress\/wp-content\/uploads\/2010\/09\/garten-010-.jpg\"><img loading=\"lazy\" decoding=\"async\" class=\"alignleft size-thumbnail wp-image-9086\" src=\"http:\/\/12decode.de\/zonenklaus\/wordpress\/wp-content\/uploads\/2010\/09\/garten-010--112x150.jpg\" alt=\"\" width=\"112\" height=\"150\" srcset=\"https:\/\/zonenklaus.de\/wordpress\/wp-content\/uploads\/2010\/09\/garten-010--112x150.jpg 112w, https:\/\/zonenklaus.de\/wordpress\/wp-content\/uploads\/2010\/09\/garten-010--225x300.jpg 225w, https:\/\/zonenklaus.de\/wordpress\/wp-content\/uploads\/2010\/09\/garten-010--768x1024.jpg 768w, https:\/\/zonenklaus.de\/wordpress\/wp-content\/uploads\/2010\/09\/garten-010-.jpg 1056w\" sizes=\"auto, (max-width: 112px) 100vw, 112px\" \/><\/a><a href=\"http:\/\/12decode.de\/zonenklaus\/wordpress\/wp-content\/uploads\/2010\/09\/garten-012-.jpg\"><img loading=\"lazy\" decoding=\"async\" class=\"alignleft size-thumbnail wp-image-9087\" src=\"http:\/\/12decode.de\/zonenklaus\/wordpress\/wp-content\/uploads\/2010\/09\/garten-012--150x112.jpg\" alt=\"\" width=\"150\" height=\"112\" srcset=\"https:\/\/zonenklaus.de\/wordpress\/wp-content\/uploads\/2010\/09\/garten-012--150x112.jpg 150w, https:\/\/zonenklaus.de\/wordpress\/wp-content\/uploads\/2010\/09\/garten-012--300x225.jpg 300w, https:\/\/zonenklaus.de\/wordpress\/wp-content\/uploads\/2010\/09\/garten-012--1024x768.jpg 1024w, https:\/\/zonenklaus.de\/wordpress\/wp-content\/uploads\/2010\/09\/garten-012-.jpg 1408w\" sizes=\"auto, (max-width: 150px) 100vw, 150px\" \/><\/a><br \/>\nZum dargebotenen Bandequipment muss ich noch etwas loswerden. Meine alter \u201eEcholette\u201c m\u00fcsste man zur Reparatur geben, wenn ich mich richtig erinnere, kam zum Brummen der Anlage <em>(entsteht wenn z. B. die Elkos austrocknen)<\/em>, dass eine Endr\u00f6hre den Abflug machte.<\/p>\n<p><a href=\"http:\/\/12decode.de\/zonenklaus\/wordpress\/wp-content\/uploads\/2010\/09\/echolette-002-\u00e4.jpg\"><img loading=\"lazy\" decoding=\"async\" class=\"alignleft size-thumbnail wp-image-9088\" src=\"http:\/\/12decode.de\/zonenklaus\/wordpress\/wp-content\/uploads\/2010\/09\/echolette-002-\u00e4-150x112.jpg\" alt=\"\" width=\"150\" height=\"112\" srcset=\"https:\/\/zonenklaus.de\/wordpress\/wp-content\/uploads\/2010\/09\/echolette-002-\u00e4-150x112.jpg 150w, https:\/\/zonenklaus.de\/wordpress\/wp-content\/uploads\/2010\/09\/echolette-002-\u00e4-300x225.jpg 300w, https:\/\/zonenklaus.de\/wordpress\/wp-content\/uploads\/2010\/09\/echolette-002-\u00e4-1024x768.jpg 1024w, https:\/\/zonenklaus.de\/wordpress\/wp-content\/uploads\/2010\/09\/echolette-002-\u00e4.jpg 1408w\" sizes=\"auto, (max-width: 150px) 100vw, 150px\" \/><\/a><a href=\"http:\/\/blackbirds.tv\/\">BlackBirds<\/a><\/p>\n<p>Ger\u00e4usche einer uralten <a href=\"http:\/\/12decode.de\/zonenklaus\/wordpress\/wp-content\/uploads\/2010\/09\/Flipper.mp3\">Flippermaschine<\/a> an der sich vor Lord Knut bereits Fred Feuerstein schaffte.<br \/>\nBeim folgenden, sehr spacesigen Sound nahmen wir an, dass er von einer Autoalarmanlage herr\u00fchrte. Nix, dieser <a href=\"http:\/\/12decode.de\/zonenklaus\/wordpress\/wp-content\/uploads\/2010\/09\/alarm-hilke.mp3\">Singsang<\/a> kam vom Zeitungsladen nebst gl\u00fchender Rundumleuchte, sch\u00e4tze mal, f\u00fcnf Minuten dauerte alles, au\u00dfer mir schien sich niemand f\u00fcr diese action zu interessieren, bis 19 Uhr 55 dauerte die Nerverei, 20:06 erschienen dann die kleinen gr\u00fcnen M\u00e4nnchen und fuhren langsam an dem Gesch\u00e4ft vorbei&#8230;<\/p>\n","protected":false},"excerpt":{"rendered":"<p>Das +bergmuseum fristet so ganz bisschen ein abseitiges Dasein, sonst aber Klasse. Tippppppppppp: Das ewige Yeah, Yeah, Yeah ansonsten: www.kreuzbergmuseum.de In dieser sehr informativen Ausstellung vermisste ich allerdings Jacky. Zum dargebotenen Bandequipment muss ich noch etwas loswerden. Meine alter \u201eEcholette\u201c m\u00fcsste man zur Reparatur geben, wenn ich mich richtig erinnere, kam zum Brummen der Anlage [&hellip;]<\/p>\n","protected":false},"author":6,"featured_media":0,"comment_status":"open","ping_status":"closed","sticky":false,"template":"","format":"standard","meta":{"footnotes":""},"categories":[1],"tags":[],"class_list":["post-9069","post","type-post","status-publish","format-standard","hentry","category-allgemeines"],"_links":{"self":[{"href":"https:\/\/zonenklaus.de\/wordpress\/index.php?rest_route=\/wp\/v2\/posts\/9069","targetHints":{"allow":["GET"]}}],"collection":[{"href":"https:\/\/zonenklaus.de\/wordpress\/index.php?rest_route=\/wp\/v2\/posts"}],"about":[{"href":"https:\/\/zonenklaus.de\/wordpress\/index.php?rest_route=\/wp\/v2\/types\/post"}],"author":[{"embeddable":true,"href":"https:\/\/zonenklaus.de\/wordpress\/index.php?rest_route=\/wp\/v2\/users\/6"}],"replies":[{"embeddable":true,"href":"https:\/\/zonenklaus.de\/wordpress\/index.php?rest_route=%2Fwp%2Fv2%2Fcomments&post=9069"}],"version-history":[{"count":15,"href":"https:\/\/zonenklaus.de\/wordpress\/index.php?rest_route=\/wp\/v2\/posts\/9069\/revisions"}],"predecessor-version":[{"id":9083,"href":"https:\/\/zonenklaus.de\/wordpress\/index.php?rest_route=\/wp\/v2\/posts\/9069\/revisions\/9083"}],"wp:attachment":[{"href":"https:\/\/zonenklaus.de\/wordpress\/index.php?rest_route=%2Fwp%2Fv2%2Fmedia&parent=9069"}],"wp:term":[{"taxonomy":"category","embeddable":true,"href":"https:\/\/zonenklaus.de\/wordpress\/index.php?rest_route=%2Fwp%2Fv2%2Fcategories&post=9069"},{"taxonomy":"post_tag","embeddable":true,"href":"https:\/\/zonenklaus.de\/wordpress\/index.php?rest_route=%2Fwp%2Fv2%2Ftags&post=9069"}],"curies":[{"name":"wp","href":"https:\/\/api.w.org\/{rel}","templated":true}]}}