{"id":9100,"date":"2010-09-12T22:14:34","date_gmt":"2010-09-12T21:14:34","guid":{"rendered":"http:\/\/12decode.de\/zonenklaus\/wordpress\/?p=9100"},"modified":"2021-09-19T23:59:47","modified_gmt":"2021-09-19T22:59:47","slug":"thilos-fahnenflucht","status":"publish","type":"post","link":"https:\/\/zonenklaus.de\/wordpress\/?p=9100","title":{"rendered":"Thilos Fahnenflucht"},"content":{"rendered":"<p>Werde mal allgemein beginnen, wg. Bupr\u00e4si.<br \/>\nBla, bla, bla&#8230; und deshalb ist der Bupr\u00e4si das Staatsoberhaupt der Bundesrepublik Deutschland, dessen Macht im politischen \u00dcberbau unseres Staates gegen Null tendiert, daf\u00fcr sorgt das Grundgesetz. In diesem sehr eingeengten Wirkungsbereich muss so jemand nur \u201eRepr\u00e4sentieren\u201c, nicht Regieren, das hei\u00dft, auch f\u00fcr nichts Verantwortung \u00fcbernehmen. Wenn ich es richtig verstehe, stiehlt er lediglich dem lieben Gott die Zeit, muss nett sein <em>(Oohhhhh wowww! Ich hasse \u201enette Leute\u201c, diese politisch korrekten Placebo Hypnotika)<\/em>, ewig l\u00e4cheln <em>(Das scheint er ja sogar im Schlafe zu beherrschen) <\/em>und die hohen Kunst der belanglosen Cocktail-Smalltalks verstehen.<br \/>\nAls \u201eAmtssitze\u201c des Bundespr\u00e4sidenten gelten das Schloss Bellevue in Berlin und die Villa Hammerschmidt in Bonn.<br \/>\nNun sind beide H\u00fctten nicht gerade Datschen, wie man sie z. B. im Brandenburger Raum findet.<br \/>\nWer blecht \u00fcberhaupt die \u201eZweitwohnungssteuer\u201c f\u00fcr das Anwesen in Bonn?<br \/>\nSind wir ein reiches Land, dass wir uns so eine hohle Galionsfigur leisten k\u00f6nnen. Diese unbedeutenden Auftritte k\u00f6nnten doch ebenso ein Hilfskoch oder eine Toilettenfrau nebenbei erledigen, ganz abgesehen von den vielen Ein-Euro-Jobbern.<br \/>\n\u201eIn der Aus\u00fcbung seiner Aufgaben unterst\u00fctzt ihn das Bundespr\u00e4sidialamt.\u201c<br \/>\nAha, dabei scheint es sich um das Lohngesindel zu handeln, was lesen und schreiben kann, oder anders ausgedr\u00fcckt, die die anstehenden \u201eArbeiten\u201c erledigen m\u00fcssen&#8230;<br \/>\nDa haben wir\u00b4s doch! Warum \u00fcbernimmt eigentlich das Scheffchen des Bundespr\u00e4sidialamtes nicht auch den Job des Bupr\u00e4si\u00b4s&#8230;?<br \/>\n<strong>&#8211; A<\/strong>m 3. Sept. ging folgende Bemerkung durch die Medien: \u201eBundespr\u00e4sident Christian Wulff hat die Bundesregierung um eine Stellungnahme zum Antrag der Bundesbank auf Entlassung ihres Vorstandsmitglieds Thilo Sarrazin gebeten. Dies teilte das Bundespr\u00e4sidialamt am Freitag mit.\u201c<br \/>\nAuf diesen Return wird \u00c4nschie bestimmt abgereihert haben, dar\u00fcber l\u00e4sst sich das Bundespr\u00e4sidialamt aber nicht aus, auch dem Herrn Seibert ist es keinen Kommentar wert&#8230;<br \/>\nKurz darauf wurde Thilo von der seit l\u00e4ngerem grassierenden Seuche der Fahnenflucht infiziert. Ihm hatte ich etwas mehr Immunit\u00e4t und eine andere Gewichtsklasse zugetraut, als einem Koch, Beust oder K\u00f6hler&#8230;, die von Staats wegen auch noch mit militaristischem Ged\u00f6ns verabschiedet wurden.<br \/>\nIn dieser Republik haben sich die Zeiten m\u00e4chtig ge\u00e4ndert, wenn ich an den Umgang mit Fahnenfl\u00fcchtigen der Deutschen Wehrmacht denke, wie man mit den wenigen noch lebenden \u201eVaterlandsverr\u00e4tern\u201c umspringt und auf der andren Seite werden heute Politiker, die sich trotz einer verpflichtenden Aufgabe schlichtweg verpissen, auch noch honoriert.<br \/>\nWo ich das Folgende her habe, ist nicht mehr nachvollziehbar. Mir ist aber h\u00e4ngen geblieben, wie unter Dshingis Khan gekaschte Fahnenfl\u00fcchtlinge \u201ebelohnt\u201c wurden. Man verkn\u00fcpfte ihren Zopf mit dem Schweif eines Pferdes und verabreichte anschlie\u00dfend dem Tier einen schmerzhaften Hieb auf seinen Arsch&#8230;<!--more--><br \/>\nGut, ich sehe es positiv! Immer noch besser Nieten in Brioni-Klamotten mit dem gro\u00dfen Zapfenstreich in ihr monet\u00e4res Schlaraffenland zu entlassen, als der Empfang mit \u00e4hnlichem Aufwand, wenn sie wieder Jungs in Kisten liefern, die meinten am Hindukusch UNSERE Freiheit verteidigen zu m\u00fcssen und dabei auf dem Feld der Ehre ins Stolpern gerieten&#8230;<br \/>\nWirklich Schade, nicht nur ich h\u00e4tte gern den Bupr\u00e4si und all die anderen liebend gern erlebt, ihre Spr\u00fcche, Winkelz\u00fcge, Wendungen, ihre windigen Rechtfertigungen auf das komplettes Versagen in den letzten 40 Jahren, verbunden mit Schuldzuweisungen in jede nur erdenklichen Richtungen.<br \/>\nNun dies, mit triumphierender Larve blickte der dicke SPD-Vort\u00e4nzer in die Kameras und gab sich der Hoffnung hin, dass Sarrazin nun auch sein Mitgliedsbuch freiwillig hinschmei\u00dft.<br \/>\nTue ihm nicht diesen Gefallen!<br \/>\nEs ist doch immer zu lustig, wenn z\u00e4hnefletschende Hinterb\u00e4nkler sich echauffieren, gebt wenigstens denen eine Chance.<br \/>\n<strong>&#8211; V<\/strong>or zwei Wochen fiel mir im Angesicht des \u201eGickelhanh\u00b4s\u201c, eins meiner Lieblingsgedichte vom alten Geheimrat ein: \u201e<a href=\"http:\/\/www.youtube.com\/watch?v=dqndXIfBoYU\">Prometheus<\/a>\u201c. <em>(Ich bekam in diesem Augenblick nur noch die erste Strophe zusammen)<\/em><br \/>\nJemand trug mir zu, dass Thilo in irgendeiner Sendung auch leichte Probleme bekam, mit seinem im Buch erw\u00e4hnten Gedicht, dass in hundert Jahren keiner mehr kennen w\u00fcrde.<br \/>\nDarauf hin startete ich eine nicht repr\u00e4sentative Umfrage, betreffs der Zeilen. Knapp 20 Leute <em>(um die halben hundert herum)<\/em> wurden auf \u201eWandrers Nachtlied\u201c angesprochen. <em>(Nebenbei, Wolle J. G. hat nicht nur gekifft, gezecht und gern Ausfl\u00fcge in Frauenk\u00f6rper get\u00e4tigt, er fr\u00f6nte ebenfalls einer Tugend, die heutzutage unter der Bezeichnung \u201eGraffiti\u201c firmiert. Sein \u201eWN\u201c verewigte er damals schon an der Wand des \u201eGoetheh\u00e4uschens\u201c bei Ilmenau)<\/em><br \/>\nKeinem sagte der Titel etwas, nach meinen ersten drei Worten, \u201eUeber allen Gipfeln&#8230;\u201c kam von vielen: \u201e&#8230;ist Ruh.\u201c<br \/>\nVon den meisten folgten unm\u00f6glichste Rechtfertigungen, warum man alles vergessen hatte.<br \/>\n\u201eIn allen Wipfeln\u201c, \u2026.. sp\u00fcrest du\u201c<br \/>\nHier endet ich meine Diskurs, was historisches Volksgut aus deutschen Landen betrifft.<br \/>\n<strong>&#8211; W<\/strong>ar in meinen ganz jungen Jahren zu Hause Halligalli angesagt, hockte ich unwahrscheinlich gern in der Herrenrunde, konnte in dieser Situation stundenlang spannen und lauschen. Mir wurde es dabei nie langweilig, obwohl ich nur etwas erwidern durfte, wenn mich jemand ansprach. Die Alten fetzten sich manchmal wie zu ihren Halbstarkenzeiten, rezitierten irgendwelche, ellenlangen, unverst\u00e4ndlichen Geschichten, konnten sich zwischendurch wie die Kesselflicker \u00fcber die lateinische Grammatik streiten. Rissen zwischendurch Witze und erz\u00e4hlten Schoten aus ihrer Zeit auf der Penne, aber immer auf Streitkultur bedacht.<br \/>\nZum entsprechenden Stichwort ging es an Balladen heran, \u201e<a href=\"http:\/\/www.youtube.com\/watch?v=J-9sXxOGDxA\">B\u00fcrgschaft<\/a>\u201c, \u201e<a href=\"http:\/\/www.youtube.com\/watch?v=1TANPRNfJbk\">Taucher<\/a>\u201c, <a href=\"http:\/\/www.youtube.com\/watch?v=krDRo0Y7WAM\">Glocke<\/a>&#8220;, \u201e<a href=\"http:\/\/www.youtube.com\/watch?v=XxBDnGh_S5s\">Kraniche<\/a>&#8230;\u201c usw.<br \/>\nHockten dann die Damen im oberen Teil des Garten, in der kleinen Laube, glitten die Vortr\u00e4ge etwas ab, allerdings nie auf\u00b4s unterste Niveau.<br \/>\nAuch landete die Runde \u00fcblicherweise immer wieder beim Sinn und Unsinn des sehr strengen Sprachunterrichts und des Auswendiglernens.<br \/>\nFazit zog meisten Opa, was so \u00e4hnlich klang: \u201eKlar ist diese Form des Lernens sehr wichtig, um das Gehirn zu schmieren,\u00a0 es kommt aber auch nicht nur darauf an, wie ein Lehrer alles vermittelt. Eine gewisse Lernbereitschaft sollte dem Sch\u00fcler schon zu eigen sein.<br \/>\nAu\u00dferdem, was soll es? Wenn du dich irgendwann etabliert hast und immer noch mit Rechtschreibung und Grammatik haderst, dann musst du dir halt eine Sekret\u00e4rin zulegen, die dieses Manko perfekt ausgleicht.<br \/>\nMittlerweile sind wir in dieser Runde auch in einem Alter angekommen, wo sich altersbedingte Defizite leider einstellen. So lange wie man es noch auf die Reihe bekommt und wei\u00df in welchem Buch bestimmte Sachen zu finden sind, sollte man sich keinen Kopf machen. Es dauert halt nur etwas l\u00e4nger, um bestimmte Schlussfolgerungen zuziehen.\u201c<br \/>\n<strong>&#8211; N<\/strong>ach Sarrazin\u00b4s R\u00fcckzieher finde ich leider, dass meine anderen Lieblingsverse doch besser zur entstandenen Situation passen: Der <a href=\"http:\/\/www.youtube.com\/watch?v=E2SOGCbXD5M\">Zauberlehrling<\/a>!<br \/>\nWas soll es, Thilo schmiert nicht ins bodenlose ab.<br \/>\nSein Rotes Buch werde ich mir demn\u00e4chst auch einziehen.<br \/>\nBekanntlich kommt nur Bewegung in die tr\u00e4ge Masse, wenn das Kind in den Brunnen gefallen ist, blo\u00df diesmal &#8211; ist es seit langer Zeit ersoffen&#8230;<br \/>\nEin Sternlein blakt bereits am Horizont, der aller Dummschw\u00e4tzerInnen, BesserwisserInnen, der politisch korrekten GutmenschenInnen, der ganz gro\u00dfen \u00dcberdemokratenInnen, der ExpertenInnen und derjenigen, die in den n\u00e4chsten Wochen und Monaten, w\u00e4hrend nicht enden wollender Masturbationsperformances an runden und eckigen Tischen hocken werden, um sich dabei wechselseitig die Horchwaffeln abzuknabbern.<br \/>\nHerauskommen wird dabei nichts, es reicht lediglich zu angedeuteten Symptombek\u00e4mpfungen, da jeder nur den anderen f\u00fcr seine Zwecken instrumentalisiert, um dem Ganzen letztendlich seinen Stempel aufzudr\u00fccken. Solcher Art gebastelten Kompromisse, werden schlie\u00dflich von allen Beteiligten dem treuen Wahlvolk als pers\u00f6nliche Siege untergejubelt.<br \/>\nWer soll das nun richten, etwa der neue Haufen aus der rechten Ecke? Rechnerischen M\u00f6glichkeiten bestehen mit gr\u00fcn\/dunkelrot.<br \/>\nTante SPD hat ja fast in die Bronzezeit verschissen, dank jener Koalition der beiden Kurzen.<br \/>\nWer soll denn die damals verspielten Sympathien in der n\u00e4chsten Zeit wiederbeschaffen, etwa Frankie Boy Steinmeier? So viele Nieren hat der doch gar nicht&#8230;<br \/>\nHinzu kommt, dass bei den Problemen, mit denen demn\u00e4chst die Natur aufwartet, sich das momentane Migrationsproblem auf die kaum erkennbare Gr\u00f6\u00dfe eines Fliegenschisses reduzieren wird.<\/p>\n","protected":false},"excerpt":{"rendered":"<p>Werde mal allgemein beginnen, wg. Bupr\u00e4si. Bla, bla, bla&#8230; und deshalb ist der Bupr\u00e4si das Staatsoberhaupt der Bundesrepublik Deutschland, dessen Macht im politischen \u00dcberbau unseres Staates gegen Null tendiert, daf\u00fcr sorgt das Grundgesetz. In diesem sehr eingeengten Wirkungsbereich muss so jemand nur \u201eRepr\u00e4sentieren\u201c, nicht Regieren, das hei\u00dft, auch f\u00fcr nichts Verantwortung \u00fcbernehmen. Wenn ich es [&hellip;]<\/p>\n","protected":false},"author":6,"featured_media":0,"comment_status":"open","ping_status":"closed","sticky":false,"template":"","format":"standard","meta":{"footnotes":""},"categories":[1],"tags":[],"class_list":["post-9100","post","type-post","status-publish","format-standard","hentry","category-allgemeines"],"_links":{"self":[{"href":"https:\/\/zonenklaus.de\/wordpress\/index.php?rest_route=\/wp\/v2\/posts\/9100","targetHints":{"allow":["GET"]}}],"collection":[{"href":"https:\/\/zonenklaus.de\/wordpress\/index.php?rest_route=\/wp\/v2\/posts"}],"about":[{"href":"https:\/\/zonenklaus.de\/wordpress\/index.php?rest_route=\/wp\/v2\/types\/post"}],"author":[{"embeddable":true,"href":"https:\/\/zonenklaus.de\/wordpress\/index.php?rest_route=\/wp\/v2\/users\/6"}],"replies":[{"embeddable":true,"href":"https:\/\/zonenklaus.de\/wordpress\/index.php?rest_route=%2Fwp%2Fv2%2Fcomments&post=9100"}],"version-history":[{"count":11,"href":"https:\/\/zonenklaus.de\/wordpress\/index.php?rest_route=\/wp\/v2\/posts\/9100\/revisions"}],"predecessor-version":[{"id":37064,"href":"https:\/\/zonenklaus.de\/wordpress\/index.php?rest_route=\/wp\/v2\/posts\/9100\/revisions\/37064"}],"wp:attachment":[{"href":"https:\/\/zonenklaus.de\/wordpress\/index.php?rest_route=%2Fwp%2Fv2%2Fmedia&parent=9100"}],"wp:term":[{"taxonomy":"category","embeddable":true,"href":"https:\/\/zonenklaus.de\/wordpress\/index.php?rest_route=%2Fwp%2Fv2%2Fcategories&post=9100"},{"taxonomy":"post_tag","embeddable":true,"href":"https:\/\/zonenklaus.de\/wordpress\/index.php?rest_route=%2Fwp%2Fv2%2Ftags&post=9100"}],"curies":[{"name":"wp","href":"https:\/\/api.w.org\/{rel}","templated":true}]}}