{"id":9113,"date":"2010-09-13T22:19:10","date_gmt":"2010-09-13T21:19:10","guid":{"rendered":"http:\/\/12decode.de\/zonenklaus\/wordpress\/?p=9113"},"modified":"2010-09-14T08:43:56","modified_gmt":"2010-09-14T07:43:56","slug":"berlin-dresden","status":"publish","type":"post","link":"https:\/\/zonenklaus.de\/wordpress\/?p=9113","title":{"rendered":"Berlin &#8211; Dresden"},"content":{"rendered":"<p>LOKALES<br \/>\nZ\u00fcge nach Dresden bald schneller<br \/>\n05. September 2010 05.10 Uhr, BZ<br \/>\nBahnreisende sollen ab Dezember f\u00fcr die Strecke von Berlin nach Dresden weniger Zeit ben\u00f6tigen. Die Zugfahrt verk\u00fcrze sich um zw\u00f6lf Minuten, sagte Bahnsprecherin \u00c4nne Kliem. In der Gegenrichtung sind die Intercitys und Eurocitys sechs Minuten schneller in Berlin. Derzeit liegt die Reisezeit bei gut 2 Stunden 15 Minuten f\u00fcr die rund 180 Kilometer. Bis 2014 will die Bahn nach Angaben der Sprecherin auf 80 Kilometer L\u00e4nge eine Spitzengeschwindigkeit von 200 km\/h erreichen. (ddp)<!--more--><br \/>\nHeute fand ich im Netz diese Notiz, dabei fiel mir etwas zur Bundesbahn aus den 90ern ein.<br \/>\nIn jener Zeit fuhr ein alter Freund aus der Dokorunde regelm\u00e4\u00dfig zum Hormonaustausch ins schwarze M\u00fcnsterland und nebenbei versorgte uns permanent mit \u201eNeuerungen\u201c der Bundesbahn auf seiner Touren.<br \/>\nIrgendwann wurde es nervig. Als er wiedermal eine enorme Fahrzeitverk\u00fcrzung (15 Minuten) ins Gespr\u00e4ch brachte, holte ich meinen Reprint des Kursbuches von 1939 hervor.<br \/>\nWas mussten wir feststellen? 1996 war die Bundesbahn wirklich 10 Minuten schneller als 1939 \u2013 lie\u00df daf\u00fcr aber vier Bahnh\u00f6fe aus&#8230;<br \/>\nDamit war dieses Thema f\u00fcr immer vom Tisch.<br \/>\nHeute bem\u00fchte ich die Auskunft der DB und wieder jenes Kursbuch von 1939.<br \/>\nDer ICE ben\u00f6tigt nach Dresden, via Leipzig, 3 Stunden und 17 Minuten, l\u00e4sst von ehemals acht Stationen noch zwei aus. Macht aber auch einen Umweg von \u00fcber 100 km.<br \/>\nDer direkte Zug, ein RE, braucht 3 Stunden und 20 Minuten, zus\u00e4tzlich muss in Elsterwerda noch umgestiegen werden.<br \/>\nIm IC dauerte die Fahrt nur 2 h und 14 min, eigentlich mit nur einem richtigen Zwischenstopp in Elsterwerda, denn Berlin\/S\u00fcdkreuz ordne ich mehr unter einer Bedarfshaltestelle ein.<br \/>\n1939 brauchte der D-Zug f\u00fcr 192,2 km &#8211; vom Anhalter Bahnhof nach Dresden Hauptbahnhof &#8211; 2 Stunden und 32 Minuten. Man kann es kaum glauben, er hielt zwischendurch noch an sechs Stationen! Diese Fahrtunterbrechungen waren damals gewollt! Es handelte sich dabei um einen Service, der f\u00fcr selbstverst\u00e4ndlich gehalten wurde.<\/p>\n<p><a href=\"http:\/\/12decode.de\/zonenklaus\/wordpress\/wp-content\/uploads\/2010\/09\/DR-39-\u00e4.jpg\"><img loading=\"lazy\" decoding=\"async\" class=\"alignleft size-thumbnail wp-image-9117\" src=\"http:\/\/12decode.de\/zonenklaus\/wordpress\/wp-content\/uploads\/2010\/09\/DR-39-\u00e4-133x150.jpg\" alt=\"\" width=\"133\" height=\"150\" srcset=\"https:\/\/zonenklaus.de\/wordpress\/wp-content\/uploads\/2010\/09\/DR-39-\u00e4-133x150.jpg 133w, https:\/\/zonenklaus.de\/wordpress\/wp-content\/uploads\/2010\/09\/DR-39-\u00e4-267x300.jpg 267w, https:\/\/zonenklaus.de\/wordpress\/wp-content\/uploads\/2010\/09\/DR-39-\u00e4-912x1024.jpg 912w, https:\/\/zonenklaus.de\/wordpress\/wp-content\/uploads\/2010\/09\/DR-39-\u00e4.jpg 1179w\" sizes=\"auto, (max-width: 133px) 100vw, 133px\" \/><\/a><a href=\"http:\/\/12decode.de\/zonenklaus\/wordpress\/wp-content\/uploads\/2010\/09\/DR-39-4-\u00e4.jpg\"><img loading=\"lazy\" decoding=\"async\" class=\"alignleft size-thumbnail wp-image-9118\" src=\"http:\/\/12decode.de\/zonenklaus\/wordpress\/wp-content\/uploads\/2010\/09\/DR-39-4-\u00e4-116x150.jpg\" alt=\"\" width=\"116\" height=\"150\" srcset=\"https:\/\/zonenklaus.de\/wordpress\/wp-content\/uploads\/2010\/09\/DR-39-4-\u00e4-116x150.jpg 116w, https:\/\/zonenklaus.de\/wordpress\/wp-content\/uploads\/2010\/09\/DR-39-4-\u00e4-232x300.jpg 232w, https:\/\/zonenklaus.de\/wordpress\/wp-content\/uploads\/2010\/09\/DR-39-4-\u00e4-793x1024.jpg 793w, https:\/\/zonenklaus.de\/wordpress\/wp-content\/uploads\/2010\/09\/DR-39-4-\u00e4.jpg 1034w\" sizes=\"auto, (max-width: 116px) 100vw, 116px\" \/><\/a><a href=\"http:\/\/12decode.de\/zonenklaus\/wordpress\/wp-content\/uploads\/2010\/09\/DR-3-\u00e4.jpg\"><img loading=\"lazy\" decoding=\"async\" class=\"alignleft size-thumbnail wp-image-9129\" title=\"Jeder kann sich ausrechnen, wie viele Seite allein im 1. Band dieses Kursbuches zusammenkommen. \" src=\"http:\/\/12decode.de\/zonenklaus\/wordpress\/wp-content\/uploads\/2010\/09\/DR-3-\u00e4-122x150.jpg\" alt=\"\" width=\"122\" height=\"150\" srcset=\"https:\/\/zonenklaus.de\/wordpress\/wp-content\/uploads\/2010\/09\/DR-3-\u00e4-122x150.jpg 122w, https:\/\/zonenklaus.de\/wordpress\/wp-content\/uploads\/2010\/09\/DR-3-\u00e4-245x300.jpg 245w, https:\/\/zonenklaus.de\/wordpress\/wp-content\/uploads\/2010\/09\/DR-3-\u00e4-836x1024.jpg 836w, https:\/\/zonenklaus.de\/wordpress\/wp-content\/uploads\/2010\/09\/DR-3-\u00e4.jpg 1088w\" sizes=\"auto, (max-width: 122px) 100vw, 122px\" \/><\/a><a href=\"http:\/\/12decode.de\/zonenklaus\/wordpress\/wp-content\/uploads\/2010\/09\/DR-39-1-\u00e4.jpg\"><img loading=\"lazy\" decoding=\"async\" class=\"alignleft size-thumbnail wp-image-9119\" title=\"Man beachte die Dichte der damaligen Schienenwege\" src=\"http:\/\/12decode.de\/zonenklaus\/wordpress\/wp-content\/uploads\/2010\/09\/DR-39-1-\u00e4-116x150.jpg\" alt=\"\" width=\"116\" height=\"150\" srcset=\"https:\/\/zonenklaus.de\/wordpress\/wp-content\/uploads\/2010\/09\/DR-39-1-\u00e4-116x150.jpg 116w, https:\/\/zonenklaus.de\/wordpress\/wp-content\/uploads\/2010\/09\/DR-39-1-\u00e4-232x300.jpg 232w, https:\/\/zonenklaus.de\/wordpress\/wp-content\/uploads\/2010\/09\/DR-39-1-\u00e4-795x1024.jpg 795w, https:\/\/zonenklaus.de\/wordpress\/wp-content\/uploads\/2010\/09\/DR-39-1-\u00e4.jpg 1036w\" sizes=\"auto, (max-width: 116px) 100vw, 116px\" \/><\/a><a href=\"http:\/\/12decode.de\/zonenklaus\/wordpress\/wp-content\/uploads\/2010\/09\/DR-39-2-\u00e4.jpg\"><img loading=\"lazy\" decoding=\"async\" class=\"alignleft size-thumbnail wp-image-9122\" src=\"http:\/\/12decode.de\/zonenklaus\/wordpress\/wp-content\/uploads\/2010\/09\/DR-39-2-\u00e4-127x150.jpg\" alt=\"\" width=\"127\" height=\"150\" srcset=\"https:\/\/zonenklaus.de\/wordpress\/wp-content\/uploads\/2010\/09\/DR-39-2-\u00e4-127x150.jpg 127w, https:\/\/zonenklaus.de\/wordpress\/wp-content\/uploads\/2010\/09\/DR-39-2-\u00e4-255x300.jpg 255w, https:\/\/zonenklaus.de\/wordpress\/wp-content\/uploads\/2010\/09\/DR-39-2-\u00e4-872x1024.jpg 872w, https:\/\/zonenklaus.de\/wordpress\/wp-content\/uploads\/2010\/09\/DR-39-2-\u00e4.jpg 1137w\" sizes=\"auto, (max-width: 127px) 100vw, 127px\" \/><\/a><\/p>\n<p>Viele Jahre werden noch ins Land gehen, bis die heutige Bahn den Standard der Zone von 1976 wieder erreichen wird.<br \/>\nJa, ja! In der D\u00e4 D\u00e4 \u00e4R war doch nicht alles schlecht. Die Zeit unter Adolf dem G\u00fctigen m\u00f6chte ich nicht weiter in Betracht ziehen, auch nicht, was die Strecke Berlin\/Dresden anging.<br \/>\nSiehe Wiki! <a href=\"http:\/\/de.wikipedia.org\/wiki\/Bahnstrecke_Berlin%E2%80%93Dresden\">Bahnstrecke  Berlin &#8211; Dresden<\/a><br \/>\n<!-- \t\t@page { margin: 2cm } \t\tP { margin-bottom: 0.21cm } -->Morgen erfolgt noch ein Anhang<\/p>\n","protected":false},"excerpt":{"rendered":"<p>LOKALES Z\u00fcge nach Dresden bald schneller 05. September 2010 05.10 Uhr, BZ Bahnreisende sollen ab Dezember f\u00fcr die Strecke von Berlin nach Dresden weniger Zeit ben\u00f6tigen. Die Zugfahrt verk\u00fcrze sich um zw\u00f6lf Minuten, sagte Bahnsprecherin \u00c4nne Kliem. In der Gegenrichtung sind die Intercitys und Eurocitys sechs Minuten schneller in Berlin. Derzeit liegt die Reisezeit bei [&hellip;]<\/p>\n","protected":false},"author":6,"featured_media":0,"comment_status":"open","ping_status":"closed","sticky":false,"template":"","format":"standard","meta":{"footnotes":""},"categories":[1],"tags":[],"class_list":["post-9113","post","type-post","status-publish","format-standard","hentry","category-allgemeines"],"_links":{"self":[{"href":"https:\/\/zonenklaus.de\/wordpress\/index.php?rest_route=\/wp\/v2\/posts\/9113","targetHints":{"allow":["GET"]}}],"collection":[{"href":"https:\/\/zonenklaus.de\/wordpress\/index.php?rest_route=\/wp\/v2\/posts"}],"about":[{"href":"https:\/\/zonenklaus.de\/wordpress\/index.php?rest_route=\/wp\/v2\/types\/post"}],"author":[{"embeddable":true,"href":"https:\/\/zonenklaus.de\/wordpress\/index.php?rest_route=\/wp\/v2\/users\/6"}],"replies":[{"embeddable":true,"href":"https:\/\/zonenklaus.de\/wordpress\/index.php?rest_route=%2Fwp%2Fv2%2Fcomments&post=9113"}],"version-history":[{"count":27,"href":"https:\/\/zonenklaus.de\/wordpress\/index.php?rest_route=\/wp\/v2\/posts\/9113\/revisions"}],"predecessor-version":[{"id":9145,"href":"https:\/\/zonenklaus.de\/wordpress\/index.php?rest_route=\/wp\/v2\/posts\/9113\/revisions\/9145"}],"wp:attachment":[{"href":"https:\/\/zonenklaus.de\/wordpress\/index.php?rest_route=%2Fwp%2Fv2%2Fmedia&parent=9113"}],"wp:term":[{"taxonomy":"category","embeddable":true,"href":"https:\/\/zonenklaus.de\/wordpress\/index.php?rest_route=%2Fwp%2Fv2%2Fcategories&post=9113"},{"taxonomy":"post_tag","embeddable":true,"href":"https:\/\/zonenklaus.de\/wordpress\/index.php?rest_route=%2Fwp%2Fv2%2Ftags&post=9113"}],"curies":[{"name":"wp","href":"https:\/\/api.w.org\/{rel}","templated":true}]}}