{"id":9146,"date":"2010-09-14T19:05:26","date_gmt":"2010-09-14T18:05:26","guid":{"rendered":"http:\/\/12decode.de\/zonenklaus\/wordpress\/?p=9146"},"modified":"2010-09-14T19:29:42","modified_gmt":"2010-09-14T18:29:42","slug":"ersaufen-im-gequatsche","status":"publish","type":"post","link":"https:\/\/zonenklaus.de\/wordpress\/?p=9146","title":{"rendered":"Ersaufen im Gequatsche"},"content":{"rendered":"<p><em><strong>\u201eDas Fernsehen wird immer schlechter&#8230;\u201c<\/strong><\/em><br \/>\n<strong>STIMMT NICHT!<br \/>\nEs ist seit Jahren Grottenschlecht!<br \/>\nUnd das ist auch gut so!<br \/>\nIch lese n\u00e4mlich lieber&#8230;<\/strong><br \/>\nMeister <a href=\"http:\/\/www.tagesspiegel.de\/meinung\/ersaufen-im-gequatsche\/1932796.html;jsessionid=B37EC7D949ABA482F3BE6FE5CE8B64C5#kommentare\">Joachim Huber<\/a> hat den Nagel auf den Kopf getroffen und ihn mit einem Schlag versenkt.<br \/>\nGestern, gegen 23 Uhr 14, hing ich bereits sehr bequem mit einem Teller Spachtelmasse vor der Glotze, als das Bild erschien &#8211; <a href=\"http:\/\/www.ardmediathek.de\/ard\/servlet\/content\/3517136?documentId=5384972\">Beckmann<\/a> <em>(ab der 28. Minute)<\/em> &#8211; dieser Heino vom \u00d6ffentlich Rechtlichen Dudelfernsehen.<br \/>\nSchei\u00dfe! Schei\u00dfe! Schei\u00dfe und die Fernbedienung lag auf dem Geh\u00e4use der Bildlaterne.<br \/>\nVielleicht sollte man wieder den Drahtfunk einf\u00fchren und solche Figuren k\u00f6nnten sich dann in speziellen Sendungen, z. B. f\u00fcr Alzheimerpatienten in &#8220;Seniorenresidenzen&#8221; produzieren. <em>(Nebenbei, ich bin kein junger H\u00fcpfer mehr, habe 62 Lenze auf dem Buckel und werde auch immer vergesslicher.)<\/em><br \/>\n&#8211; Da m\u00fcsste nat\u00fcrlich auch Alice Schwarzer einen Platz finden. Ist dies zum Kotzen, jetzt muss ich sogar auf das morgendliche Inforadio verzichten, denn diese Schnarchnase schafft sich dort als Expertin! Ihr Gestammel auf n\u00fcchternen Magen gleicht einer Folter &#8211; warum sollen mich ihre abartigen Gedankeng\u00e4nge zu Kachelmann und Co. auch nur die Bohne interessieren?<br \/>\nDa kommt ja <a href=\"http:\/\/www.youtube.com\/watch?v=sysbwAaWHRs\">Radio Pj\u00f6ngjang <\/a>, im 49 Meter-Band mit allen atmosph\u00e4rischen St\u00f6rungen\u00a0 interessanter r\u00fcber, vor allen Dingen in deren Landessprache&#8230;<!--more--><br \/>\nSchlie\u00dflich der Auftritt von <a href=\"http:\/\/de.wikipedia.org\/wiki\/Giovanni_di_Lorenzo\">di Lorenzo<\/a>, wie er seine Anekdote r\u00fcber brachte, fand ich recht peinlich.<br \/>\nErstens kaufte ich ihm diese Story nicht ab und zweitens, entsprach sie absolut nicht dem Handwerk eines ganz gro\u00dfen Medienmannes, f\u00fcr den er sich immer verkauft. Da h\u00e4tten Namen und Hausnummern genannt werden m\u00fcssen. Seine Ausf\u00fchrungen schien aber in der netten Runde angekommen zu sein, denn alle strahlten mit zufriedenen Gesichtern in die Kameras.<br \/>\nKurz darauf war auch mein Teller leer, ohne die Fernbedienung nochmals anzur\u00fchren, dr\u00fcckte ich den wichtigsten Knopf am Ger\u00e4t&#8230;<br \/>\nMan sollte endlich alle politisch-korrekten Gutmenschen aus bestimmten Positionen entfernen! Wann begreifen die Verantwortlichen endlich, dass jene Nasen auf Dauer mehr zerst\u00f6ren, als sie d\u00fcmmlich und kurzfristig kitten.<br \/>\nWas mir noch einfiel, warum erhalten alle Anwesenden dieser uns\u00e4glichen Dummschw\u00e4tzrunden nicht etwas mehr Knete? Dann br\u00e4uchte man diese verbale G\u00fclle, wegen der Tantiemen, nicht noch zus\u00e4tzlich in den Radiokan\u00e4len zu entsorgen.<br \/>\nZ. B. sind im Deutschlandradio Kultur die \u201eNachtgespr\u00e4che am Telefon\u201c <em>(ab 1 Uhr 05)<\/em> wirklich ausreichend. Dieser seichte Populismus t\u00e4glich, scheint sogar BILD zu toppen.<\/p>\n","protected":false},"excerpt":{"rendered":"<p>\u201eDas Fernsehen wird immer schlechter&#8230;\u201c STIMMT NICHT! Es ist seit Jahren Grottenschlecht! Und das ist auch gut so! Ich lese n\u00e4mlich lieber&#8230; Meister Joachim Huber hat den Nagel auf den Kopf getroffen und ihn mit einem Schlag versenkt. Gestern, gegen 23 Uhr 14, hing ich bereits sehr bequem mit einem Teller Spachtelmasse vor der Glotze, [&hellip;]<\/p>\n","protected":false},"author":6,"featured_media":0,"comment_status":"open","ping_status":"closed","sticky":false,"template":"","format":"standard","meta":{"footnotes":""},"categories":[22],"tags":[],"class_list":["post-9146","post","type-post","status-publish","format-standard","hentry","category-der-tagesspiegel"],"_links":{"self":[{"href":"https:\/\/zonenklaus.de\/wordpress\/index.php?rest_route=\/wp\/v2\/posts\/9146","targetHints":{"allow":["GET"]}}],"collection":[{"href":"https:\/\/zonenklaus.de\/wordpress\/index.php?rest_route=\/wp\/v2\/posts"}],"about":[{"href":"https:\/\/zonenklaus.de\/wordpress\/index.php?rest_route=\/wp\/v2\/types\/post"}],"author":[{"embeddable":true,"href":"https:\/\/zonenklaus.de\/wordpress\/index.php?rest_route=\/wp\/v2\/users\/6"}],"replies":[{"embeddable":true,"href":"https:\/\/zonenklaus.de\/wordpress\/index.php?rest_route=%2Fwp%2Fv2%2Fcomments&post=9146"}],"version-history":[{"count":14,"href":"https:\/\/zonenklaus.de\/wordpress\/index.php?rest_route=\/wp\/v2\/posts\/9146\/revisions"}],"predecessor-version":[{"id":9160,"href":"https:\/\/zonenklaus.de\/wordpress\/index.php?rest_route=\/wp\/v2\/posts\/9146\/revisions\/9160"}],"wp:attachment":[{"href":"https:\/\/zonenklaus.de\/wordpress\/index.php?rest_route=%2Fwp%2Fv2%2Fmedia&parent=9146"}],"wp:term":[{"taxonomy":"category","embeddable":true,"href":"https:\/\/zonenklaus.de\/wordpress\/index.php?rest_route=%2Fwp%2Fv2%2Fcategories&post=9146"},{"taxonomy":"post_tag","embeddable":true,"href":"https:\/\/zonenklaus.de\/wordpress\/index.php?rest_route=%2Fwp%2Fv2%2Ftags&post=9146"}],"curies":[{"name":"wp","href":"https:\/\/api.w.org\/{rel}","templated":true}]}}