{"id":9191,"date":"2010-09-15T20:25:34","date_gmt":"2010-09-15T19:25:34","guid":{"rendered":"http:\/\/12decode.de\/zonenklaus\/wordpress\/?p=9191"},"modified":"2020-10-27T02:04:07","modified_gmt":"2020-10-27T01:04:07","slug":"9191","status":"publish","type":"post","link":"https:\/\/zonenklaus.de\/wordpress\/?p=9191","title":{"rendered":"In meiner kalten Heimat m\u00f6chte ich nicht tot \u00fcber einem Zaun h\u00e4ngen!"},"content":{"rendered":"<p>Der beginnende Alzi l\u00e4sst scheinbar gr\u00fc\u00dfen, heute morgen landete ich bei Inforadio, wegen einer Frequenzverwechselung, eigentlich sollte d-radio eingestellt werden. Muss ja nicht zwangsl\u00e4ufig Demenz sein, die in der totalen Finsternis endet, auf der anderen Seite gr\u00fc\u00dft ewig Korsakow. Solange ich mich nicht t\u00e4glich \u00fcber ein neues Radio freue, ist noch alles im gr\u00fcnen Bereich.<br \/>\nAuf dem Boden, in der N\u00e4he meiner Pofe, kramte ich nach einem verwertbaren Sudoku in alten Tageszeitungen, als jemand das Tagesthema ansprach: <a href=\"http:\/\/www.youtube.com\/watch?v=jrXlwd5LFPU\">Heimat<\/a>!<br \/>\n<a href=\"http:\/\/12decode.de\/zonenklaus\/wordpress\/wp-content\/uploads\/2010\/09\/sapho2-\u00e4.jpg\"><img loading=\"lazy\" decoding=\"async\" class=\"alignleft size-thumbnail wp-image-9216\" src=\"http:\/\/12decode.de\/zonenklaus\/wordpress\/wp-content\/uploads\/2010\/09\/sapho2-\u00e4-150x128.jpg\" alt=\"\" width=\"150\" height=\"128\" srcset=\"https:\/\/zonenklaus.de\/wordpress\/wp-content\/uploads\/2010\/09\/sapho2-\u00e4-150x128.jpg 150w, https:\/\/zonenklaus.de\/wordpress\/wp-content\/uploads\/2010\/09\/sapho2-\u00e4-300x257.jpg 300w, https:\/\/zonenklaus.de\/wordpress\/wp-content\/uploads\/2010\/09\/sapho2-\u00e4.jpg 846w\" sizes=\"auto, (max-width: 150px) 100vw, 150px\" \/><\/a>Gleich nach dem ersten <a href=\"http:\/\/www.inforadio.de\/radio_zum_lesen\/spezial\/heimat\/zwei_tuerken_berichten.html\">Beitrag<\/a> legte ich die Kiste still und eine CD auf:<a href=\"http:\/\/12decode.de\/zonenklaus\/wordpress\/wp-content\/uploads\/2010\/09\/sapho-\u00e4.jpg\"><img loading=\"lazy\" decoding=\"async\" class=\"alignleft size-thumbnail wp-image-9215\" src=\"http:\/\/12decode.de\/zonenklaus\/wordpress\/wp-content\/uploads\/2010\/09\/sapho-\u00e4-150x131.jpg\" alt=\"\" width=\"150\" height=\"131\" srcset=\"https:\/\/zonenklaus.de\/wordpress\/wp-content\/uploads\/2010\/09\/sapho-\u00e4-150x131.jpg 150w, https:\/\/zonenklaus.de\/wordpress\/wp-content\/uploads\/2010\/09\/sapho-\u00e4-300x262.jpg 300w, https:\/\/zonenklaus.de\/wordpress\/wp-content\/uploads\/2010\/09\/sapho-\u00e4.jpg 835w\" sizes=\"auto, (max-width: 150px) 100vw, 150px\" \/><\/a><br \/>\n<!-- @page { margin: 2cm } P { margin-bottom: 0.21cm } -->Wiedermal typisch, die Leute lernen es nicht! Scheinbar haben sie nie etwas in dieser Richtung kapiert. Da gab ein Effendi nach \u00fcber 40 Jahren ein Interview zum Thema und sprach kein deutsches Wort. Warum, das sagt er im Betrag. Auf dieser Umstand geht die Moderatorin mit keinem Wort ein. Was der Alte bestimmt akzentfrei ablassen kann: \u201eDeutschland grosses Scheisse, aber Deutsches Mark guuuut!\u201c<br \/>\nEntweder haben sie den Mann entsprechend eingeseift oder es raus geschnitten&#8230;<br \/>\n<!-- @page { margin: 2cm } P { margin-bottom: 0.21cm } A:link { so-language: zxx } --><strong> &#8211; D<\/strong>er \u00d6si Alfred Polgar brachte es im letzten Jahrhundert so auf den Punkt: \u201eDie Fremde ist nicht Heimat geworden. Aber die <a href=\"http:\/\/www.b-sides.at\/heimat.htm\">Heimat<\/a> Fremde.\u201c<!--more--><br \/>\nWas ansonsten zur Heimat ge\u00e4u\u00dfert wurde und bei I-radio steht, habe ich auf eine <a href=\"http:\/\/12decode.de\/zonenklaus\/wordpress\/wp-content\/uploads\/2010\/09\/Heimat.mp3\">Spur<\/a> geschnitten.<br \/>\n\u201e&#8230;Lange war der Begriff verp\u00f6nt: allzu heftig war er im Nationalsozialismus missbraucht worden. Inzwischen haben die meisten Deutschen wieder ein &#8220;Heimatgef\u00fchl&#8221;, ganz ohne nationalen \u00dcberschwang.\u201c<br \/>\nIst ja ganz billig! Von wegen, in der \u201eNS-Zeit missbraucht\u201c worden. Dann h\u00e4tte man es aufarbeiten m\u00fcssen, im Westen wurde ignoriert und im Osten verdr\u00e4ngt. War es nicht so, das es nicht nur Churchill so ging, dass man mit Deutschland das falsche Schwein geschlachtet hatte. Viele hofften ja noch auf einen radikalen Umschwung in der politischen Gro\u00dfwetterlage, da w\u00e4re die alte Ideologie &#8211; nur etwas abgewandelt &#8211; doch wieder recht passend gewesen. Juden h\u00e4tte dann auch keiner mehr recycelt, wegen der Endl\u00f6sung, was den Kommunismus anging.<br \/>\nWenn ich nur daran denke, wie lange es dauerte, wie schwer sich die neue Republik tat mit dem sogenannten Widerstand gegen Hitler. Aus Angst, dass sich die Roten in der Zone alles unter den Nagel rissen, kam jemand auf die Idee, die eigentlich belangloseste und halbherzigste Aktion entsprechen aufzum\u00f6beln, im Hinblick auf die k\u00fcnftigen Verb\u00fcndeten und wegen der zu schaffenden Vorbilder f\u00fcr das neue Heer.<br \/>\nWas soll der Kack! Bis zum \u201eRosenfeldzug\u201c, 1940, waren doch alle Milt\u00e4rs trunken im \u00dcberschwang der Gef\u00fchle, das \u00e4nderte sich doch erst recht beh\u00e4big, als abzusehen war, dass irgendwann die eigene Substanz gefragt war&#8230;<br \/>\nBei der Klitterung und dem ganzen Brimborium der letzten Jahre, wird nebenbei die eigentliche Tat von Stauffenberg immer mehr reduziert auf das, was sie eigentlich war &#8211; ein chaotisches, wirres Unternehmen. Als Offizier mit Arsch in der Hose, h\u00e4tte der edle Graf, Hitler im eigenen Angesicht hinrichten m\u00fcssen, mit seiner Dienstpistole. F\u00fcr was trug er denn dieses Ding immer mit sich umher?<br \/>\n&#8211; Was immer zu kurz kam, sind die Betrachtungen, was die witzlose Vernichtung von Ressourcen der gesamten Menschheit anging, die un\u00fcberschaubare, destruktiver Produktion zu Kriegszwecken. Au\u00dferdem wurde niemals begonnen, weltweit die Gesamtheit der Traumatisierungen auch nur ersatzweise aufzuarbeiten. \u00dcbriggeblieben sind Micky Maus-Filme, die in weit entfernter Anlehnung an damaligen Ereignisse, den Planeten \u00fcberschwemmen und Guido Knopp mit seiner merkw\u00fcrdigen Geschichtsinterpretation.<br \/>\nHinzu kommt, dass jene Architekten und ihre Helfer aus allen Schichten der Bev\u00f6lkerung die verantwortlich zeichneten f\u00fcr den vergangenen Massenmord, wie Ph\u00f6nix aus der Asche, anschlie\u00dfend als gewendete Demokraten nun auf einer anderen Ebene weiter frickeln konnten.<br \/>\nEben waren sie noch dabei, bis zum verwonnenen Endsieg die Karre am Laufen zu halten, nun ging es in die andere Richtung weiter.<br \/>\nDie Fremdarbeiter vergangener Zeiten hie\u00dfen pl\u00f6tzlich \u201eGastarbeiter\u201c, letztendlich brauchte das Kapital nur willige Knechte, da kamen die Knoblauchfresser von den Apenninen, dem Balkan und von noch weiter weg, gerade richtig. Je ungebildeter, desto besser! Muskeln waren gefragt, keine Menschen mit \u00fcberdurchschnittlich trainierten Gehirnwindungen.<br \/>\nKeine der verantwortlichen Flachzangen dieser Republik, hatte auch nur ansatzweise in Erw\u00e4gung gezogen, dass sich alles zwangsl\u00e4ufig zu einem unkontrollierten Selbstlauf entwickeln w\u00fcrde.<br \/>\nJetzt wird erneut geschrien, aber in der umgekehrten Variante &#8211; nur nach studierten Leuten. Wie der Rest der Bev\u00f6lkerung damit zurechtkommen soll, interessiert abermals keine Sau.<br \/>\nSehr belustigend finde ich immer das Modell, wenn Medien irgendwelche Angeh\u00f6rige fremder Rassen vorf\u00fchren. In der Regel muss der Sport als Alibi herhalten, wie toll dort die Integration funktioniert. Ratzt-fatz ist ein Rabenscharzer dann pl\u00f6tzlich Bundesgermane.<br \/>\nLetztens gab es mal wieder ein solch herzliches Frontfoto bei Springer, zwei Wei\u00dfbrote <em>(sicher slawischer Abstammung)<\/em> und ein Schwarter darauf abgebildet. F\u00fcr mich ist es wei\u00df Gott kein Zeichen f\u00fcr gelungene \u201eIntegration\u201c! Lediglich verkauft wird es so, ich halte es f\u00fcr ausgebufften Kolonialismus, da man nur die Rosinen dort unten sammelt.<br \/>\nHinzu kommt doch, dass es auch diese Jungs lange geschnallt haben, dass mit einer Onkel Tom Mentalit\u00e4t im kalten Norden der schnelle EURO lockt. Ein Haufen D\u00f6del darunter, statt in ihrer Heimat ganz Gro\u00dfe zu sein, nein allemal besser unter ferner liefen der \u201enette Bimbo\u201c <em>(der sich \u00fcber Knete definiert)<\/em>, daf\u00fcr mit Maserati oder Lamborghini und einer blonden K\u00e4the als Beifahrerin. Da sind doch bestimmt Kleingeister drunter, die w\u00fcrden sogar f\u00fcr das entsprechende Statussymbol, ihrer hei\u00dfgeliebte Gro\u00dfmutter in das billigste Hafenbordell von Stralsund verkaufen&#8230; <em>(Gibt es da \u00fcberhaupt noch einen Hafen, geschweige denn einen Puff?)<\/em><br \/>\nGenauso wenig, wie sie in ihren Mutterl\u00e4ndern kein selbstbewusstes Nationalgef\u00fchl besa\u00dfen, so \u00e4hnlich l\u00e4uft es hier weiter. <em>(Vor vielen Jahren las ich auf dem Flughafen von Kalkutta: BE INDIAN, BUY INDIAN AND BE PROUD TO BE INDIAN! Das hat doch etwas!)<\/em><br \/>\nIn Anlehnung dieses Spruches und des Erhaltes von Arbeitspl\u00e4tzen in Deutschland, sollte die <em>Ein<\/em>t<em>eutschung<\/em> verbunden werden mit Auflagen &#8211; Luxuskarossen nur aus dem Hause Quandt, Untert\u00fcrkheim oder Stuttgart!<br \/>\n<strong>&#8211; W<\/strong>as mir vor l\u00e4ngerer Zeit mal aufkam. Wieso m\u00fcssen die \u00f6ffentlichen Anstalten \u00fcberhaupt Millionen f\u00fcr \u00dcbertragungsrechte abdr\u00fccken? Umgekehrt wird ein Latschen draus. Da hasten 20 Werbetr\u00e4ger mindestens 95 Minuten, wie hirnrissige auf dem Rasen umher, jeder Hansel den man dazurechnen muss, rast auch mit Werbung bekleckert herum. Das hei\u00dft, dabei handelt es sich doch um eine Dauerwerbesendung mit<em> sportlichen Einlagen<\/em> und anderen komischen Begebenheiten, folglich sollte man den DFB zur Kasse bitten&#8230;<\/p>\n<p><strong>Fu\u00dfnote:<\/strong><br \/>\nUm DIE Heimat machte ich mir nie gro\u00df einen Kopf, das taten auf meinen Reisen immer andere.<br \/>\nIn Polen und dem Tschechland galt ich zu Zonenzeiten schon als Wessi, in den anderen L\u00e4ndern immer als der <em>untypische<\/em> DEUTSCHE. Wenn mir das jemand erkl\u00e4ren sollte, fingen die Leute permanent an rumzueiern.<br \/>\n1977 erlebte ich in Irland eine bundesgermanische Gruppe junger Leute, die verkauften sich krampfhaft als N i c h t d e u t s c h e <strong>(<\/strong><em>Jene ehemalige Hardcore-Saison-Linxwixer, sitzen heute bestimmt auf der anderen Seite.<\/em><strong>)<\/strong>, \u201eweil das BILD DER DEUTSCHEN so negativ besetzt ist!\u201c<br \/>\nRichtig mies machte mich damals ein Landsmann\u201c an.<br \/>\nIn Westirland bestand ein Ortsans\u00e4ssig darauf, mir ein kleines deutsches Ehrengrab (I.+II.Weltkrieg) zu zeigen.<br \/>\nAn der schmiedeeiserne Pforte wurde an entsprechende Kleidung appelliert, im Namen des <em><span class=\"aCOpRe\"> Volksbund Deutsche Kriegsgr\u00e4berf\u00fcrsorge e. V.<\/span><\/em><br \/>\nKurz darauf hielten drei schwarze Daimler.<br \/>\nBeim verlassen stellte sich mir ein alter, fetter Knecht Gottes in den Weg. Seine aufgedunsene Larve zierten mehrere Schmisse. Trotz der Soutane kam er als Rollschinken daher gewatschelt und wurde schnurrig.<br \/>\nIm finstersten Niederbayrisch gings mit der Heimat los und endete bei meiner Piet\u00e4tlosigkeit, wegen der abgeranzten Kleidung.<br \/>\nDer recht sinnige Text auf dem Hinkelstein hie\u00df ungef\u00e4hr so: \u201eWir zogen aus, um zu siegen, doch jetzt m\u00fcssen wir f\u00fcr immer in Irlands Erde liegen\u201c<br \/>\nMeine vern\u00fcnftig vorgebrachten Wiederworte lie\u00dfen seinen Kopf wie eine Osram-Birne ergl\u00fchen.<br \/>\nDie Lippen gingen bereits ins violette \u00fcber, als er mich betatschen wollte und ich ihm auf seine Wurstfinger klopfte. Die anwesenden Mumien stellten sich hinter ihm halbkreisf\u00f6rmig auf.<br \/>\nAuf meinen letzten Spruch fiel die Kinnlade herunter, der Rest raunte etwas.<br \/>\n\u201eH\u00f6r mal zu old Ben! Du k\u00f6nntest viel dicker sein, wenn du nicht permanent solche Schei\u00dfe erz\u00e4hlen w\u00fcrdest!\u201c<br \/>\nDrehte mich um und verlie\u00df diesen abheimelnden Ort f\u00fcr <em>gefallene<\/em> deutsche Landser&#8230;<\/p>\n","protected":false},"excerpt":{"rendered":"<p>Der beginnende Alzi l\u00e4sst scheinbar gr\u00fc\u00dfen, heute morgen landete ich bei Inforadio, wegen einer Frequenzverwechselung, eigentlich sollte d-radio eingestellt werden. Muss ja nicht zwangsl\u00e4ufig Demenz sein, die in der totalen Finsternis endet, auf der anderen Seite gr\u00fc\u00dft ewig Korsakow. Solange ich mich nicht t\u00e4glich \u00fcber ein neues Radio freue, ist noch alles im gr\u00fcnen Bereich. [&hellip;]<\/p>\n","protected":false},"author":6,"featured_media":0,"comment_status":"open","ping_status":"closed","sticky":false,"template":"","format":"standard","meta":{"footnotes":""},"categories":[1],"tags":[],"class_list":["post-9191","post","type-post","status-publish","format-standard","hentry","category-allgemeines"],"_links":{"self":[{"href":"https:\/\/zonenklaus.de\/wordpress\/index.php?rest_route=\/wp\/v2\/posts\/9191","targetHints":{"allow":["GET"]}}],"collection":[{"href":"https:\/\/zonenklaus.de\/wordpress\/index.php?rest_route=\/wp\/v2\/posts"}],"about":[{"href":"https:\/\/zonenklaus.de\/wordpress\/index.php?rest_route=\/wp\/v2\/types\/post"}],"author":[{"embeddable":true,"href":"https:\/\/zonenklaus.de\/wordpress\/index.php?rest_route=\/wp\/v2\/users\/6"}],"replies":[{"embeddable":true,"href":"https:\/\/zonenklaus.de\/wordpress\/index.php?rest_route=%2Fwp%2Fv2%2Fcomments&post=9191"}],"version-history":[{"count":23,"href":"https:\/\/zonenklaus.de\/wordpress\/index.php?rest_route=\/wp\/v2\/posts\/9191\/revisions"}],"predecessor-version":[{"id":35349,"href":"https:\/\/zonenklaus.de\/wordpress\/index.php?rest_route=\/wp\/v2\/posts\/9191\/revisions\/35349"}],"wp:attachment":[{"href":"https:\/\/zonenklaus.de\/wordpress\/index.php?rest_route=%2Fwp%2Fv2%2Fmedia&parent=9191"}],"wp:term":[{"taxonomy":"category","embeddable":true,"href":"https:\/\/zonenklaus.de\/wordpress\/index.php?rest_route=%2Fwp%2Fv2%2Fcategories&post=9191"},{"taxonomy":"post_tag","embeddable":true,"href":"https:\/\/zonenklaus.de\/wordpress\/index.php?rest_route=%2Fwp%2Fv2%2Ftags&post=9191"}],"curies":[{"name":"wp","href":"https:\/\/api.w.org\/{rel}","templated":true}]}}