{"id":9219,"date":"2010-09-16T21:48:24","date_gmt":"2010-09-16T20:48:24","guid":{"rendered":"http:\/\/12decode.de\/zonenklaus\/wordpress\/?p=9219"},"modified":"2010-09-16T23:56:15","modified_gmt":"2010-09-16T22:56:15","slug":"der-quizzz-das-deutschen-mit-frank-blassberg","status":"publish","type":"post","link":"https:\/\/zonenklaus.de\/wordpress\/?p=9219","title":{"rendered":"Der Quizzz das Deutschen &#8211; mit Frank Blassberg"},"content":{"rendered":"<p>Eben hatte ich mich mit einem Sendetermin vertan, wollte eigentlich <a href=\"http:\/\/www.arte.tv\/de\/programm\/242,dayPeriod=evening.html#anchor_2865376\">Jimi<\/a> auf ARTE einziehen, was allerdings fast eine Stunde zu fr\u00fch.<br \/>\nHockte mich mit einem Br\u00f6sel Eis vor die Glotze und mir wurde fast schlecht.<br \/>\nWas war das denn?<br \/>\nDa hockten nur Larven herum, die ich ja nun fernsehtechnisch \u00fcberhaupt nicht verknusen kann, alles so ganz nette Leute.<br \/>\n&#8230;es ging gerade um den <a href=\"http:\/\/de.wikipedia.org\/wiki\/Palast_der_Republik\">Ballast der Republik<\/a>. Scheinbar ging es in der die Frage darum, was mit dem Stahl aus dieser H\u00fctte geschah.<br \/>\n&#8230;nat\u00fcrlich wurden Motorbl\u00f6ck f\u00fcr VW daraus produziert!<br \/>\nDaraufhin lie\u00df Meister \u201eBlassberg\u201c etwa folgendes ab: \u201eAus dem Stahl des Hauses f\u00fcr das Volk, produzierten sie etwas f\u00fcr den Volkswagen, das war doch f\u00fcr beide in Deutschland eine sch\u00f6ne Sache&#8230;\u201c Zumindest hat es so \u00e4hnlich bl\u00f6de geklungen&#8230;<br \/>\nEin Blick in den \u201e<a href=\"http:\/\/www.tvpiccolino.de\/\">TV-piccolino<\/a>\u201c &#8211; \u201e<a href=\"http:\/\/www.daserste.de\/dasquizderdeutschen\/\">Das Quiz der Deutschen<\/a>!\u201c<br \/>\nNun kam mir, kannst ja ein Weilchen noch schauen, bei was sich der gesamtdeutsche Spie\u00dfer so am\u00fcsiert, dank der Verkabelung wird ja sogar das Tal der Ahnungslosen bereits seit 20 Jahren, ganz legal mit Westfernsehen versorgt&#8230;<br \/>\n&#8230;gab mir zumindest M\u00fche, aber es ging nicht, schaltete zu ARTE. Was dort lief, war auch nicht das Gelbe von Ei. <a href=\"http:\/\/www.arte.tv\/de\/programm\/242,dayPeriod=evening.html#anchor_2865376\">Ein Film aus HK<\/a> mag ich genau sowenig, wie \u201eQuizzze\u201c \u00fcber die AB* und NFL*.<br \/>\nNach 10\/15 Minuten gings im optimalen Moment retour&#8230;<br \/>\nFrage:<br \/>\nGab es f\u00fcr die drallen Stasi-Kirschen, wen sie auf dem Politstrich ihren Einsatz hatten,<br \/>\na) schussfeste Mieder,<br \/>\nb) Kameras im BH,<br \/>\noder c) Handschellen an den Strapsen?<!--more--><br \/>\nEs folgte eine Maz.<em> (Guido Knopp greift in solchen Momenten auch immer auf Filmschnipsel zur\u00fcck. P\u00fccholochen meinen, dann pr\u00e4gt man sich den Mist besser ein.)<\/em><br \/>\n&#8230;es wurde z. B. die einf\u00fchrbare Kamera f\u00fcr das Hinterteil der Frauen gezeigt. Es erinnerte mehr an ein gr\u00f6\u00dferes Massage-Ei aus dem\u00a0 gewissen Versandhaus in Flensburg. Wieso kam \u00fcberhaupt jemand auf die Idee, eventuell eine Kamera in jener Perforierung der Sitzwangen zu positionieren? In die \u00d6ffnung unmittelbar nebenan, h\u00e4tte unter Umst\u00e4nden sogar ein Fotoapparat eingepasst werden k\u00f6nnen mit Teleobjektiv&#8230;<br \/>\nSag mal, sind die Leute denn bescheuert? Jedenfalls m\u00e4chtig phantasielos!<br \/>\n&#8230;gut, es existieren ja Objektive mit Prismen, um auch im 90-Grad Winkel etwas zu erheischen&#8230;<br \/>\nEin etwas besseres <a href=\"http:\/\/www.grafundgehring.de\/uploads\/pics\/l_14520009.jpg\">Mikro<\/a> kann ich mir eingef\u00fchrt ja noch vorstellen, oder auch zwei, wegen der naturgegebenen M\u00f6glichkeiten. Dann w\u00e4ren sogar Stereoaufnahmen m\u00f6glich gewesen&#8230;<br \/>\nWeiter ging es mit d\u00fcmmlichen Gelaber, dann wurde eingeloggt, die M\u00e4dels w\u00e4hlten das Mieder, unsere phantasiereicheren Knaben &#8211; die Kamera! Damit gingen viele Punkt an sie. Um was es eigentlich ging, blieb mir schleierhaft &#8211; wie fr\u00fcher bei <a href=\"http:\/\/einestages.spiegel.de\/hund-images\/2008\/12\/17\/29\/4804c14e54fa9d52ec78d25e27e5f5f7_image_document_large_featured_borderless.jpg\">Titten-Balders <\/a> Trash-TV-Klassiker &#8220;Tutti Frutti&#8221;.<br \/>\nOlli Pocher entbl\u00f6dete sich nicht und lie\u00df sich von Beckmann <em>(nee, es war der andere, aber das gleiche Kaliber)<\/em> die Quarktaschenpantoffeln umschnallen&#8230;<br \/>\nDann der Aufruf an das Publikum, mit Hilfe der eingebauten Kamera jemanden zu gr\u00fc\u00dfen. Das <a href=\"http:\/\/de.wikipedia.org\/wiki\/Warm-up\">warming-up <\/a>vor der Sendung schien auf diesen \u201eGag\u201c nicht eingegangen zu sein. Oder es handelte sich um eine Anweisung der Regie, dass alles so unbeholfen r\u00fcber kommen musste.<br \/>\nJedenfalls fand sich jemand und gr\u00fc\u00dfte winkend nat\u00fcrlich Mammmie&#8230;<br \/>\nAusssssssssssssss!<br \/>\n<a href=\"http:\/\/12decode.de\/zonenklaus\/wordpress\/wp-content\/uploads\/2010\/09\/wendland-\u00e4.jpg\"><img loading=\"lazy\" decoding=\"async\" class=\"alignleft size-thumbnail wp-image-9228\" title=\"Zur Erinnerung - damals wars! 30 Millionen DM hatte sich die Republik das tagelange Happening kosten lassen.\" src=\"http:\/\/12decode.de\/zonenklaus\/wordpress\/wp-content\/uploads\/2010\/09\/wendland-\u00e4-87x150.jpg\" alt=\"\" width=\"87\" height=\"150\" srcset=\"https:\/\/zonenklaus.de\/wordpress\/wp-content\/uploads\/2010\/09\/wendland-\u00e4-87x150.jpg 87w, https:\/\/zonenklaus.de\/wordpress\/wp-content\/uploads\/2010\/09\/wendland-\u00e4-175x300.jpg 175w, https:\/\/zonenklaus.de\/wordpress\/wp-content\/uploads\/2010\/09\/wendland-\u00e4-598x1024.jpg 598w, https:\/\/zonenklaus.de\/wordpress\/wp-content\/uploads\/2010\/09\/wendland-\u00e4.jpg 888w\" sizes=\"auto, (max-width: 87px) 100vw, 87px\" \/><\/a>Fu\u00dfnote:<br \/>\nWenn im Wendland diese medialen Geilhuber auftauchten, fanden sie es absolut nicht nett, wenn ich wie verr\u00fcckt in die Kamera winkte, Tante Hulda in Fulda und Tante Emma in Kieselwitz <em>(die existierte wirklich!)<\/em> gr\u00fc\u00dfte.<\/p>\n<p><strong>*<\/strong>AB &#8211; Alter Bundesl\u00e4nder<br \/>\n<strong>*<\/strong>NFL &#8211; Neuf\u00fcnfland<\/p>\n","protected":false},"excerpt":{"rendered":"<p>Eben hatte ich mich mit einem Sendetermin vertan, wollte eigentlich Jimi auf ARTE einziehen, was allerdings fast eine Stunde zu fr\u00fch. Hockte mich mit einem Br\u00f6sel Eis vor die Glotze und mir wurde fast schlecht. Was war das denn? Da hockten nur Larven herum, die ich ja nun fernsehtechnisch \u00fcberhaupt nicht verknusen kann, alles so [&hellip;]<\/p>\n","protected":false},"author":6,"featured_media":0,"comment_status":"open","ping_status":"closed","sticky":false,"template":"","format":"standard","meta":{"footnotes":""},"categories":[1],"tags":[],"class_list":["post-9219","post","type-post","status-publish","format-standard","hentry","category-allgemeines"],"_links":{"self":[{"href":"https:\/\/zonenklaus.de\/wordpress\/index.php?rest_route=\/wp\/v2\/posts\/9219","targetHints":{"allow":["GET"]}}],"collection":[{"href":"https:\/\/zonenklaus.de\/wordpress\/index.php?rest_route=\/wp\/v2\/posts"}],"about":[{"href":"https:\/\/zonenklaus.de\/wordpress\/index.php?rest_route=\/wp\/v2\/types\/post"}],"author":[{"embeddable":true,"href":"https:\/\/zonenklaus.de\/wordpress\/index.php?rest_route=\/wp\/v2\/users\/6"}],"replies":[{"embeddable":true,"href":"https:\/\/zonenklaus.de\/wordpress\/index.php?rest_route=%2Fwp%2Fv2%2Fcomments&post=9219"}],"version-history":[{"count":28,"href":"https:\/\/zonenklaus.de\/wordpress\/index.php?rest_route=\/wp\/v2\/posts\/9219\/revisions"}],"predecessor-version":[{"id":9245,"href":"https:\/\/zonenklaus.de\/wordpress\/index.php?rest_route=\/wp\/v2\/posts\/9219\/revisions\/9245"}],"wp:attachment":[{"href":"https:\/\/zonenklaus.de\/wordpress\/index.php?rest_route=%2Fwp%2Fv2%2Fmedia&parent=9219"}],"wp:term":[{"taxonomy":"category","embeddable":true,"href":"https:\/\/zonenklaus.de\/wordpress\/index.php?rest_route=%2Fwp%2Fv2%2Fcategories&post=9219"},{"taxonomy":"post_tag","embeddable":true,"href":"https:\/\/zonenklaus.de\/wordpress\/index.php?rest_route=%2Fwp%2Fv2%2Ftags&post=9219"}],"curies":[{"name":"wp","href":"https:\/\/api.w.org\/{rel}","templated":true}]}}