{"id":9257,"date":"2010-09-18T21:26:19","date_gmt":"2010-09-18T20:26:19","guid":{"rendered":"http:\/\/12decode.de\/zonenklaus\/wordpress\/?p=9257"},"modified":"2017-12-10T05:20:11","modified_gmt":"2017-12-10T04:20:11","slug":"james-marshall-hendrix-%e2%80%a0-18-september-1970-in-london","status":"publish","type":"post","link":"https:\/\/zonenklaus.de\/wordpress\/?p=9257","title":{"rendered":"James Marshall Hendrix (\u2020 18. September 1970 in London)"},"content":{"rendered":"<p><strong>Arte &#8211; <a href=\"http:\/\/www.arte.tv\/de\/programm\/242,date=16\/9\/2010.html\">Jimi Hendrix<\/a> &#8211; Wiederholung am: 24.09.2010 um 01:50<\/strong><br \/>\nMorgens war ich richtig froh, dass man im d-radio an den vor 100 Jahren geborenen j\u00fcdischen Komponisten Josef Tal erinnerte.<br \/>\nSo wie man das Gedenken an Hendrix in den letzten Tagen ausquetschte, w\u00e4re nicht viel f\u00fcr das heutige \u201eKalenderblatt\u201c \u00fcbrig geblieben.<br \/>\nZumal am Donnerstag, auf Arte, eine recht vern\u00fcnftige Kurzbiographie lief und Kollegen von ihm nicht mit dem sonst \u00fcblichen Dummschw\u00e4tzen kamen &#8211; allerdings h\u00e4tte man Fritz Rau au\u00dfen vorlassen sollen.<br \/>\nAbgesehen von seinen unmittelbaren Mitstreitern auf der B\u00fchne, waren alle Techniker im Hintergrund auch gigantisch drauf, ebenso die Leute an den Kameras und dem anschlie\u00dfenden\u00a0 Schnitt von Filmsequenzen&#8230;<br \/>\nEinige Betrachtungen von <a href=\"http:\/\/12decode.de\/zonenklaus\/wordpress\/wp-content\/uploads\/2010\/09\/Vernon-Reid.mp3\">Vernon Reid<\/a>, <a href=\"http:\/\/12decode.de\/zonenklaus\/wordpress\/wp-content\/uploads\/2010\/09\/Steve-Stevens.mp3\">Steve Stevens<\/a> oder <a href=\"http:\/\/12decode.de\/zonenklaus\/wordpress\/wp-content\/uploads\/2010\/09\/Kelvy-Bell.mp3\">Kelvyn Bell<\/a> hatte ich noch nie so gesehen, sind aber einleuchtend.<br \/>\nIn diesem Zusammenhang fiel mir noch etwas zu Voodoo Child ein.<!--more--><br \/>\nWer etwas technisch begabt umher l\u00e4uft, der sollte mal bei diesem Hit etwas ausprobieren.<br \/>\nSich die M\u00f6glichkeit der Pseudoquadofonie schaffen, dabei rechte und linke Spur ganz normal \u00fcber einem Kopfh\u00f6rer einziehen. Dann \u00fcber einen weiteren, parallelen Ausgang,\u00a0 + von beiden Spuren an den zus\u00e4tzlichen Lautsprecher legen, um so mono zu erhalten.<br \/>\nNun mit den vorderen Z\u00e4hnen vorsichtig auf einen Metallstift <em>(rund 15 cm Lang, von der St\u00e4rke eines Makkaroni) <\/em>bei\u00dfen und das andere Ende dann leicht auf die <a href=\"http:\/\/de.wikipedia.org\/wiki\/Datei:Lautsprecher_Schema.svg\">Abdeckplatte<\/a> des Lautsprechers dr\u00fccken. Nun wird der Schall vom Kopfh\u00f6rer direkt ins Ohr geleitet, weiterhin &#8211; aber zeitverz\u00f6gert &#8211; \u00fcber die Z\u00e4hne und Knochen auf das Innenohr.<br \/>\nWichtig dabei, alles muss in einem vollkommen ruhigen Raum passieren, bei fast ganz runter gedrehten Reglern. Noch witzig kommt es r\u00fcber, wenn es machbar ist, beide Lautst\u00e4rken separat zu regeln und&#8230;<br \/>\nVon allen Hendrix-Songs kommt <em>VooChi<\/em> am verr\u00fccktesten r\u00fcber.<br \/>\nMan sollte diese Experimente nicht solo ausprobieren!<br \/>\nDurch verschiedene zus\u00e4tzliche Einfl\u00fcsse von au\u00dfen, l\u00e4sst sich alles auch noch visuell ausweiten. Dazu ben\u00f6tigt man einen Raum der vollst\u00e4ndig abgedunkelt werden kann, wei\u00dfe W\u00e4nde <em>(m\u00f6glichst wenig sollte dran baumelnd<\/em>) und Zimmerdecken.<br \/>\nEinen alten Plattenspieler mir 16er Umdrehung, auf dessen Teller drei angez\u00fcndete Teelichter stehen und alles dreht sich unter den zusammenger\u00fcckten Zimmerpflanzen. Die dabei entstehenden, beweglichen Schatten vermitteln die Illusion unter Wasser zu liegen.<br \/>\n<a href=\"http:\/\/www.youtube.com\/watch?v=7MFkOcJQUBk\">Bouree<\/a>, von Jon Lord biete sich auch an&#8230;<\/p>\n<p>Im Inforadio lief mehrfach eine La-la-<a href=\"http:\/\/12decode.de\/zonenklaus\/wordpress\/wp-content\/uploads\/2010\/09\/1-info.r..mp3\">Biographie<\/a>, wobei man viel Wert auf jene Nebens\u00e4chlichkeiten legte, \u00fcber die sich Spie\u00dfer in der ganzen Welt ma\u00dflos aufregten. Nicht zu vergessen, dieses ewige Geifern von kommunistischen \u201eKulturfunktion\u00e4ren\u201c. In diesen Hochzeiten der Popmusik war ich besonders in den Arsch gekniffen, wegen meiner Zeit bei der Arbeiterkn\u00fcppelgarde, von Mai &#8217;67 bis Okt. &#8217;68.<\/p>\n<p><em><strong>N<\/strong>ur nebenbei <\/em>m\u00f6chte ich noch auf eine Kleinigkeit hinweisen &#8211; an Heimatgef\u00fchl und <a href=\"https:\/\/www.youtube.com\/watch?v=TKAwPA14Ni4\">Patriotismus<\/a> den Jimi immer wieder ausstrahlte.<br \/>\nNur so! Da man hier, seit geraumer Zeit, mit beiden Begriffen f\u00fcrchterlich herum hurt und zu keinem Ergebnis kommen will&#8230;<\/p>\n<p><!-- @page { margin: 2cm } P { margin-bottom: 0.21cm } -->Im Zusammenhang mit JiHe w\u00fcrden mir spontan ein Haufen Begebenheiten noch einfallen<\/p>\n<p><!-- @page { margin: 2cm } P { margin-bottom: 0.21cm } --><\/p>\n","protected":false},"excerpt":{"rendered":"<p>Arte &#8211; Jimi Hendrix &#8211; Wiederholung am: 24.09.2010 um 01:50 Morgens war ich richtig froh, dass man im d-radio an den vor 100 Jahren geborenen j\u00fcdischen Komponisten Josef Tal erinnerte. So wie man das Gedenken an Hendrix in den letzten Tagen ausquetschte, w\u00e4re nicht viel f\u00fcr das heutige \u201eKalenderblatt\u201c \u00fcbrig geblieben. Zumal am Donnerstag, auf [&hellip;]<\/p>\n","protected":false},"author":6,"featured_media":0,"comment_status":"open","ping_status":"closed","sticky":false,"template":"","format":"standard","meta":{"footnotes":""},"categories":[1],"tags":[],"class_list":["post-9257","post","type-post","status-publish","format-standard","hentry","category-allgemeines"],"_links":{"self":[{"href":"https:\/\/zonenklaus.de\/wordpress\/index.php?rest_route=\/wp\/v2\/posts\/9257","targetHints":{"allow":["GET"]}}],"collection":[{"href":"https:\/\/zonenklaus.de\/wordpress\/index.php?rest_route=\/wp\/v2\/posts"}],"about":[{"href":"https:\/\/zonenklaus.de\/wordpress\/index.php?rest_route=\/wp\/v2\/types\/post"}],"author":[{"embeddable":true,"href":"https:\/\/zonenklaus.de\/wordpress\/index.php?rest_route=\/wp\/v2\/users\/6"}],"replies":[{"embeddable":true,"href":"https:\/\/zonenklaus.de\/wordpress\/index.php?rest_route=%2Fwp%2Fv2%2Fcomments&post=9257"}],"version-history":[{"count":10,"href":"https:\/\/zonenklaus.de\/wordpress\/index.php?rest_route=\/wp\/v2\/posts\/9257\/revisions"}],"predecessor-version":[{"id":30563,"href":"https:\/\/zonenklaus.de\/wordpress\/index.php?rest_route=\/wp\/v2\/posts\/9257\/revisions\/30563"}],"wp:attachment":[{"href":"https:\/\/zonenklaus.de\/wordpress\/index.php?rest_route=%2Fwp%2Fv2%2Fmedia&parent=9257"}],"wp:term":[{"taxonomy":"category","embeddable":true,"href":"https:\/\/zonenklaus.de\/wordpress\/index.php?rest_route=%2Fwp%2Fv2%2Fcategories&post=9257"},{"taxonomy":"post_tag","embeddable":true,"href":"https:\/\/zonenklaus.de\/wordpress\/index.php?rest_route=%2Fwp%2Fv2%2Ftags&post=9257"}],"curies":[{"name":"wp","href":"https:\/\/api.w.org\/{rel}","templated":true}]}}