{"id":9269,"date":"2010-09-19T23:47:45","date_gmt":"2010-09-19T22:47:45","guid":{"rendered":"http:\/\/12decode.de\/zonenklaus\/wordpress\/?p=9269"},"modified":"2026-02-03T10:49:18","modified_gmt":"2026-02-03T09:49:18","slug":"9269","status":"publish","type":"post","link":"https:\/\/zonenklaus.de\/wordpress\/?p=9269","title":{"rendered":"Die Zukunft der Anti-Atom-Bewegung >>> Allerdings ist die Zukunft auch nicht mehr das, was sie mal war! Trotzdem, die Zukunft kommt wieder! <<<"},"content":{"rendered":"<p><!-- @page { margin: 2cm } P { margin-bottom: 0.21cm } -->Gestern verband ich eine l\u00e4ngere Radtour mit peripherem Restklassenkampf, produzierte nebenbei audio-visuellen M\u00fcll.<br \/>\nDie <a href=\"http:\/\/12decode.de\/zonenklaus\/wordpress\/wp-content\/uploads\/2010\/09\/rt-3-f-teufel.mp3\">Situation<\/a> vor dem Wallotschen Palaverhaus war nicht so richtig durchschaubar. Eigentlich galt die Wiese davor als No-go-Area, an der westlichen Seiten lagen aber die rot\/wei\u00dfen Begrenzungsz\u00e4une auf dem Rasen. Au\u00dferdem liegt doch dieses Anwesen in der <a href=\"http:\/\/12decode.de\/zonenklaus\/wordpress\/wp-content\/uploads\/2010\/09\/rt-4kundgebung.mp3\">Bannmeile<\/a>, oder?<\/p>\n<p><a href=\"http:\/\/12decode.de\/zonenklaus\/wordpress\/wp-content\/uploads\/2010\/09\/IMG_0719-\u00e4.jpg\"><img loading=\"lazy\" decoding=\"async\" class=\"alignleft size-thumbnail wp-image-9276\" src=\"http:\/\/12decode.de\/zonenklaus\/wordpress\/wp-content\/uploads\/2010\/09\/IMG_0719-\u00e4-150x112.jpg\" alt=\"\" width=\"150\" height=\"112\" srcset=\"https:\/\/zonenklaus.de\/wordpress\/wp-content\/uploads\/2010\/09\/IMG_0719-\u00e4-150x112.jpg 150w, https:\/\/zonenklaus.de\/wordpress\/wp-content\/uploads\/2010\/09\/IMG_0719-\u00e4-300x225.jpg 300w, https:\/\/zonenklaus.de\/wordpress\/wp-content\/uploads\/2010\/09\/IMG_0719-\u00e4-1024x768.jpg 1024w, https:\/\/zonenklaus.de\/wordpress\/wp-content\/uploads\/2010\/09\/IMG_0719-\u00e4.jpg 1408w\" sizes=\"auto, (max-width: 150px) 100vw, 150px\" \/><\/a><a href=\"http:\/\/12decode.de\/zonenklaus\/wordpress\/wp-content\/uploads\/2010\/09\/IMG_0721-\u00e4.jpg\"><img loading=\"lazy\" decoding=\"async\" class=\"alignleft size-thumbnail wp-image-9277\" src=\"http:\/\/12decode.de\/zonenklaus\/wordpress\/wp-content\/uploads\/2010\/09\/IMG_0721-\u00e4-150x112.jpg\" alt=\"\" width=\"150\" height=\"112\" srcset=\"https:\/\/zonenklaus.de\/wordpress\/wp-content\/uploads\/2010\/09\/IMG_0721-\u00e4-150x112.jpg 150w, https:\/\/zonenklaus.de\/wordpress\/wp-content\/uploads\/2010\/09\/IMG_0721-\u00e4-300x225.jpg 300w, https:\/\/zonenklaus.de\/wordpress\/wp-content\/uploads\/2010\/09\/IMG_0721-\u00e4-1024x768.jpg 1024w, https:\/\/zonenklaus.de\/wordpress\/wp-content\/uploads\/2010\/09\/IMG_0721-\u00e4.jpg 1408w\" sizes=\"auto, (max-width: 150px) 100vw, 150px\" \/><\/a><a href=\"http:\/\/12decode.de\/zonenklaus\/wordpress\/wp-content\/uploads\/2010\/09\/IMG_0735-\u00e4.jpg\"><img loading=\"lazy\" decoding=\"async\" class=\"alignleft size-thumbnail wp-image-9281\" title=\"Rettungsballon: Hilfe! Hier irrt ein untr\u00f6stlicher Genosse umher. Wo seid ihr alle? Seht! Au\u00dferdem kratze ich schon wieder bei den Gr\u00fcnen. \" src=\"http:\/\/12decode.de\/zonenklaus\/wordpress\/wp-content\/uploads\/2010\/09\/IMG_0735-\u00e4-150x112.jpg\" alt=\"\" width=\"150\" height=\"112\" srcset=\"https:\/\/zonenklaus.de\/wordpress\/wp-content\/uploads\/2010\/09\/IMG_0735-\u00e4-150x112.jpg 150w, https:\/\/zonenklaus.de\/wordpress\/wp-content\/uploads\/2010\/09\/IMG_0735-\u00e4-300x225.jpg 300w, https:\/\/zonenklaus.de\/wordpress\/wp-content\/uploads\/2010\/09\/IMG_0735-\u00e4-1024x768.jpg 1024w, https:\/\/zonenklaus.de\/wordpress\/wp-content\/uploads\/2010\/09\/IMG_0735-\u00e4.jpg 1408w\" sizes=\"auto, (max-width: 150px) 100vw, 150px\" \/><\/a><a href=\"http:\/\/12decode.de\/zonenklaus\/wordpress\/wp-content\/uploads\/2010\/09\/IMG_0742-spd-\u00e4.jpg\"><img loading=\"lazy\" decoding=\"async\" class=\"alignleft size-thumbnail wp-image-9282\" src=\"http:\/\/12decode.de\/zonenklaus\/wordpress\/wp-content\/uploads\/2010\/09\/IMG_0742-spd-\u00e4-150x112.jpg\" alt=\"\" width=\"150\" height=\"112\" srcset=\"https:\/\/zonenklaus.de\/wordpress\/wp-content\/uploads\/2010\/09\/IMG_0742-spd-\u00e4-150x112.jpg 150w, https:\/\/zonenklaus.de\/wordpress\/wp-content\/uploads\/2010\/09\/IMG_0742-spd-\u00e4-300x225.jpg 300w, https:\/\/zonenklaus.de\/wordpress\/wp-content\/uploads\/2010\/09\/IMG_0742-spd-\u00e4-1024x768.jpg 1024w, https:\/\/zonenklaus.de\/wordpress\/wp-content\/uploads\/2010\/09\/IMG_0742-spd-\u00e4.jpg 1408w\" sizes=\"auto, (max-width: 150px) 100vw, 150px\" \/><\/a><a href=\"http:\/\/12decode.de\/zonenklaus\/wordpress\/wp-content\/uploads\/2010\/09\/SPD.mp3\">Ver(w)irrte Sch\u00e4fchen<\/a><br \/>\n<strong>Unter der \u00c4gide von Frau Professor<\/strong> <strong>S\u00fcssmuth<\/strong><em> (Mit ihr begann die \u00c4ra von Frauen in h\u00f6chsten Regierungspositionen, welche mich ewig an jene Hausfrauen erinnern, die mit einem krankhaften Hang zur Harmonie, erfolglos versuchen ihr Umfeld zu befrieden.)<\/em><strong> wurde mit riesigem Aufwand der Platz vor dem Reichstag umgestaltet. Der daf\u00fcr verantwortliche\u00a0<\/strong><span style=\"font-size: xx-small;\">agile Knecht<\/span><strong>, lie\u00df nach Bew\u00e4ltigung seiner \u201eschwierigen Aufgabe\u201c folgendes ab, was in der Berliner Abendschau ungef\u00e4hr so klang: \u201e&#8230;endlich haben wir den \u201eAM\u00d6BOIDEN Charakter dieses Platzes f\u00fcr immer beseitigt&#8230;\u201c<\/strong><br \/>\nF\u00fcr diese Unversch\u00e4mtheit h\u00e4tte dieser Knabe mehr als nur Klassenkeile verdient&#8230;<br \/>\nVorher lebte dieser Platz t\u00e4glich und das ganze Jahr \u00fcber. Mit all seinen Konzerten der U- und E-Musik, der Quatschkopf Heller bunste dort sein gigantisches Feuerwerk ab, vielfach gaben sich dort Menschen den unterschiedlichsten sportlichen Bet\u00e4tigungen hin. Nicht zu vergessen jene ber\u00fchmte <a href=\"https:\/\/www.youtube.com\/watch?v=3uUMI-4TFPk\">Rede von Ernst Reuter<\/a> 1948 <em>(Der erste OB mit Visionen f\u00fcr diese Stadt, allerdings auch der vorletzte, sp\u00e4ter folgte nur noch Willi Brandt, den ich politisch ernst nehmen konnte.)<\/em><br \/>\nWie oft machten wir in der <a href=\"https:\/\/zonenklaus.de\/wordpress\/?p=31431\">Nacht zum 1. Mai<\/a> durch und pennten nach den DGB Kundgebungen anschlie\u00dfend unsern Rausch dort aus und schw\u00e4tzten hernach wieder d\u00e4mliches Zeug, so als Ersatz zum entgangenen Klassenkampf&#8230;<br \/>\n<b>Nachtrag:<\/b><br \/>\nStimmt nicht ganz, denn der entsprechende Einsatz erfolgte dann am sp\u00e4ten Nachmittag, nach einem l\u00e4ngeren und immer sehr lustigen\u00a0 <span style=\"font-family: Times New Roman, serif;\">\u263a <\/span>Marsch ins entsprechende Zentrum von <span style=\"font-family: Times New Roman, serif;\"><span style=\"font-size: large;\"><b>\u2663<\/b><\/span><\/span><b>berg<\/b>!<br \/>\nManchmal zog sich vor Ort dann alles hin bis weit in die Nacht hineinging.<br \/>\nAllerdings unter einem ganz anderen, fast unpolitischen Motto, dann hie\u00df es lediglich: <i>High sein, frei sein, Chaos muss dabei sein&#8230; <\/i><br \/>\n<a href=\"http:\/\/12decode.de\/zonenklaus\/wordpress\/wp-content\/uploads\/2010\/09\/IMG_0755-\u00e4.jpg\"><img loading=\"lazy\" decoding=\"async\" class=\"alignleft size-thumbnail wp-image-9293\" title=\"Nicht nur ganz oben braut sich was zusammen\" src=\"http:\/\/12decode.de\/zonenklaus\/wordpress\/wp-content\/uploads\/2010\/09\/IMG_0755-\u00e4-150x112.jpg\" alt=\"\" width=\"150\" height=\"112\" srcset=\"https:\/\/zonenklaus.de\/wordpress\/wp-content\/uploads\/2010\/09\/IMG_0755-\u00e4-150x112.jpg 150w, https:\/\/zonenklaus.de\/wordpress\/wp-content\/uploads\/2010\/09\/IMG_0755-\u00e4-300x225.jpg 300w, https:\/\/zonenklaus.de\/wordpress\/wp-content\/uploads\/2010\/09\/IMG_0755-\u00e4-1024x768.jpg 1024w, https:\/\/zonenklaus.de\/wordpress\/wp-content\/uploads\/2010\/09\/IMG_0755-\u00e4.jpg 1408w\" sizes=\"auto, (max-width: 150px) 100vw, 150px\" \/><\/a><a href=\"http:\/\/12decode.de\/zonenklaus\/wordpress\/wp-content\/uploads\/2010\/09\/IMG_0757-\u00e4.jpg\"><img loading=\"lazy\" decoding=\"async\" class=\"alignleft size-thumbnail wp-image-9294\" title=\"Das hellgr\u00fcne Unternehmen vom F\u00e4hnlein Fieselschwei\" src=\"http:\/\/12decode.de\/zonenklaus\/wordpress\/wp-content\/uploads\/2010\/09\/IMG_0757-\u00e4-150x112.jpg\" alt=\"\" width=\"150\" height=\"112\" srcset=\"https:\/\/zonenklaus.de\/wordpress\/wp-content\/uploads\/2010\/09\/IMG_0757-\u00e4-150x112.jpg 150w, https:\/\/zonenklaus.de\/wordpress\/wp-content\/uploads\/2010\/09\/IMG_0757-\u00e4-300x225.jpg 300w, https:\/\/zonenklaus.de\/wordpress\/wp-content\/uploads\/2010\/09\/IMG_0757-\u00e4-1024x768.jpg 1024w, https:\/\/zonenklaus.de\/wordpress\/wp-content\/uploads\/2010\/09\/IMG_0757-\u00e4.jpg 1408w\" sizes=\"auto, (max-width: 150px) 100vw, 150px\" \/><\/a><a href=\"http:\/\/12decode.de\/zonenklaus\/wordpress\/wp-content\/uploads\/2010\/09\/IMG_0750-\u00e4-\u00e4.jpg\"><img loading=\"lazy\" decoding=\"async\" class=\"alignleft size-thumbnail wp-image-9296\" src=\"http:\/\/12decode.de\/zonenklaus\/wordpress\/wp-content\/uploads\/2010\/09\/IMG_0750-\u00e4-\u00e4-112x150.jpg\" alt=\"\" width=\"112\" height=\"150\" srcset=\"https:\/\/zonenklaus.de\/wordpress\/wp-content\/uploads\/2010\/09\/IMG_0750-\u00e4-\u00e4-112x150.jpg 112w, https:\/\/zonenklaus.de\/wordpress\/wp-content\/uploads\/2010\/09\/IMG_0750-\u00e4-\u00e4-225x300.jpg 225w, https:\/\/zonenklaus.de\/wordpress\/wp-content\/uploads\/2010\/09\/IMG_0750-\u00e4-\u00e4-768x1024.jpg 768w, https:\/\/zonenklaus.de\/wordpress\/wp-content\/uploads\/2010\/09\/IMG_0750-\u00e4-\u00e4.jpg 1056w\" sizes=\"auto, (max-width: 112px) 100vw, 112px\" \/><\/a><a href=\"http:\/\/12decode.de\/zonenklaus\/wordpress\/wp-content\/uploads\/2010\/09\/IMG_0747-\u00e4.jpg\"><img loading=\"lazy\" decoding=\"async\" class=\"alignleft size-thumbnail wp-image-9298\" title=\"Berlin 21 - ohne diese vielen Stahlprofile ringsherum, s\u00e4he dieser Provinzbahnhof (Hauptnahnhof - Lehrter Bahnhof) lediglich wie ein eckiges St\u00fcck Schei\u00dfe aus Glas und Beton aus. \" src=\"http:\/\/12decode.de\/zonenklaus\/wordpress\/wp-content\/uploads\/2010\/09\/IMG_0747-\u00e4-150x112.jpg\" alt=\"\" width=\"150\" height=\"112\" srcset=\"https:\/\/zonenklaus.de\/wordpress\/wp-content\/uploads\/2010\/09\/IMG_0747-\u00e4-150x112.jpg 150w, https:\/\/zonenklaus.de\/wordpress\/wp-content\/uploads\/2010\/09\/IMG_0747-\u00e4-300x225.jpg 300w, https:\/\/zonenklaus.de\/wordpress\/wp-content\/uploads\/2010\/09\/IMG_0747-\u00e4-1024x768.jpg 1024w, https:\/\/zonenklaus.de\/wordpress\/wp-content\/uploads\/2010\/09\/IMG_0747-\u00e4.jpg 1408w\" sizes=\"auto, (max-width: 150px) 100vw, 150px\" \/><\/a><br \/>\nMan konnte auch einfach so dort herumliegen und die Wolken beobachten, noch besser kam es stoned und mit den \u201eFloyds\u201c in den Lauschern und manchmal konnte man dort innerst\u00e4dtisch auch m\u00e4\u00dfig Drachen steigen lassen&#8230;<br \/>\n<strong>&#8211; H<\/strong>eute stillos \u201eaufgeh\u00fcbscht\u201c, wenig frequentiert, pr\u00e4sentiert sich diese Koppel nur noch \u00f6de&#8230;<br \/>\nMir f\u00e4llt noch eine kleine <strong>politische Gr\u00f6\u00dfe<\/strong>, im Zusammenhang mit dieser, aus <em>Renaissance, Barock<\/em> und <em>Klassizismus<\/em> vermanschten <a href=\"https:\/\/berlin.sehenswuerdigkeiten-online.de\/sights\/reichstag_berlin.html\">H\u00fctte<\/a> ein &#8211; <em>Philipp Jenninger<\/em>.<br \/>\nIm <em>Kleingartenverband der CDU<\/em> t\u00e4tig, weigerte er sich standhaft, dass dieser dahergelaufene Bulgare nebst Marokkanischer Gattin seine Laube mit Gewebe bandagierte.<br \/>\n<em>(Christos sp\u00e4teres Happening wurde von mir nie begutachtet)<\/em><a href=\"http:\/\/12decode.de\/zonenklaus\/wordpress\/wp-content\/uploads\/2010\/09\/IMG_0738-\u00e4.jpg\"><img loading=\"lazy\" decoding=\"async\" class=\"alignleft size-thumbnail wp-image-9286\" title=\"Diese potth\u00e4sslichen Betonmonster zeugen von ganz winzigem Sein und jeder Menge Schein, vergleichbar mit den verwertbaren Inhalten von monstr\u00f6sen Sprechblasen der Politikern. \" src=\"http:\/\/12decode.de\/zonenklaus\/wordpress\/wp-content\/uploads\/2010\/09\/IMG_0738-\u00e4-150x112.jpg\" alt=\"\" width=\"150\" height=\"112\" srcset=\"https:\/\/zonenklaus.de\/wordpress\/wp-content\/uploads\/2010\/09\/IMG_0738-\u00e4-150x112.jpg 150w, https:\/\/zonenklaus.de\/wordpress\/wp-content\/uploads\/2010\/09\/IMG_0738-\u00e4-300x225.jpg 300w, https:\/\/zonenklaus.de\/wordpress\/wp-content\/uploads\/2010\/09\/IMG_0738-\u00e4-1024x768.jpg 1024w, https:\/\/zonenklaus.de\/wordpress\/wp-content\/uploads\/2010\/09\/IMG_0738-\u00e4.jpg 1408w\" sizes=\"auto, (max-width: 150px) 100vw, 150px\" \/><\/a><a href=\"http:\/\/12decode.de\/zonenklaus\/wordpress\/wp-content\/uploads\/2010\/09\/IMG_0741-\u00e4.jpg\"><img loading=\"lazy\" decoding=\"async\" class=\"alignleft size-thumbnail wp-image-9287\" title=\"Das Beste an diesen Kl\u00f6tzen sind die Spiegeleien in den Scheiben\" src=\"http:\/\/12decode.de\/zonenklaus\/wordpress\/wp-content\/uploads\/2010\/09\/IMG_0741-\u00e4-150x112.jpg\" alt=\"\" width=\"150\" height=\"112\" srcset=\"https:\/\/zonenklaus.de\/wordpress\/wp-content\/uploads\/2010\/09\/IMG_0741-\u00e4-150x112.jpg 150w, https:\/\/zonenklaus.de\/wordpress\/wp-content\/uploads\/2010\/09\/IMG_0741-\u00e4-300x225.jpg 300w, https:\/\/zonenklaus.de\/wordpress\/wp-content\/uploads\/2010\/09\/IMG_0741-\u00e4-1024x768.jpg 1024w, https:\/\/zonenklaus.de\/wordpress\/wp-content\/uploads\/2010\/09\/IMG_0741-\u00e4.jpg 1408w\" sizes=\"auto, (max-width: 150px) 100vw, 150px\" \/><\/a><a href=\"http:\/\/12decode.de\/zonenklaus\/wordpress\/wp-content\/uploads\/2010\/09\/IMG_0745-\u00e41.jpg\"><img loading=\"lazy\" decoding=\"async\" class=\"alignleft size-thumbnail wp-image-9289\" src=\"http:\/\/12decode.de\/zonenklaus\/wordpress\/wp-content\/uploads\/2010\/09\/IMG_0745-\u00e41-150x112.jpg\" alt=\"\" width=\"150\" height=\"112\" srcset=\"https:\/\/zonenklaus.de\/wordpress\/wp-content\/uploads\/2010\/09\/IMG_0745-\u00e41-150x112.jpg 150w, https:\/\/zonenklaus.de\/wordpress\/wp-content\/uploads\/2010\/09\/IMG_0745-\u00e41-300x225.jpg 300w, https:\/\/zonenklaus.de\/wordpress\/wp-content\/uploads\/2010\/09\/IMG_0745-\u00e41-1024x768.jpg 1024w, https:\/\/zonenklaus.de\/wordpress\/wp-content\/uploads\/2010\/09\/IMG_0745-\u00e41.jpg 1408w\" sizes=\"auto, (max-width: 150px) 100vw, 150px\" \/><\/a><br \/>\n<strong><!--more-->N<\/strong>ach langer Zeit gab es gestern mal wieder kleinb\u00fcrgerliches <a href=\"http:\/\/www.tagesspiegel.de\/politik\/die-zukunft-der-anti-atom-bewegung\/1937680.html;jsessionid=D4A09817B18A4FD893691BE9D6DF2B77\">Halligalli<\/a>, nichts weltbewegendes war eigentlich der ausschlaggebende Grund. Es sei, man setzt die Dummheit der Frau Kanzler in etwas h\u00f6heren Sph\u00e4ren an. Dabei hatte sie sich schon Anfang der 90er ihre Pf\u00f6tchen verbrannt, bei dieser Geschichte in <a href=\"https:\/\/de.wikipedia.org\/wiki\/Sachsen-Anhalt\">S-A<\/a>. Zu jener Zeit lie\u00df ich mich auch noch von<a href=\"https:\/\/www.flickr.com\/photos\/zonenklaus\/46546363614\/in\/album-72157627446173759\/\"><em> Greeenen<\/em> instrumentalisieren&#8230;<\/a><br \/>\nDiese immer noch aktuelle, aber ausgelaugte Bauernf\u00e4ngerei mit der Atomkacke ist f\u00fcr die heutige Zeit zu billig &#8211; k\u00f6nnte aus einem politischen EIN-EURO-SHOP stammen oder aus J\u00fcrgens Resterampe!<br \/>\nNun ist ja von dem, was bei den Chlorophyllmarxisten mal auf den Wimpeln stand, nicht mehr viel \u00fcbriggeblieben. Ideologisch wurde alles wie ausgeknautschter Kaugummi behandelt, aber die schmecken nun mal nicht. Aus dem anf\u00e4nglichen Schmusekurs, als Mehrheitsbeschaffer f\u00fcr Sozis, hat sich l\u00e4ngst handfestes Renegatentum entwickelt.<br \/>\nDie werden es bestimmt gebacken bekommen, irgendwann auch mit den Neonazis gemeinsam Sache zu machen, ist alles nur eine Frage der Zeit. \u00dcben k\u00f6nnen sie dann f\u00fcrs erste beim Ex-CDU-Abgeordnete Ren\u00e9 Stadtkewitz und seinem neuen Verein.<br \/>\nMir gefallen ja diese Lichterketten- und Schweigem\u00e4rsche wesentlich besser, besonders tags\u00fcber.<br \/>\nWarum die Verantwortlichen ausgerechnet diese <a href=\"http:\/\/12decode.de\/zonenklaus\/wordpress\/wp-content\/uploads\/2010\/09\/rt-1.mp3\">Mucke<\/a> ausgesucht hatten, die sonst bei <em>lauwarmen Events im Fuggerkiez<\/em> l\u00e4uft, verstehe ich nicht. Kann mir vorstellen, in Darkrooms gibt diese Musik bestimmt etwas her, wenn alles was baumelt, rhythmisch dann irgendwo gegen klatscht&#8230;<br \/>\nRichtig tolle, folkloristische <a href=\"http:\/\/12decode.de\/zonenklaus\/wordpress\/wp-content\/uploads\/2010\/09\/rt-2.mp3\">Kl\u00e4nge<\/a>, wie in alten Zeiten, fand ich auf dem Platz nirgends.<br \/>\nEine Ausnahme machte dieser <a href=\"http:\/\/www.fahmersimmerl.de\/index.php?action=miniplayer\">junge Typ<\/a>, der mich an den fr\u00fchen Robert Zimmermann erinnerte. Leider wurde er nicht so richtig wahrgenommen, schon gar nicht von gr\u00fcnlichen Protestanten.<br \/>\nEr brachte es auf den Punkt, man muss heute etwas weiter schauen k\u00f6nnen als \u00fcber den eigenen\u00a0 Tellerrand. Auch weiter als \u00fcber den Koben der Macht und wesentlich bedeutsam weiter denken, als ein Schwein schei\u00dft, auch wen es sich hoch oben auf einem Windrad erleichtern w\u00fcrde, mit der Winddrift&#8230;<\/p>\n<p><a href=\"http:\/\/12decode.de\/zonenklaus\/wordpress\/wp-content\/uploads\/2010\/09\/IMG_0760-\u00e4.jpg\"><img loading=\"lazy\" decoding=\"async\" class=\"alignleft size-thumbnail wp-image-9300\" title=\"Die haben Marx verstanden! Weil sie damals bestimmt nicht nur chronisch unterv\u00f6gelt ihre Freizeit bei Kapitalkursen vertr\u00f6delten. Sind jahrelang auf der Pisse von den Gr\u00fcnen Kahn gefahren, sitzen immer noch im gleichen Boot, lassen allerdings jetzt andere rudern. \" src=\"http:\/\/12decode.de\/zonenklaus\/wordpress\/wp-content\/uploads\/2010\/09\/IMG_0760-\u00e4-150x112.jpg\" alt=\"\" width=\"150\" height=\"112\" srcset=\"https:\/\/zonenklaus.de\/wordpress\/wp-content\/uploads\/2010\/09\/IMG_0760-\u00e4-150x112.jpg 150w, https:\/\/zonenklaus.de\/wordpress\/wp-content\/uploads\/2010\/09\/IMG_0760-\u00e4-300x225.jpg 300w, https:\/\/zonenklaus.de\/wordpress\/wp-content\/uploads\/2010\/09\/IMG_0760-\u00e4-1024x768.jpg 1024w, https:\/\/zonenklaus.de\/wordpress\/wp-content\/uploads\/2010\/09\/IMG_0760-\u00e4.jpg 1408w\" sizes=\"auto, (max-width: 150px) 100vw, 150px\" \/><\/a><a href=\"http:\/\/12decode.de\/zonenklaus\/wordpress\/wp-content\/uploads\/2010\/09\/IMG_0765-\u00e4.jpg\"><img loading=\"lazy\" decoding=\"async\" class=\"alignleft size-thumbnail wp-image-9301\" title=\" Was zitierte Sarazzin vom alten Geheimrat? - \u00dcber allen Gipfeln Ist Ruh, In allen Wipfeln Sp\u00fcrest du Kaum einen Hauch; Die V\u00f6gelein schweigen im Walde. Warte nur, balde Ruhest du auch - nach diesem letzten Wein f\u00fcr heute. \" src=\"http:\/\/12decode.de\/zonenklaus\/wordpress\/wp-content\/uploads\/2010\/09\/IMG_0765-\u00e4-150x112.jpg\" alt=\"\" width=\"150\" height=\"112\" srcset=\"https:\/\/zonenklaus.de\/wordpress\/wp-content\/uploads\/2010\/09\/IMG_0765-\u00e4-150x112.jpg 150w, https:\/\/zonenklaus.de\/wordpress\/wp-content\/uploads\/2010\/09\/IMG_0765-\u00e4-300x225.jpg 300w, https:\/\/zonenklaus.de\/wordpress\/wp-content\/uploads\/2010\/09\/IMG_0765-\u00e4-1024x768.jpg 1024w, https:\/\/zonenklaus.de\/wordpress\/wp-content\/uploads\/2010\/09\/IMG_0765-\u00e4.jpg 1408w\" sizes=\"auto, (max-width: 150px) 100vw, 150px\" \/><\/a><a href=\"http:\/\/12decode.de\/zonenklaus\/wordpress\/wp-content\/uploads\/2010\/09\/merkel-gorleben.jpg\"><img loading=\"lazy\" decoding=\"async\" class=\"alignleft size-thumbnail wp-image-9315\" title=\"Aus meinem Archiv, 1996\/97 in der N\u00e4he von Trebel, L\u00fcchow-Dannenberg\" src=\"http:\/\/12decode.de\/zonenklaus\/wordpress\/wp-content\/uploads\/2010\/09\/merkel-gorleben-150x51.jpg\" alt=\"\" width=\"150\" height=\"51\" srcset=\"https:\/\/zonenklaus.de\/wordpress\/wp-content\/uploads\/2010\/09\/merkel-gorleben-150x51.jpg 150w, https:\/\/zonenklaus.de\/wordpress\/wp-content\/uploads\/2010\/09\/merkel-gorleben-300x103.jpg 300w, https:\/\/zonenklaus.de\/wordpress\/wp-content\/uploads\/2010\/09\/merkel-gorleben-1024x351.jpg 1024w\" sizes=\"auto, (max-width: 150px) 100vw, 150px\" \/><\/a><\/p>\n","protected":false},"excerpt":{"rendered":"<p>Gestern verband ich eine l\u00e4ngere Radtour mit peripherem Restklassenkampf, produzierte nebenbei audio-visuellen M\u00fcll. Die Situation vor dem Wallotschen Palaverhaus war nicht so richtig durchschaubar. Eigentlich galt die Wiese davor als No-go-Area, an der westlichen Seiten lagen aber die rot\/wei\u00dfen Begrenzungsz\u00e4une auf dem Rasen. Au\u00dferdem liegt doch dieses Anwesen in der Bannmeile, oder? Ver(w)irrte Sch\u00e4fchen Unter [&hellip;]<\/p>\n","protected":false},"author":6,"featured_media":0,"comment_status":"open","ping_status":"closed","sticky":false,"template":"","format":"standard","meta":{"footnotes":""},"categories":[1,55],"tags":[],"class_list":["post-9269","post","type-post","status-publish","format-standard","hentry","category-allgemeines","category-alltaeglicher-wahnwitz"],"_links":{"self":[{"href":"https:\/\/zonenklaus.de\/wordpress\/index.php?rest_route=\/wp\/v2\/posts\/9269","targetHints":{"allow":["GET"]}}],"collection":[{"href":"https:\/\/zonenklaus.de\/wordpress\/index.php?rest_route=\/wp\/v2\/posts"}],"about":[{"href":"https:\/\/zonenklaus.de\/wordpress\/index.php?rest_route=\/wp\/v2\/types\/post"}],"author":[{"embeddable":true,"href":"https:\/\/zonenklaus.de\/wordpress\/index.php?rest_route=\/wp\/v2\/users\/6"}],"replies":[{"embeddable":true,"href":"https:\/\/zonenklaus.de\/wordpress\/index.php?rest_route=%2Fwp%2Fv2%2Fcomments&post=9269"}],"version-history":[{"count":40,"href":"https:\/\/zonenklaus.de\/wordpress\/index.php?rest_route=\/wp\/v2\/posts\/9269\/revisions"}],"predecessor-version":[{"id":44804,"href":"https:\/\/zonenklaus.de\/wordpress\/index.php?rest_route=\/wp\/v2\/posts\/9269\/revisions\/44804"}],"wp:attachment":[{"href":"https:\/\/zonenklaus.de\/wordpress\/index.php?rest_route=%2Fwp%2Fv2%2Fmedia&parent=9269"}],"wp:term":[{"taxonomy":"category","embeddable":true,"href":"https:\/\/zonenklaus.de\/wordpress\/index.php?rest_route=%2Fwp%2Fv2%2Fcategories&post=9269"},{"taxonomy":"post_tag","embeddable":true,"href":"https:\/\/zonenklaus.de\/wordpress\/index.php?rest_route=%2Fwp%2Fv2%2Ftags&post=9269"}],"curies":[{"name":"wp","href":"https:\/\/api.w.org\/{rel}","templated":true}]}}