{"id":9311,"date":"2010-09-20T22:08:10","date_gmt":"2010-09-20T21:08:10","guid":{"rendered":"http:\/\/12decode.de\/zonenklaus\/wordpress\/?p=9311"},"modified":"2010-09-21T00:35:43","modified_gmt":"2010-09-20T23:35:43","slug":"amokdauerlauf-in-lorrach-explosion-der-gewalt","status":"publish","type":"post","link":"https:\/\/zonenklaus.de\/wordpress\/?p=9311","title":{"rendered":"Amokdauerlauf in L\u00f6rrach: Explosion der Gewalt?!?"},"content":{"rendered":"<p>\u201eR\u00e4tselhafte Tat\u201c<br \/>\n<em>Wieso? <\/em><br \/>\n\u201eSie war Rechtsanw\u00e4ltin, intelligent und erwachsen \u2013 das passt nicht zum Bild de(s)r Amokl\u00e4ufer(s)in.\u201c<br \/>\n<em>Warum?<\/em><br \/>\n\u201eDiese Ruhe. Das ist das, was Ernst Barth am meisten irritiert&#8230;\u201c<br \/>\n<em>Weshalb?<\/em><br \/>\nWie kann man nur so einen bescheuerten Artikel verzapfen?<br \/>\n<strong>&#8211; Z<\/strong>weimal registrierte ich heute Meldungen in der Glotze.<br \/>\nWieso bedienen P\u00fccholochenInnen\u00a0 eigentlich immer den Mainstream, oder besser gefragt, wieso versuchen sie permanent und krampfhaft Fragen zu beantworten, die ein vern\u00fcnftiger Mensch nie stellen w\u00fcrde?<br \/>\nHeute Abend blubberte w\u00e4hrend unseres Doko-Spiels die ganze Zeit das Radio.<br \/>\nJede Nachrichtensendung begann mit\u00a0 L\u00f6rrach.<br \/>\nHalten die RedakteureInnen alle f\u00fcr saubl\u00f6d?<br \/>\nHat es lediglich was mit den Quoten zu tun?<br \/>\nIst es m\u00f6glich, dass man auf Anweisung von ganz oben versucht, f\u00fcr das gemeine Volk Puzzlebr\u00f6sel entsprechen zu drapieren, damit niemand auf die Idee kommt dar\u00fcber nachzudenken, wie Kaputt diese Gesellschaft schon seit vielen Jahren ist&#8230;<br \/>\n<em>Handelt es sich etwa um die emanzipatorische Handlung einer immer schon unterdr\u00fcckten Frau, die sich endlich befreien wollte? <\/em>Wie ich den den \u201eExperten\u201c im ZDF, 23 Uhr 55, in \u201eheute nacht\u201c verstehen sollte, denn auf dem zweiten Lauscher h\u00f6rt man besser&#8230;<br \/>\nWas meine Einsch\u00e4tzung jener Aktion betrifft, hat diese \u201eintelligent und erwachsen\u00a0 Rechtsanw\u00e4ltin\u201c lediglich den Startschuss abgefeuert f\u00fcr eine beginnende Serie, in der Frauen auch auf diesem Gebiet endlich beweisen werden, dass sie sich in der Verwirklichung ihrer krankhaften Selbstdarstellung auf keinen Fall hinter den M\u00e4nnern verstecken m\u00fcssen&#8230;<\/p>\n","protected":false},"excerpt":{"rendered":"<p>\u201eR\u00e4tselhafte Tat\u201c Wieso? \u201eSie war Rechtsanw\u00e4ltin, intelligent und erwachsen \u2013 das passt nicht zum Bild de(s)r Amokl\u00e4ufer(s)in.\u201c Warum? \u201eDiese Ruhe. Das ist das, was Ernst Barth am meisten irritiert&#8230;\u201c Weshalb? Wie kann man nur so einen bescheuerten Artikel verzapfen? &#8211; Zweimal registrierte ich heute Meldungen in der Glotze. Wieso bedienen P\u00fccholochenInnen\u00a0 eigentlich immer den Mainstream, [&hellip;]<\/p>\n","protected":false},"author":6,"featured_media":0,"comment_status":"open","ping_status":"closed","sticky":false,"template":"","format":"standard","meta":{"footnotes":""},"categories":[1],"tags":[],"class_list":["post-9311","post","type-post","status-publish","format-standard","hentry","category-allgemeines"],"_links":{"self":[{"href":"https:\/\/zonenklaus.de\/wordpress\/index.php?rest_route=\/wp\/v2\/posts\/9311","targetHints":{"allow":["GET"]}}],"collection":[{"href":"https:\/\/zonenklaus.de\/wordpress\/index.php?rest_route=\/wp\/v2\/posts"}],"about":[{"href":"https:\/\/zonenklaus.de\/wordpress\/index.php?rest_route=\/wp\/v2\/types\/post"}],"author":[{"embeddable":true,"href":"https:\/\/zonenklaus.de\/wordpress\/index.php?rest_route=\/wp\/v2\/users\/6"}],"replies":[{"embeddable":true,"href":"https:\/\/zonenklaus.de\/wordpress\/index.php?rest_route=%2Fwp%2Fv2%2Fcomments&post=9311"}],"version-history":[{"count":13,"href":"https:\/\/zonenklaus.de\/wordpress\/index.php?rest_route=\/wp\/v2\/posts\/9311\/revisions"}],"predecessor-version":[{"id":9328,"href":"https:\/\/zonenklaus.de\/wordpress\/index.php?rest_route=\/wp\/v2\/posts\/9311\/revisions\/9328"}],"wp:attachment":[{"href":"https:\/\/zonenklaus.de\/wordpress\/index.php?rest_route=%2Fwp%2Fv2%2Fmedia&parent=9311"}],"wp:term":[{"taxonomy":"category","embeddable":true,"href":"https:\/\/zonenklaus.de\/wordpress\/index.php?rest_route=%2Fwp%2Fv2%2Fcategories&post=9311"},{"taxonomy":"post_tag","embeddable":true,"href":"https:\/\/zonenklaus.de\/wordpress\/index.php?rest_route=%2Fwp%2Fv2%2Ftags&post=9311"}],"curies":[{"name":"wp","href":"https:\/\/api.w.org\/{rel}","templated":true}]}}