{"id":9330,"date":"2010-09-21T13:20:51","date_gmt":"2010-09-21T12:20:51","guid":{"rendered":"http:\/\/12decode.de\/zonenklaus\/wordpress\/?p=9330"},"modified":"2025-02-08T00:25:30","modified_gmt":"2025-02-07T23:25:30","slug":"charakter-worauf-es-bei-der-bildung-wirklich-ankommt","status":"publish","type":"post","link":"https:\/\/zonenklaus.de\/wordpress\/?p=9330","title":{"rendered":"&#8220;Charakter &#8211; Worauf es bei der &#8220;Piltunk&#8221; wirklich ankommt&#8221;"},"content":{"rendered":"<p><img decoding=\"async\" src=\"file:\/\/\/C:\/DOKUME%7E1\/ZONENK%7E1\/LOKALE%7E1\/Temp\/moz-screenshot-2.png\" alt=\"\" \/><a href=\"http:\/\/12decode.de\/zonenklaus\/wordpress\/wp-content\/uploads\/2010\/09\/blz_logo.gif\"><img loading=\"lazy\" decoding=\"async\" class=\"alignleft size-thumbnail wp-image-9329\" src=\"http:\/\/12decode.de\/zonenklaus\/wordpress\/wp-content\/uploads\/2010\/09\/blz_logo-150x23.gif\" alt=\"\" width=\"150\" height=\"23\" srcset=\"https:\/\/zonenklaus.de\/wordpress\/wp-content\/uploads\/2010\/09\/blz_logo-150x23.gif 150w, https:\/\/zonenklaus.de\/wordpress\/wp-content\/uploads\/2010\/09\/blz_logo-300x46.gif 300w, https:\/\/zonenklaus.de\/wordpress\/wp-content\/uploads\/2010\/09\/blz_logo.gif 364w\" sizes=\"auto, (max-width: 150px) 100vw, 150px\" \/><\/a><\/p>\n<p>Liebe Leserinnen und Leser,<br \/>\ndie ausgezeichnete TV-Moderatorin Petra Gerster und ihr Ehemann, der Journalist und Autor, Christian N\u00fcrnberger pr\u00e4sentieren<span style=\"text-decoration: line-through;\"> morgen Abend<\/span> ihr Buch &#8220;Charakter &#8211; Worauf es bei der Bildung wirklich ankommt&#8221;. Durch den Abend begleitet Sie Ernst Elitz, ehemaliger Intendant des Deutschlandradio. Sie sind herzlich eingeladen, am Dienstag, 21. September, 19 Uhr, im Veranstaltungssaal des Berliner Verlages, Karl-Liebknechtstr. 29. Der Eintritt ist frei.<\/p>\n<p><strong><a href=\"http:\/\/12decode.de\/zonenklaus\/wordpress\/wp-content\/uploads\/2010\/09\/berliner-z..jpg\"><img loading=\"lazy\" decoding=\"async\" class=\"alignleft size-thumbnail wp-image-9340\" src=\"http:\/\/12decode.de\/zonenklaus\/wordpress\/wp-content\/uploads\/2010\/09\/berliner-z.-150x112.jpg\" alt=\"\" width=\"150\" height=\"112\" srcset=\"https:\/\/zonenklaus.de\/wordpress\/wp-content\/uploads\/2010\/09\/berliner-z.-150x112.jpg 150w, https:\/\/zonenklaus.de\/wordpress\/wp-content\/uploads\/2010\/09\/berliner-z.-300x225.jpg 300w, https:\/\/zonenklaus.de\/wordpress\/wp-content\/uploads\/2010\/09\/berliner-z.-1024x768.jpg 1024w, https:\/\/zonenklaus.de\/wordpress\/wp-content\/uploads\/2010\/09\/berliner-z..jpg 1408w\" sizes=\"auto, (max-width: 150px) 100vw, 150px\" \/><\/a>E<\/strong>igentlich mochte ich noch nie \u00f6ffentliche Lesungen&#8230;<br \/>\nBevor es los ging, quoll affenscharfer Blues aus den Boxen. Leider bekam der Tonknecht seinen Job den ganzen Abend nicht richtig in den Griff, er musste ewig nachregeln.<br \/>\nWas mir vom Autor auf die Senkel ging, sein Beispiel aus der Kickerszene&#8230;<br \/>\n&#8230; und aus welchem Selbstverst\u00e4ndnis heraus, ist es \u00fcberhaupt moralisch zul\u00e4ssig, <em>Ghandi<\/em> und <em>Stauffenberg<\/em> in einem Atemzug zu nennen<strong>?<\/strong><br \/>\n\u00d6fters erlebt man ja dieses Abtauchen in die Antike!<br \/>\nWarum aber immer wieder jene Anleihen bei den mausetoten Hellenen <strong>(<\/strong><em>Es gen\u00fcgt doch eigentlich, wenn sich weltweit katholischen Funktion\u00e4re an gewissen Lebensformen von anno tobac erg\u00f6tzten<\/em><strong>) <\/strong>get\u00e4tigt werden, will mir nie in die Birne, zumal es sich um einen <em>schweinischen Sklavenstaat<\/em> handelte. Ein paar obere Zehntausend lie\u00dfen es sich auf Kosten der Masse recht gut ergehen, eigentlich wie heute.<br \/>\n<strong>(<\/strong><em>Nun soll aber keiner versuchen mir Sozialneid zu unterstellen! Diese Untugend ist ein Erziehungsprodukt und in meiner Kindheit musste ich auf nichts verzichten. Bestimmte Boni aus den Anfangsjahren sind mir immer gut bekommen. Mit Ausnahmen, was den \u00fcbertrieben Kult der Kleidung anging und gewisse Eigenheiten der <\/em>Mutter meiner Schwester<em>, die ihre Weisheiten, was \u201eErziehung\u201c anging, \u0410\u043d\u0442\u043e\u043d \u0421\u0435\u043c\u0451\u043d\u043e\u0432\u0438\u0447 \u041c\u0430\u043a\u0430\u0440\u0435\u043d\u043a\u043e studierte. Schon recht merkw\u00fcrdige Niederschriften, die der Genosse da verzapfte: \u201eDer Weg ins Leben\u201c und \u201eFlaggen auf den T\u00fcrmen\u201c Zog ich als Kind ein, zu einer Zeit, als noch das Damoklesschwert der <\/em>Kadettenschule<em> \u00fcber mir baumelte&#8230;<\/em><strong>)<\/strong><\/p>\n<p><strong>I<\/strong>rgendwann dachte ich, nun verabreicht man vom Podium etwas h\u00e4rtere Kost, Immanuel <em>Cunt<\/em> wurde als Zeuge benannt&#8230;<br \/>\nDas w\u00e4re doch etwas, Ausz\u00fcge aus seiner \u201eKritik der reinen Vernunft\u201c als Pflichtliteratur f\u00fcr <em>unbewaffnete Schwarzk\u00f6ppe<\/em> zur Vorbereitung auf die <em>Bundesgermanische Staatsb\u00fcrgerschaft <\/em><em>anzudienen<\/em>&#8230;<br \/>\nUnd den <em>kategorische Imperativ<\/em>: &#8220;Handle so, als ob die Maxime deiner Handlung durch deinen Willen zum allgemeinen Naturgesetze werden sollte.&#8221; Endlich auch den Poliikern mal einzubl\u00e4uen, bevor sie ihren Amtseid gabeln m\u00fcssen&#8230;<br \/>\nWer bitte sch\u00f6n, soll sich denn noch alles dieses Grundprinzip auf seinen Wimpel kritzeln? Gen\u00fcgt es nicht, wenn Angeh\u00f6rige der selbsternannten <em>demokrat<\/em>ur<em>ischen<\/em> <em>Eliten<\/em> Fahnenflucht begehen, dabei ganz selbstverst\u00e4ndlich neoliberale Betrachtungsweisen f\u00fcr sich als allgemeing\u00fcltig erkl\u00e4ren und noch belohnt werden&#8230;<br \/>\nAuf der anderen Seite, das mit dem Handeln, der Maxime, dem Willen und der Schlussfolgerung zum allgemeinen Naturgesetz, erkl\u00e4re dies mal einem <em>Hartzer der r\u00f6mischen Kategorie IV<\/em>. Jeder k\u00f6nnte es erleben, wenn er aus heiterem Himmel ein zehnfaches Gehalt bek\u00e4me, w\u00e4re ihm augenblicklich dieser Spruch vom <em>Filosofen Cunt<\/em> schei\u00dfegal! Solch ein Pharis\u00e4er, der w\u00fcrde sich heute doch auch herablassen, sogar im <em>Niedriglohnsektor<\/em> der <em>Hypo Real Estate Holding AG<\/em> sofort mit der Maloche zu beginnen und am Jahresende eiskalt die Millionenboni einstreichen&#8230;<br \/>\n<strong>\u00a0 W<\/strong>as bestimmte Lebenseinstellungen betreffen, auch <em>moralische und ethische Betrachtungen angehen<\/em>, sollten\u00a0 neugierige Zeitgenossen und die vielen <strong>*<\/strong>INNERINNEN, erstmal \u00fcber eineinhalbtausend Jahre zur\u00fcck gehen und es bei Marcus Aurel versuchen, denn dessen<a href=\"https:\/\/www.google.de\/books\/edition\/Selbstbetrachtungen\/NkOPyOtzNpIC?hl=de&amp;gbpv=1&amp;pg=PA3&amp;printsec=frontcover\"> Selbstbetrachtungen <\/a>sind n\u00e4mlich wesentlich verst\u00e4ndlicher verzapft<strong>!<br \/>\n<\/strong>Jene Abhandlung aus dem Netz nat\u00fcrlich nicht, da sie in Frakturschrift gedruckt wurden. Bin sicher damit h\u00e4tten nicht nur zweisprachige Analphabeten Probleme&#8230;<strong><br \/>\n<\/strong>Allerdings w\u00fcrde da auch<strong> KI<\/strong> nicht viel helfen k\u00f6nnen, da es sich bei dem Inhalt doch um recht schwer verdauliche Kost handelt!<\/p>\n<p><!--more--><\/p>\n<p><strong>\u00a0 I<\/strong>n welche Richtung sich der <a href=\"http:\/\/12decode.de\/zonenklaus\/wordpress\/wp-content\/uploads\/2010\/09\/petra-ohne-klatschen.mp3\">Inhalt<\/a> des Buches bewegt, kann man erlauschen. <strong>(<\/strong><em>Jedwede ger\u00e4uschvollen Bekundungen durch gewisse Aktivit\u00e4ten mit den Handfl\u00e4chen wurden von mir <\/em>brutalst m\u00f6glich <em>entfernt<strong>!) <\/strong><\/em>Auf der gleichen Ebene entwickelten sich anschlie\u00dfend Meinungen aus dem Publikum, deshalb verkr\u00fcmelte ich mich zu diesem Zeitpunkt&#8230;<br \/>\nNebenbei &#8211; die Finten in Richtung der Publikation Zarrazins fand ich oft deplatziert. Viele im Publikum teilten meine Meinung allerdings nicht, schlie\u00dflich bedienten die Autoren eine ganz bestimmte Klientel.<br \/>\nWas die vorgelesenen Kapitel angehen, schrammte der Inhalt am Thema vorbei. Zumindest nach meinen Vorstellungen. Nun ist mir nicht bekannt aus was f\u00fcr St\u00e4llen beide Autoren stammen, weil ich immer wieder erleben muss, dass bestimmte erzieherischen Vorgaben miteinander erlebt werden m\u00fcssen und f\u00e4ngt mit dem gegenseitigen Respekt an. Meine beiden Anr\u00fchrer haben da auf ganzer Linie versagt, setzen zwei Produkte <strong>(<\/strong><em>Eigentlich habe ich noch eine Schwester?<\/em><strong>)<\/strong> von sinnlos verbrachten Tanzpausen in die Welt und das wars dann auch schon &#8211; aber da gab es noch die g\u00fctigen Gro\u00dfeltern &#8211; Gott Sei Dank!<br \/>\n<strong>\u00a0 N<\/strong>un k\u00f6nnte ich den Einwurf machen, dass jedes gedruckte Dingsda auch \u00fcber mindestens zwei Seiten verf\u00fcgt.<br \/>\nz. B., wenn man &#8220;Deutschland schafft sich ab&#8221; und &#8220;Charakter &#8211; Worauf es bei der Bildung wirklich ankommt&#8221; in einen Sinnzusammenhang br\u00e4chte und die dort verbratenen Erkenntnisse wesentlich n\u00e4her beleuchten w\u00fcrde!<br \/>\nAus der Sicht des Betrachter erschlie\u00dft sich immer nur das gewisse Detail einer Wahrheit, die im Augenblick der Wahrnehmung bereits von seiner Pers\u00f6nlichkeit Besitz ergriffen hat. Was mit zunehmenden Alter schlie\u00dflich in der peinvollen Einsicht endet, dass diese Puzzles aus<em> Not<\/em>wahrheiten, vermischt mit den seltsamen eigenen Erfahrungen, ewig und ganz <em>schei\u00dfliberal<\/em> in der Mitte verstreut herumliegen. Auf diese Teilchen sich promt alle st\u00fcrzen und versuchen daraus <em>eigene Kreationen<\/em> zu gestalten, welche mit den <em>Werken<\/em> anderer <em>E<\/em>ks<em>perten<\/em> dann absolut wieder nicht kompatibel sind. Zu guter Letzt entstehen irgendwelche realit\u00e4tsfernen Fixierbilder. Auf solche Art entstandene Kompromisse werden anschlie\u00dfend von allen Beteiligten auf dem weltpolitischen Basar der Eitelkeiten als Schn\u00e4ppchen-Angebote politisch korrekt verramscht.<br \/>\n<strong>\u00a0 W<\/strong>as soll an Konsens eigentlich dabei herauskommen, wenn sich <em>selbstverliebte Kleingeister<\/em>, welche auch noch, wie kr\u00e4merhafte W\u00fcnschelrutemg\u00e4nger, unbedingt ihr Heil als philistr\u00f6se Probierpolitiker sehen. F\u00fcr die es letztlich auch nicht m\u00f6glich erscheint, bereits untereinander ein Optimum an nachhaltigem Miteinander zu realisieren, geschweige denn f\u00fcr die gesamte Gesellschaft.<br \/>\nDa muss sich auch niemand wundern, liegt doch auf der Hand!<br \/>\nMan schaue sich bspw. nur manche recht obskuren <span style=\"font-size: small;\">Provenienzen an, wo und wie gewisse E<em>ks<\/em>perten heranwuchsen und in deren Folgen sich <\/span><span style=\"font-size: small;\">auf den weiteren Lebenswegen<\/span><span style=\"font-size: small;\"> daraus <\/span> <span style=\"font-size: small;\">zwangsl\u00e4ufig jene <\/span><span style=\"font-size: small;\"> sp\u00e4teren politischen Abwegigkeiten\u00a0<\/span><span style=\"font-size: small;\">entwickelnden<\/span><\/p>\n","protected":false},"excerpt":{"rendered":"<p>Liebe Leserinnen und Leser, die ausgezeichnete TV-Moderatorin Petra Gerster und ihr Ehemann, der Journalist und Autor, Christian N\u00fcrnberger pr\u00e4sentieren morgen Abend ihr Buch &#8220;Charakter &#8211; Worauf es bei der Bildung wirklich ankommt&#8221;. Durch den Abend begleitet Sie Ernst Elitz, ehemaliger Intendant des Deutschlandradio. Sie sind herzlich eingeladen, am Dienstag, 21. September, 19 Uhr, im Veranstaltungssaal [&hellip;]<\/p>\n","protected":false},"author":6,"featured_media":0,"comment_status":"open","ping_status":"closed","sticky":false,"template":"","format":"standard","meta":{"footnotes":""},"categories":[1],"tags":[],"class_list":["post-9330","post","type-post","status-publish","format-standard","hentry","category-allgemeines"],"_links":{"self":[{"href":"https:\/\/zonenklaus.de\/wordpress\/index.php?rest_route=\/wp\/v2\/posts\/9330","targetHints":{"allow":["GET"]}}],"collection":[{"href":"https:\/\/zonenklaus.de\/wordpress\/index.php?rest_route=\/wp\/v2\/posts"}],"about":[{"href":"https:\/\/zonenklaus.de\/wordpress\/index.php?rest_route=\/wp\/v2\/types\/post"}],"author":[{"embeddable":true,"href":"https:\/\/zonenklaus.de\/wordpress\/index.php?rest_route=\/wp\/v2\/users\/6"}],"replies":[{"embeddable":true,"href":"https:\/\/zonenklaus.de\/wordpress\/index.php?rest_route=%2Fwp%2Fv2%2Fcomments&post=9330"}],"version-history":[{"count":37,"href":"https:\/\/zonenklaus.de\/wordpress\/index.php?rest_route=\/wp\/v2\/posts\/9330\/revisions"}],"predecessor-version":[{"id":43364,"href":"https:\/\/zonenklaus.de\/wordpress\/index.php?rest_route=\/wp\/v2\/posts\/9330\/revisions\/43364"}],"wp:attachment":[{"href":"https:\/\/zonenklaus.de\/wordpress\/index.php?rest_route=%2Fwp%2Fv2%2Fmedia&parent=9330"}],"wp:term":[{"taxonomy":"category","embeddable":true,"href":"https:\/\/zonenklaus.de\/wordpress\/index.php?rest_route=%2Fwp%2Fv2%2Fcategories&post=9330"},{"taxonomy":"post_tag","embeddable":true,"href":"https:\/\/zonenklaus.de\/wordpress\/index.php?rest_route=%2Fwp%2Fv2%2Ftags&post=9330"}],"curies":[{"name":"wp","href":"https:\/\/api.w.org\/{rel}","templated":true}]}}