{"id":9347,"date":"2010-09-22T22:07:32","date_gmt":"2010-09-22T21:07:32","guid":{"rendered":"http:\/\/12decode.de\/zonenklaus\/wordpress\/?p=9347"},"modified":"2026-02-18T23:10:35","modified_gmt":"2026-02-18T22:10:35","slug":"morgen-ist-herbstanfang-und-fruher-begann-an-diesem-tag-das-richtige-drachenwetter","status":"publish","type":"post","link":"https:\/\/zonenklaus.de\/wordpress\/?p=9347","title":{"rendered":"Morgen ist Herbstanfang und fr\u00fcher begann an diesem Tag das &#8220;richtige Drachenwetter&#8221;"},"content":{"rendered":"<p><strong>Ehe<\/strong> ich zum Schluss wieder beim Reichstag lande, muss ich sehr weit ausholen.<br \/>\nDiese Begebenheiten beginnen Anfang der 80er im letzten Jahrhundert, in eben der heutigen Jahreszeit. Es nervte mich, dass meine Freundin ewig irgendwelche <em>Karstadtgeier<\/em> anbrachte und diese Teile \u00fcberlebten meistens den Nachmittag auf dem Teufelsberg nicht&#8230;<\/p>\n<p><strong>&#8211; A<\/strong>ls gro\u00dfer Drachenfan schon in Kindheitstagen, September 1957 bastelten wir gemeinsam mit dem Vater meines Freundes Datsch, unseren ersten Drachen aus Pergamentpapier. Alles wurde mit einem Gesicht versehen und das Ding flog auch. Einen Monat sp\u00e4ter baute ich mir das erste Teil selber und wollte in der Perspektive Kosmonaut werden, da ab jenen Tagen der Sputnik oben kreiste&#8230;<br \/>\nSchon ein Jahr sp\u00e4ter n\u00e4hte ich, unter Omas Obhut, die Bespannung f\u00fcr den <a href=\"https:\/\/www.google.com\/search?source=univ&amp;tbm=isch&amp;q=kite+eddy&amp;client=firefox-b-d&amp;sa=X&amp;ved=2ahUKEwixxbP38ZXqAhXNyqQKHXwtA7kQsAR6BAgJEAE&amp;biw=1268&amp;bih=557\">Eddy<\/a> aus Fahnentuch. Jetzt brachen eventuell nur noch die Leisten, der Nachteil von diesem Ding, er ben\u00f6tigte zum Fliegen mindestens 5 Windst\u00e4rken. Bei den folgenden Modellen, immer gr\u00f6\u00dfer werdende Kastendrachen, gab es anders gelagerte Probleme. Alles wuchs nebenbei mit, die F\u00e4hren, mit der auch gr\u00f6\u00dfere Segelflieger und Fallschirme abgeworfen wurden, au\u00dferdem musste immer st\u00e4rkere Schnur organisiert werden. Nebenbei hatte wir schon die Schnauze voll, da mit gepechten Sisal- oder Hanfseil geflogen wurde. Aus Ermangelung vern\u00fcnftiger Handschuhe, hie\u00df es anschlie\u00dfend immer, die Vorderl\u00e4ufe mit <a href=\"https:\/\/de.wikipedia.org\/wiki\/Universalverd%C3%BCnnung\">Nitroverd\u00fcnnung<\/a> oder <a href=\"https:\/\/de.wikipedia.org\/wiki\/Trichlorethen\">Trichlor\u00e4thylen<\/a> zu reinigen.<br \/>\nKurzzeitig benutzten wir in fl\u00fcssigem Wachs impr\u00e4gnierte Schnur, bis Hagen uns eine riesige Garnrolle aus Kunstfasern <em>besorgte<\/em>, 1000 Meter und bestimmt 10 kg schwer. Damit best\u00fcckten sie in der Kolchose einen neuartigen M\u00e4hbinder in der Testphase&#8230;<\/p>\n<p><strong>&#8211; M<\/strong>ittlerweile hatte keine 100 Meter von meiner WG, in Sch\u00f6neberg, der 1. Drachenladen Berlins er\u00f6ffnet. Lernte dort die beiden Eigner kennen, Michael Steltzer und Chris Sandy, skizzierte einen Delta, kaufte die entsprechenden Materialien, nebst einer F\u00e4hre und n\u00e4hte das Teil. Nun wurden noch geschlechtsspezifisch zwei Fallschirme best\u00fcckt, mit Barbiepuppe und Teddyb\u00e4r, meistens ging es dann zum Teufelsberg&#8230;<br \/>\nAuf diesem Bauschutth\u00fcgel traf man auf Leute, die sich keinen Kopf machten, was ihre postpubert\u00e4ren Phasen betrafen. Nebenbei zog ich mit einigen zu den anstehenden Drachenfesten durch Europa&#8230;<br \/>\n<strong>&#8211; A<\/strong>b hier gelange ich an einen Punkt, wo bei den folgenden Schilderungen sicher einige aufst\u00f6hnen werden, schon wegen der partiellen Wahrnehmungen, allerdings liegt es mir auch sehr fern, irgendwelche Legenden zu zerst\u00f6ren&#8230;<br \/>\nJedenfalls entwickelte man so seinen ganz spezifischen Tick, der absolut nichts mehr mit diesem Kinderspielzeug aus vergangenen Zeiten zu tun hatte.<\/p>\n<p>Will zu den Ablichtungen noch etwas ablassen!<br \/>\nAn einer Tischreihe <a href=\"https:\/\/www.flickr.com\/photos\/zonenklaus\/49639079342\/in\/album-72157713354611056\/\">hockten mehrere Funktion\u00e4re<\/a> aus dem Distrikt, hinter ihnen standen <i>ordentlich<\/i> aufgereiht viele Frauen. Ein junger Mann rezitierte und anschlie\u00dfend sangen die Kinder den eben vorgetra\u00adgenen Text, der anschlie\u00dfend \u00fcbersetzt wurde.<br \/>\nDie selbstgef\u00e4lligen Bonzen, ihre <i>stolz-glasigen <\/i>Blicke nebst der \u00fcberlangen Fingern\u00e4gel (teilweise wirr gewachsen 5 bis 10 cm lang) einiger dort sitzender, brachten mich in Rage. Holte in der Situation mein Pustefix hervor. Bei der ersten Ladung gab es fast keine Reaktion bei der Kids, aber dann&#8230;<br \/>\nAusgerechnet dem kleinsten Buben, er war bebrillt und schaute sehr aufgeweckt umher, n\u00e4herte sich eine Blase, kurz vor seinem Gesicht wurde das schwebende Objekt von ihm weg gepustet. Als er nun mit etwas mehr Luft weiter blies zerplatzte das Teil, von dem Moment an grapschten alle nach den Flugobjekten.<br \/>\nDie Erzieherin, entsprechend p\u00e4dago<i>ch<\/i>isch vorbelastet, fing an in h\u00f6chsten T\u00f6nen zu kreischen, wurde aber von einem Funktion\u00e4r sofort beruhigt. Da stand ich dann auf und legte los, pl\u00f6tzlich lachten alle. Anschlie\u00dfend bekam die Tante das kleine Seifenblasenutensil von mir geschenkt, was sie aber trotzdem nicht richtig beruhigte&#8230;<br \/>\n<a href=\"http:\/\/12decode.de\/zonenklaus\/wordpress\/wp-content\/uploads\/2010\/09\/seifenblasen-\u00e4.jpg\"><img loading=\"lazy\" decoding=\"async\" class=\"alignleft size-thumbnail wp-image-9349\" title=\"Schon zur Er\u00f6ffnungszeremonie im Stadion von Weifang brachte ich die kommunistische Ordnung von \u00fcber 30-Tausend Zuschauern vollkommen durcheinander, mit einer F\u00fcllung vom Pustefix. Auf diesem Photo sangen diese G\u00f6ren gerade voller Inbrunst und mit piepsigen Stimmen einen Hit \u00fcber den gro\u00dfen F\u00fchrer. Es dauerte keine 20 Sekunden, da rannten sie den Blasen hinterher...\" src=\"http:\/\/12decode.de\/zonenklaus\/wordpress\/wp-content\/uploads\/2010\/09\/seifenblasen-\u00e4-150x100.jpg\" alt=\"\" width=\"150\" height=\"100\" srcset=\"https:\/\/zonenklaus.de\/wordpress\/wp-content\/uploads\/2010\/09\/seifenblasen-\u00e4-150x100.jpg 150w, https:\/\/zonenklaus.de\/wordpress\/wp-content\/uploads\/2010\/09\/seifenblasen-\u00e4-300x200.jpg 300w, https:\/\/zonenklaus.de\/wordpress\/wp-content\/uploads\/2010\/09\/seifenblasen-\u00e4-1024x683.jpg 1024w, https:\/\/zonenklaus.de\/wordpress\/wp-content\/uploads\/2010\/09\/seifenblasen-\u00e4.jpg 1110w\" sizes=\"auto, (max-width: 150px) 100vw, 150px\" \/><\/a><a href=\"http:\/\/12decode.de\/zonenklaus\/wordpress\/wp-content\/uploads\/2010\/09\/fuck-\u00e4.jpg\"><img loading=\"lazy\" decoding=\"async\" class=\"alignleft wp-image-9352 size-thumbnail\" title=\"Fast alle in unserer Gruppe lie\u00dfen sich irgendwelche Kalligraphen machen. z. B: \u201eLoch im Himmel\u201c, \u201eSchwimmende Wolken\u201c usw. Nur ich hatte Pech, denn kein Dolmetscher konnte die drei Worte auf dem Knopf \u00fcbersetzen. \" src=\"http:\/\/zonenklaus.de\/wordpress\/wp-content\/uploads\/2010\/09\/fuck-\u00e4-150x149.jpg\" alt=\"Meinen Slogen wollte niemand in Rot-China in deren Lettern kalligraphieren \" width=\"150\" height=\"149\" srcset=\"https:\/\/zonenklaus.de\/wordpress\/wp-content\/uploads\/2010\/09\/fuck-\u00e4-150x149.jpg 150w, https:\/\/zonenklaus.de\/wordpress\/wp-content\/uploads\/2010\/09\/fuck-\u00e4.jpg 177w\" sizes=\"auto, (max-width: 150px) 100vw, 150px\" \/><\/a><a href=\"http:\/\/12decode.de\/zonenklaus\/wordpress\/wp-content\/uploads\/2010\/09\/weifang-85-\u00e4.jpg\"><img loading=\"lazy\" decoding=\"async\" class=\"alignleft wp-image-9354 size-thumbnail\" title=\"Parteiabzeichen f\u00fcr alle Kite-Flyers\" src=\"http:\/\/12decode.de\/zonenklaus\/wordpress\/wp-content\/uploads\/2010\/09\/weifang-85-\u00e4-148x150.jpg\" alt=\"Parteiabzeiche f\u00fcr alle Kite-Flyers\" width=\"148\" height=\"150\" srcset=\"https:\/\/zonenklaus.de\/wordpress\/wp-content\/uploads\/2010\/09\/weifang-85-\u00e4-148x150.jpg 148w, https:\/\/zonenklaus.de\/wordpress\/wp-content\/uploads\/2010\/09\/weifang-85-\u00e4-296x300.jpg 296w, https:\/\/zonenklaus.de\/wordpress\/wp-content\/uploads\/2010\/09\/weifang-85-\u00e4.jpg 358w\" sizes=\"auto, (max-width: 148px) 100vw, 148px\" \/><\/a><\/p>\n<p>&nbsp;<\/p>\n<p>&nbsp;<\/p>\n<p>&nbsp;<\/p>\n<p>Auf den Wochenm\u00e4rkten registrierten wir oftmals Schreiber, die ihre Kalligraphie-K\u00fcnste auf hand\u00adgesch\u00f6pftem Papier anpriesen.<br \/>\nUnsere Leute lie\u00dfen sich alle irgendwelche <i>sehr<\/i> <i>sinnigen<\/i> S\u00e4tze kreieren, z. B.: <i>Das unendlich Loch im Himmel <\/i>oder <i>Der reitende Drachen unter den Wolken <\/i>u. \u00e4.<br \/>\n&gt;Mehrfach wollte ich mein Buttonspruch verewigen lassen, aber <i>Fuck the Sky, <\/i>konnte kein Dolmet\u00adscher \u00fcbersetzen!<br \/>\nInteressant waren immer die entsprechende Handlungen mit den Schriftkundigen&#8230;<br \/>\nDaf\u00fcr n\u00e4herte sich der Dolmetscher dem Meister erst, bis er mit einem Blick dazu aufgefordert wurde, sein Begehren vorzutragen. Er nannte den Spruch, worauf der anwesende Sch\u00fcler mit lang\u00adatmigen Gehabe die Frage stellte, welche Gr\u00f6\u00dfe jenes Bildnis haben soll. Entsprechend drapierte der Knabe das Papier vor seinem Meister, der weiterhin mit stoischer Ruhe in sich geht. Nun in vollst\u00e4ndiger Ruhe, l\u00e4sst er sich irgendwann das vorgesehene Malutensil reichen, macht aber noch vorher einige kurze gymnastisch aussehenden Bewegungen mit der Hand, packt dann das Schreib\u00adger\u00e4t mit seiner Faust, die Borsten weisen dabei nach unten, taucht es ganz vorsichtig in die gewoll\u00adte Farbe und beginnt in einer affenartigen Geschwindigkeit die Lettern zu kalligraphieren. Sein Ge\u00adhilfe nimmt anschlie\u00dfend den Pinsel an sich und beginnt ihn sofort ganz vorsichtig zu reinigen.<br \/>\nDer <i>Schefff<\/i> streut aus einem \u00fcberdimensionierten Salzstreuer sehr feinen Staub auf die noch feuchte Schrift und geht dann wieder ein Weilchen in sich&#8230;<br \/>\nAbschlie\u00dfend nimmt der Knecht das Papier, sch\u00fcttelte es vorsichtig aus und pustet die verbliebenen Br\u00f6sel hinweg.<br \/>\nDann erfolgt noch das Zusammenrolle des Werkes, die kunstvollen Verpackung, nebst einer facet\u00adtenreichen Verabschiedung.<br \/>\nAlles verbunden mit endlosen Segensw\u00fcnschen und der unauff\u00e4lligen \u00dcbergabe des ausgehandelte Lohnes&#8230;<\/p>\n<p align=\"LEFT\"><strong>&#8211; <\/strong> Rasend schnell entwickelte sich in jenen Jahren eine Freizeitindustrie, wo viele begannen, Statussymbole an die Wolken zu nageln. Hightech war irgendwann angesagt, Flugobjekte aus ultaraleichten und hochfesten Materialien zerschnitten auf einmal lautstark die L\u00fcfte.<br \/>\nWas zu Auswirkungen auf allen Drachenfesten f\u00fchrte. Nur noch Teilnehmer der entsprechenden Klubs wurden aus <em>versicherungstechnischen Erw\u00e4gungen<\/em> in die <em>abgesperrten Areale<\/em> vorgelassen. Klar, wem so eine NASA-gestylte M\u00fcllt\u00fcte aus CarbonFiber und Ripstop-Nylon mit 150 Sachen an die Glocke knallte, musste sich unter Umst\u00e4nden keinen Kopf mehr um sein weiteres Leben machen&#8230;<br \/>\nDie Nachfrage zwecks Werbung anl\u00e4sslich eines Drachenfestes auf der <a href=\"https:\/\/www.bundesgartenschau.de\/buga-iga\/bisherige-gartenschauen\/buga-berlin-1985.html\">Buga, 1985<\/a>, lie\u00df mich schwach werden &#8211;<em> Pecunia non olet<\/em> &#8211; sollte allerdings die daf\u00fcr vorgesehene Knete erst nach Lieferung von 12 Dias nebst entsprechenden Text erhalten, f\u00fcr ein <a href=\"https:\/\/de.wikipedia.org\/wiki\/Knax\">KNAX-Heft<\/a>.<br \/>\nAls die Zusage kam, dass ich in einer kleinen Bude s\u00e4mtlich Steckverbinder fr\u00e4sen und drehen konnte, lief alles an. Besorgte mir daraufhin das entsprechende Material und legte los. Letztendlich beliefen sich die Kosten auf rund 500 DM + 30 Arbeitsstunden, 800 Eier waren es dem entsprechenden Werbemenschen wert, die Kohle wurde einer <em>Kaffeekasse<\/em> entnommen&#8230;<br \/>\nUnd der Sozialneid bl\u00fchte an jenem sch\u00f6nen Tag, zumal es nicht besonders windete, aber meine M\u00fcllt\u00fcte schon bei einer halben Windst\u00e4rke wie ein Sektkorken abging.<br \/>\nEigentlich war mir nie nach einem Drachen dieser Preislage. Das Angebot aus der <em>Spardose<\/em> entpuppte sich als Geschenk des Himmels. Denn f\u00fcr mein sp\u00e4teres Vorhaben ben\u00f6tigte ich dieses gro\u00dfe Format und orientierte mich deshalb an einer Thaischlange.<\/p>\n<p><a href=\"http:\/\/12decode.de\/zonenklaus\/wordpress\/wp-content\/uploads\/2010\/09\/ede.jpg\"><img loading=\"lazy\" decoding=\"async\" class=\"alignleft size-thumbnail wp-image-9357\" title=\"Ich der Hermes! Mit Fl\u00fcgel aus Material der BASF, abgepupfert von der United Fruit Company. Eingeborene aus \u201eNeuf\u00fcnfland\u201c sind auch nach 20 Jahren oft noch sauer. Warum eigentlich? \" src=\"http:\/\/12decode.de\/zonenklaus\/wordpress\/wp-content\/uploads\/2010\/09\/ede-90x150.jpg\" alt=\"\" width=\"90\" height=\"150\" srcset=\"https:\/\/zonenklaus.de\/wordpress\/wp-content\/uploads\/2010\/09\/ede-90x150.jpg 90w, https:\/\/zonenklaus.de\/wordpress\/wp-content\/uploads\/2010\/09\/ede-181x300.jpg 181w, https:\/\/zonenklaus.de\/wordpress\/wp-content\/uploads\/2010\/09\/ede.jpg 322w\" sizes=\"auto, (max-width: 90px) 100vw, 90px\" \/><\/a><a href=\"http:\/\/12decode.de\/zonenklaus\/wordpress\/wp-content\/uploads\/2010\/09\/Drache-lbs-\u00e4.jpg\"><img loading=\"lazy\" decoding=\"async\" class=\"alignleft wp-image-9358 size-thumbnail\" title=\"Als geldgieriger Lakai des Kapitals pappte ich diese drei Buchstaben auf 10 Quadratmeter Nylon und bekam anschlie\u00dfend 8oo Tacken aus der Kaffeekasse jener Firma.\" src=\"http:\/\/zonenklaus.de\/wordpress\/wp-content\/uploads\/2010\/09\/Drache-lbs-\u00e4-100x150.jpg\" alt=\"\" width=\"100\" height=\"150\" srcset=\"https:\/\/zonenklaus.de\/wordpress\/wp-content\/uploads\/2010\/09\/Drache-lbs-\u00e4-100x150.jpg 100w, https:\/\/zonenklaus.de\/wordpress\/wp-content\/uploads\/2010\/09\/Drache-lbs-\u00e4-200x300.jpg 200w, https:\/\/zonenklaus.de\/wordpress\/wp-content\/uploads\/2010\/09\/Drache-lbs-\u00e4.jpg 510w\" sizes=\"auto, (max-width: 100px) 100vw, 100px\" \/><\/a><a href=\"http:\/\/12decode.de\/zonenklaus\/wordpress\/wp-content\/uploads\/2010\/09\/grosz-\u00e4.jpg\"><img loading=\"lazy\" decoding=\"async\" class=\"alignleft size-thumbnail wp-image-9359\" title=\"Georg Grosz - Apokalyptischer Reiter\" src=\"http:\/\/12decode.de\/zonenklaus\/wordpress\/wp-content\/uploads\/2010\/09\/grosz-\u00e4-103x150.jpg\" alt=\"\" width=\"103\" height=\"150\" srcset=\"https:\/\/zonenklaus.de\/wordpress\/wp-content\/uploads\/2010\/09\/grosz-\u00e4-103x150.jpg 103w, https:\/\/zonenklaus.de\/wordpress\/wp-content\/uploads\/2010\/09\/grosz-\u00e4-207x300.jpg 207w, https:\/\/zonenklaus.de\/wordpress\/wp-content\/uploads\/2010\/09\/grosz-\u00e4.jpg 560w\" sizes=\"auto, (max-width: 103px) 100vw, 103px\" \/><\/a><a href=\"http:\/\/12decode.de\/zonenklaus\/wordpress\/wp-content\/uploads\/2010\/09\/drache-grosz-\u00e4.jpg\"><img loading=\"lazy\" decoding=\"async\" class=\"alignleft size-thumbnail wp-image-9360\" title=\"Auf dem Teufelsberg\" src=\"http:\/\/12decode.de\/zonenklaus\/wordpress\/wp-content\/uploads\/2010\/09\/drache-grosz-\u00e4-150x97.jpg\" alt=\"\" width=\"150\" height=\"97\" srcset=\"https:\/\/zonenklaus.de\/wordpress\/wp-content\/uploads\/2010\/09\/drache-grosz-\u00e4-150x97.jpg 150w, https:\/\/zonenklaus.de\/wordpress\/wp-content\/uploads\/2010\/09\/drache-grosz-\u00e4-300x194.jpg 300w, https:\/\/zonenklaus.de\/wordpress\/wp-content\/uploads\/2010\/09\/drache-grosz-\u00e4.jpg 761w\" sizes=\"auto, (max-width: 150px) 100vw, 150px\" \/><\/a><a href=\"http:\/\/12decode.de\/zonenklaus\/wordpress\/wp-content\/uploads\/2010\/09\/drache2grosz-\u00e4.jpg\"><img loading=\"lazy\" decoding=\"async\" class=\"alignleft size-thumbnail wp-image-9361\" title=\"Vor dem Reichspalaverhaus. Einen Tag sp\u00e4ter prangte ein Bild von mir im \u201eTagesspitzel\u201c mit leichter \u00dcbertreibung von einem drachenbegeisterten Photographen (Ich glaube es war Mike Minehan). \u201eBerliner bemalt seine Drachen mit Motiven von Georg Grosz\u201c \" src=\"http:\/\/12decode.de\/zonenklaus\/wordpress\/wp-content\/uploads\/2010\/09\/drache2grosz-\u00e4-150x100.jpg\" alt=\"\" width=\"150\" height=\"100\" srcset=\"https:\/\/zonenklaus.de\/wordpress\/wp-content\/uploads\/2010\/09\/drache2grosz-\u00e4-150x100.jpg 150w, https:\/\/zonenklaus.de\/wordpress\/wp-content\/uploads\/2010\/09\/drache2grosz-\u00e4-300x200.jpg 300w, https:\/\/zonenklaus.de\/wordpress\/wp-content\/uploads\/2010\/09\/drache2grosz-\u00e4.jpg 743w\" sizes=\"auto, (max-width: 150px) 100vw, 150px\" \/><\/a><\/p>\n<p>&nbsp;<\/p>\n<p>&nbsp;<\/p>\n<p>&nbsp;<\/p>\n<p>&nbsp;<\/p>\n<p><a href=\"https:\/\/zonenklaus.de\/wordpress\/wp-content\/uploads\/2010\/09\/1-rethel-oeoeoeoe-scaled.jpg\"><img loading=\"lazy\" decoding=\"async\" class=\"size-medium wp-image-44873 alignleft\" src=\"https:\/\/zonenklaus.de\/wordpress\/wp-content\/uploads\/2010\/09\/1-rethel-oeoeoeoe-207x300.jpg\" alt=\"\" width=\"207\" height=\"300\" srcset=\"https:\/\/zonenklaus.de\/wordpress\/wp-content\/uploads\/2010\/09\/1-rethel-oeoeoeoe-207x300.jpg 207w, https:\/\/zonenklaus.de\/wordpress\/wp-content\/uploads\/2010\/09\/1-rethel-oeoeoeoe-708x1024.jpg 708w, https:\/\/zonenklaus.de\/wordpress\/wp-content\/uploads\/2010\/09\/1-rethel-oeoeoeoe-104x150.jpg 104w, https:\/\/zonenklaus.de\/wordpress\/wp-content\/uploads\/2010\/09\/1-rethel-oeoeoeoe-768x1112.jpg 768w, https:\/\/zonenklaus.de\/wordpress\/wp-content\/uploads\/2010\/09\/1-rethel-oeoeoeoe-1061x1536.jpg 1061w, https:\/\/zonenklaus.de\/wordpress\/wp-content\/uploads\/2010\/09\/1-rethel-oeoeoeoe-1415x2048.jpg 1415w, https:\/\/zonenklaus.de\/wordpress\/wp-content\/uploads\/2010\/09\/1-rethel-oeoeoeoe-624x903.jpg 624w, https:\/\/zonenklaus.de\/wordpress\/wp-content\/uploads\/2010\/09\/1-rethel-oeoeoeoe-scaled.jpg 1769w\" sizes=\"auto, (max-width: 207px) 100vw, 207px\" \/><\/a><\/p>\n<p>&nbsp;<\/p>\n<p>Als Motiv verfremdete ich farbig und seitenverkehrt den Apokalyptischen Reiter von <a href=\"https:\/\/de.wikipedia.org\/wiki\/George_Grosz\">George Grosz<\/a>, denn frische Luft ist etwas mehr, als nur ein Medium zum Kiteflying.<br \/>\nJenes Motiv von dem musizierenden Tod habe ich von <span lang=\"de-DE\"><a href=\"https:\/\/de.wikipedia.org\/wiki\/Alfred_Rethel\">Alfred Rethel<\/a> geklaut und neuzeitlich modifiziert!<\/span><br \/>\n<a href=\"https:\/\/www.model-kartei.de\/portfolios\/photographer\/9621\/mike-minehan\/\">Mike Minehan<\/a> erwischte mich irgendwann mal vor dem Reichstag, photographierte meine Schlange und brachte das Bild sogar im <a href=\"https:\/\/www.tagesspiegel.de\/\">TAGESSPITZEL<\/a> unter. Sein Kommentar war allerdings leicht \u00fcbertrieben, er lautete ungef\u00e4hr so:<i> Ein Berliner Drachenfreund baut riesige Kites und bemalt sie mit Motiven von <\/i><em><i>George Grosz<\/i><\/em><strong>!<\/strong><i> <\/i><br \/>\n<strong>&#8211; 1<\/strong>987 dr\u00e4ute am Horizont, die Kleingeister von beiden Berliner Halbst\u00e4dten versuchten sich zu \u00fcberbieten, was die 750-Jahrfeiern angingen und Mike wollte das gr\u00f6\u00dfte Drachenfest Berlins zelebrieren, auf dem Gel\u00e4nde des Teufelsberges &#8211; aber die Auflagen!<br \/>\nUnd wo er sich mal drin verkeilte, da lie\u00df er nicht mehr los.<br \/>\nAls musste erstens ein Verein her! Daf\u00fcr wurde sich im Fr\u00fchjahr &#8217;86 in einer \u00c4tzkneipe getroffen, dem \u201ePhillis\u201c in der Pohlstrasse. Als \u201e<a href=\"https:\/\/de.wikipedia.org\/wiki\/Kumpelnest_3000\">Kumpelnest<\/a>-G\u00e4nger&#8221; mochte man solche Yuppi-L\u00f6cher nat\u00fcrlich nicht, deshalb kam ich schon leicht abgenervt dort an.<br \/>\nWas die Namensvorschl\u00e4ge betrafen, ebenso deren Interpretationen angingen, entsprach die Situation einem antiautorit\u00e4ren Kinderladen mit beknackten Gutmensch-G\u00f6ren.<br \/>\n<strong>(<\/strong><em>Zu eben dieser Zeit lief im S\u00fcdwesten der Republik ein Prozess, weil ein Marktflecken seinen Sportverein <strong>Motor<\/strong> oder <strong>Dynamo<\/strong> nennen wollte, dies musste unbedingt verboten werden.<\/em><strong>)<\/strong><br \/>\nDeshalb mein Vorschlag, den zu gr\u00fcndenden Verein <a href=\"https:\/\/de.wikipedia.org\/wiki\/Aeroflot\"><strong>AERO(<\/strong><em>mit Bindestrich<\/em><strong>)FLOT<\/strong> <\/a>zu taufen.<br \/>\nSo als Gegenst\u00fcck zum Musterl\u00e4ndle, denn die Presse w\u00fcrde nebenher m\u00e4chtig Werbung f\u00fcr Mikes Drachenladen veranstalten.<br \/>\nVon Bernhard kam noch: <strong>FLOTT<\/strong>, mit doppelten <strong>T<\/strong>, alles schien gelaufen.<br \/>\nSp\u00e4ter nahm keine Sau Notiz von dieser Namensgebung, so unspektakul\u00e4r verlief es damals in Berlin&#8230;<br \/>\n<a href=\"https:\/\/www.flickr.com\/photos\/zonenklaus\/albums\/72157713354611056\/with\/50732126313\/\">Drachen usw.<\/a><br \/>\nWeiter geht es hier: \u00a0<a href=\"https:\/\/zonenklaus.de\/wordpress\/?p=9386\">XXIII. IX. MMX \u2013 HERBSTANFANG<\/a><\/p>\n","protected":false},"excerpt":{"rendered":"<p>Ehe ich zum Schluss wieder beim Reichstag lande, muss ich sehr weit ausholen. Diese Begebenheiten beginnen Anfang der 80er im letzten Jahrhundert, in eben der heutigen Jahreszeit. Es nervte mich, dass meine Freundin ewig irgendwelche Karstadtgeier anbrachte und diese Teile \u00fcberlebten meistens den Nachmittag auf dem Teufelsberg nicht&#8230; &#8211; Als gro\u00dfer Drachenfan schon in Kindheitstagen, [&hellip;]<\/p>\n","protected":false},"author":6,"featured_media":0,"comment_status":"open","ping_status":"closed","sticky":false,"template":"","format":"standard","meta":{"footnotes":""},"categories":[1,55],"tags":[],"class_list":["post-9347","post","type-post","status-publish","format-standard","hentry","category-allgemeines","category-alltaeglicher-wahnwitz"],"_links":{"self":[{"href":"https:\/\/zonenklaus.de\/wordpress\/index.php?rest_route=\/wp\/v2\/posts\/9347","targetHints":{"allow":["GET"]}}],"collection":[{"href":"https:\/\/zonenklaus.de\/wordpress\/index.php?rest_route=\/wp\/v2\/posts"}],"about":[{"href":"https:\/\/zonenklaus.de\/wordpress\/index.php?rest_route=\/wp\/v2\/types\/post"}],"author":[{"embeddable":true,"href":"https:\/\/zonenklaus.de\/wordpress\/index.php?rest_route=\/wp\/v2\/users\/6"}],"replies":[{"embeddable":true,"href":"https:\/\/zonenklaus.de\/wordpress\/index.php?rest_route=%2Fwp%2Fv2%2Fcomments&post=9347"}],"version-history":[{"count":58,"href":"https:\/\/zonenklaus.de\/wordpress\/index.php?rest_route=\/wp\/v2\/posts\/9347\/revisions"}],"predecessor-version":[{"id":28493,"href":"https:\/\/zonenklaus.de\/wordpress\/index.php?rest_route=\/wp\/v2\/posts\/9347\/revisions\/28493"}],"wp:attachment":[{"href":"https:\/\/zonenklaus.de\/wordpress\/index.php?rest_route=%2Fwp%2Fv2%2Fmedia&parent=9347"}],"wp:term":[{"taxonomy":"category","embeddable":true,"href":"https:\/\/zonenklaus.de\/wordpress\/index.php?rest_route=%2Fwp%2Fv2%2Fcategories&post=9347"},{"taxonomy":"post_tag","embeddable":true,"href":"https:\/\/zonenklaus.de\/wordpress\/index.php?rest_route=%2Fwp%2Fv2%2Ftags&post=9347"}],"curies":[{"name":"wp","href":"https:\/\/api.w.org\/{rel}","templated":true}]}}