{"id":9620,"date":"2010-10-12T22:03:45","date_gmt":"2010-10-12T21:03:45","guid":{"rendered":"http:\/\/12decode.de\/zonenklaus\/wordpress\/?p=9620"},"modified":"2023-04-01T10:18:49","modified_gmt":"2023-04-01T09:18:49","slug":"im-herbst-kann-man-drachen-kites-einkochen","status":"publish","type":"post","link":"https:\/\/zonenklaus.de\/wordpress\/?p=9620","title":{"rendered":"Herbst in den vielen gro\u00dfen Berliner G\u00e4rten"},"content":{"rendered":"<p>Letzten Samstag schaute ich nebenbei in den \u201e<a href=\"http:\/\/www.gruen-berlin.de\/parks-gaerten\/gaerten-der-welt\/\">G\u00e4rten der Welt<\/a>\u201c nach Quitten, Mispeln und Schlehen, die beiden letztgenannten ben\u00f6tigen f\u00fcr die Reife bekanntlich Frost&#8230;<br \/>\nAber nothing.<br \/>\nAuf dem R\u00fcckweg durch den \u201eM\u00e4rchengarten\u201c traf ich auf zwei Gestalten mit Migrationshintergrund &#8211; nicht \u201e<a href=\"http:\/\/www.pinocchio.it\/ted\/\">Pinocchio<\/a>\u201c, wie es den Anschein macht, sondern Morgenl\u00e4nder, der kleinere ist \u201e<a href=\"http:\/\/de.wikipedia.org\/wiki\/Die_Geschichte_vom_kleinen_Muck\">Muck<\/a>\u201c. Vor langer Zeit erschuf ein <a href=\"http:\/\/gutenberg.spiegel.de\/index.php?id=19&amp;autorid=246&amp;autor_vorname=+Wilhelm&amp;autor_nachname=Hauff&amp;cHash=b31bbae2c6\">Schwabe<\/a> diese Gestalten, in einer Folge von sehr witzigen M\u00e4rchen&#8230;<\/p>\n<p><a href=\"http:\/\/12decode.de\/zonenklaus\/wordpress\/wp-content\/uploads\/2010\/10\/IMG_0929-muck.jpg\"><img loading=\"lazy\" decoding=\"async\" class=\"alignnone size-thumbnail wp-image-9621\" src=\"http:\/\/12decode.de\/zonenklaus\/wordpress\/wp-content\/uploads\/2010\/10\/IMG_0929-muck-112x150.jpg\" alt=\"\" width=\"112\" height=\"150\" srcset=\"https:\/\/zonenklaus.de\/wordpress\/wp-content\/uploads\/2010\/10\/IMG_0929-muck-112x150.jpg 112w, https:\/\/zonenklaus.de\/wordpress\/wp-content\/uploads\/2010\/10\/IMG_0929-muck-225x300.jpg 225w, https:\/\/zonenklaus.de\/wordpress\/wp-content\/uploads\/2010\/10\/IMG_0929-muck-768x1024.jpg 768w, https:\/\/zonenklaus.de\/wordpress\/wp-content\/uploads\/2010\/10\/IMG_0929-muck.jpg 1056w\" sizes=\"auto, (max-width: 112px) 100vw, 112px\" \/><\/a><a href=\"http:\/\/12decode.de\/zonenklaus\/wordpress\/wp-content\/uploads\/2010\/10\/IMG_0961-\u00e4.jpg\"><img loading=\"lazy\" decoding=\"async\" class=\"alignnone size-thumbnail wp-image-9622\" title=\"In einschl\u00e4gigen Gesch\u00e4ften als &quot;Dornm\u00f6schen&quot; zu beziehen\" src=\"http:\/\/12decode.de\/zonenklaus\/wordpress\/wp-content\/uploads\/2010\/10\/IMG_0961-\u00e4-112x150.jpg\" alt=\"\" width=\"112\" height=\"150\" srcset=\"https:\/\/zonenklaus.de\/wordpress\/wp-content\/uploads\/2010\/10\/IMG_0961-\u00e4-112x150.jpg 112w, https:\/\/zonenklaus.de\/wordpress\/wp-content\/uploads\/2010\/10\/IMG_0961-\u00e4-225x300.jpg 225w, https:\/\/zonenklaus.de\/wordpress\/wp-content\/uploads\/2010\/10\/IMG_0961-\u00e4-768x1024.jpg 768w, https:\/\/zonenklaus.de\/wordpress\/wp-content\/uploads\/2010\/10\/IMG_0961-\u00e4.jpg 1056w\" sizes=\"auto, (max-width: 112px) 100vw, 112px\" \/><\/a><a href=\"http:\/\/12decode.de\/zonenklaus\/wordpress\/wp-content\/uploads\/2010\/10\/IMG_0964-\u00e4.jpg\"><img loading=\"lazy\" decoding=\"async\" class=\"alignnone size-thumbnail wp-image-9623\" title=\"Ob von diesem M\u00e4rchen eine Porno-Version existiert, ist mir unbekannt\" src=\"http:\/\/12decode.de\/zonenklaus\/wordpress\/wp-content\/uploads\/2010\/10\/IMG_0964-\u00e4-112x150.jpg\" alt=\"\" width=\"112\" height=\"150\" srcset=\"https:\/\/zonenklaus.de\/wordpress\/wp-content\/uploads\/2010\/10\/IMG_0964-\u00e4-112x150.jpg 112w, https:\/\/zonenklaus.de\/wordpress\/wp-content\/uploads\/2010\/10\/IMG_0964-\u00e4-225x300.jpg 225w, https:\/\/zonenklaus.de\/wordpress\/wp-content\/uploads\/2010\/10\/IMG_0964-\u00e4-768x1024.jpg 768w, https:\/\/zonenklaus.de\/wordpress\/wp-content\/uploads\/2010\/10\/IMG_0964-\u00e4.jpg 1056w\" sizes=\"auto, (max-width: 112px) 100vw, 112px\" \/><\/a><a href=\"http:\/\/12decode.de\/zonenklaus\/wordpress\/wp-content\/uploads\/2010\/10\/IMG_0972-\u00e4.jpg\"><img loading=\"lazy\" decoding=\"async\" class=\"alignnone size-thumbnail wp-image-9624\" title=\"Die ferkelige Ausf\u00fchrung nennt sich hier: Schneeflittchen und die siechen Zwerge\" src=\"http:\/\/12decode.de\/zonenklaus\/wordpress\/wp-content\/uploads\/2010\/10\/IMG_0972-\u00e4-112x150.jpg\" alt=\"\" width=\"112\" height=\"150\" srcset=\"https:\/\/zonenklaus.de\/wordpress\/wp-content\/uploads\/2010\/10\/IMG_0972-\u00e4-112x150.jpg 112w, https:\/\/zonenklaus.de\/wordpress\/wp-content\/uploads\/2010\/10\/IMG_0972-\u00e4-225x300.jpg 225w, https:\/\/zonenklaus.de\/wordpress\/wp-content\/uploads\/2010\/10\/IMG_0972-\u00e4-768x1024.jpg 768w, https:\/\/zonenklaus.de\/wordpress\/wp-content\/uploads\/2010\/10\/IMG_0972-\u00e4.jpg 1056w\" sizes=\"auto, (max-width: 112px) 100vw, 112px\" \/><\/a><a href=\"http:\/\/12decode.de\/zonenklaus\/wordpress\/wp-content\/uploads\/2010\/10\/IMG_0965-\u00e4.jpg\"><img loading=\"lazy\" decoding=\"async\" class=\"alignnone size-thumbnail wp-image-9627\" src=\"http:\/\/12decode.de\/zonenklaus\/wordpress\/wp-content\/uploads\/2010\/10\/IMG_0965-\u00e4-150x112.jpg\" alt=\"\" width=\"150\" height=\"112\" srcset=\"https:\/\/zonenklaus.de\/wordpress\/wp-content\/uploads\/2010\/10\/IMG_0965-\u00e4-150x112.jpg 150w, https:\/\/zonenklaus.de\/wordpress\/wp-content\/uploads\/2010\/10\/IMG_0965-\u00e4-300x225.jpg 300w, https:\/\/zonenklaus.de\/wordpress\/wp-content\/uploads\/2010\/10\/IMG_0965-\u00e4-1024x768.jpg 1024w, https:\/\/zonenklaus.de\/wordpress\/wp-content\/uploads\/2010\/10\/IMG_0965-\u00e4.jpg 1408w\" sizes=\"auto, (max-width: 150px) 100vw, 150px\" \/><\/a><a href=\"http:\/\/12decode.de\/zonenklaus\/wordpress\/wp-content\/uploads\/2010\/10\/IMG_0977-\u00e4.jpg\"><img loading=\"lazy\" decoding=\"async\" class=\"alignnone size-thumbnail wp-image-9628\" src=\"http:\/\/12decode.de\/zonenklaus\/wordpress\/wp-content\/uploads\/2010\/10\/IMG_0977-\u00e4-112x150.jpg\" alt=\"\" width=\"112\" height=\"150\" srcset=\"https:\/\/zonenklaus.de\/wordpress\/wp-content\/uploads\/2010\/10\/IMG_0977-\u00e4-112x150.jpg 112w, https:\/\/zonenklaus.de\/wordpress\/wp-content\/uploads\/2010\/10\/IMG_0977-\u00e4-225x300.jpg 225w, https:\/\/zonenklaus.de\/wordpress\/wp-content\/uploads\/2010\/10\/IMG_0977-\u00e4-768x1024.jpg 768w, https:\/\/zonenklaus.de\/wordpress\/wp-content\/uploads\/2010\/10\/IMG_0977-\u00e4.jpg 1056w\" sizes=\"auto, (max-width: 112px) 100vw, 112px\" \/><\/a><a href=\"http:\/\/12decode.de\/zonenklaus\/wordpress\/wp-content\/uploads\/2010\/10\/IMG_0979-\u00e4.jpg\"><img loading=\"lazy\" decoding=\"async\" class=\"alignnone size-thumbnail wp-image-9629\" src=\"http:\/\/12decode.de\/zonenklaus\/wordpress\/wp-content\/uploads\/2010\/10\/IMG_0979-\u00e4-112x150.jpg\" alt=\"\" width=\"112\" height=\"150\" srcset=\"https:\/\/zonenklaus.de\/wordpress\/wp-content\/uploads\/2010\/10\/IMG_0979-\u00e4-112x150.jpg 112w, https:\/\/zonenklaus.de\/wordpress\/wp-content\/uploads\/2010\/10\/IMG_0979-\u00e4-225x300.jpg 225w, https:\/\/zonenklaus.de\/wordpress\/wp-content\/uploads\/2010\/10\/IMG_0979-\u00e4-768x1024.jpg 768w, https:\/\/zonenklaus.de\/wordpress\/wp-content\/uploads\/2010\/10\/IMG_0979-\u00e4.jpg 1056w\" sizes=\"auto, (max-width: 112px) 100vw, 112px\" \/><\/a><a href=\"http:\/\/12decode.de\/zonenklaus\/wordpress\/wp-content\/uploads\/2010\/10\/IMG_0978-\u00e4.jpg\"><img loading=\"lazy\" decoding=\"async\" class=\"alignnone size-thumbnail wp-image-9630\" src=\"http:\/\/12decode.de\/zonenklaus\/wordpress\/wp-content\/uploads\/2010\/10\/IMG_0978-\u00e4-150x112.jpg\" alt=\"\" width=\"150\" height=\"112\" srcset=\"https:\/\/zonenklaus.de\/wordpress\/wp-content\/uploads\/2010\/10\/IMG_0978-\u00e4-150x112.jpg 150w, https:\/\/zonenklaus.de\/wordpress\/wp-content\/uploads\/2010\/10\/IMG_0978-\u00e4-300x225.jpg 300w, https:\/\/zonenklaus.de\/wordpress\/wp-content\/uploads\/2010\/10\/IMG_0978-\u00e4-1024x768.jpg 1024w, https:\/\/zonenklaus.de\/wordpress\/wp-content\/uploads\/2010\/10\/IMG_0978-\u00e4.jpg 1408w\" sizes=\"auto, (max-width: 150px) 100vw, 150px\" \/><\/a><a href=\"http:\/\/12decode.de\/zonenklaus\/wordpress\/wp-content\/uploads\/2010\/10\/IMG_0980-\u00e4.jpg\"><img loading=\"lazy\" decoding=\"async\" class=\"alignnone size-thumbnail wp-image-9631\" title=\"In Hellersdorf werden entweder die Faschos gew\u00e4hlt, oder die Neo-Bolschewisten, deshalb dieses Gleichnis mit der Balance! \" src=\"http:\/\/12decode.de\/zonenklaus\/wordpress\/wp-content\/uploads\/2010\/10\/IMG_0980-\u00e4-150x112.jpg\" alt=\"\" width=\"150\" height=\"112\" srcset=\"https:\/\/zonenklaus.de\/wordpress\/wp-content\/uploads\/2010\/10\/IMG_0980-\u00e4-150x112.jpg 150w, https:\/\/zonenklaus.de\/wordpress\/wp-content\/uploads\/2010\/10\/IMG_0980-\u00e4-300x225.jpg 300w, https:\/\/zonenklaus.de\/wordpress\/wp-content\/uploads\/2010\/10\/IMG_0980-\u00e4-1024x768.jpg 1024w, https:\/\/zonenklaus.de\/wordpress\/wp-content\/uploads\/2010\/10\/IMG_0980-\u00e4.jpg 1408w\" sizes=\"auto, (max-width: 150px) 100vw, 150px\" \/><\/a><a href=\"http:\/\/12decode.de\/zonenklaus\/wordpress\/wp-content\/uploads\/2010\/10\/IMG_1006-\u00e4.jpg\"><img loading=\"lazy\" decoding=\"async\" class=\"alignnone size-thumbnail wp-image-9632\" title=\"Wieso ist noch niemand auf die Weibervariante der Fahrr\u00e4der gekommen, den Fahrr\u00e4derinnen?\" src=\"http:\/\/12decode.de\/zonenklaus\/wordpress\/wp-content\/uploads\/2010\/10\/IMG_1006-\u00e4-150x112.jpg\" alt=\"\" width=\"150\" height=\"112\" srcset=\"https:\/\/zonenklaus.de\/wordpress\/wp-content\/uploads\/2010\/10\/IMG_1006-\u00e4-150x112.jpg 150w, https:\/\/zonenklaus.de\/wordpress\/wp-content\/uploads\/2010\/10\/IMG_1006-\u00e4-300x225.jpg 300w, https:\/\/zonenklaus.de\/wordpress\/wp-content\/uploads\/2010\/10\/IMG_1006-\u00e4-1024x768.jpg 1024w, https:\/\/zonenklaus.de\/wordpress\/wp-content\/uploads\/2010\/10\/IMG_1006-\u00e4.jpg 1408w\" sizes=\"auto, (max-width: 150px) 100vw, 150px\" \/><\/a><\/p>\n<p><!--more-->Zum abschlie\u00dfenden Photo meiner samst\u00e4glichen Tour &#8211; Hotelneubau am Bahnh\u00f6fchen \u201eZooohologische Garten\u201c, <a href=\"http:\/\/12decode.de\/zonenklaus\/wordpress\/wp-content\/uploads\/2010\/10\/IMG_1013-\u00e4.jpg\"><img loading=\"lazy\" decoding=\"async\" class=\"size-thumbnail wp-image-9633 alignleft\" src=\"http:\/\/12decode.de\/zonenklaus\/wordpress\/wp-content\/uploads\/2010\/10\/IMG_1013-\u00e4-112x150.jpg\" alt=\"\" width=\"112\" height=\"150\" srcset=\"https:\/\/zonenklaus.de\/wordpress\/wp-content\/uploads\/2010\/10\/IMG_1013-\u00e4-112x150.jpg 112w, https:\/\/zonenklaus.de\/wordpress\/wp-content\/uploads\/2010\/10\/IMG_1013-\u00e4-225x300.jpg 225w, https:\/\/zonenklaus.de\/wordpress\/wp-content\/uploads\/2010\/10\/IMG_1013-\u00e4-768x1024.jpg 768w, https:\/\/zonenklaus.de\/wordpress\/wp-content\/uploads\/2010\/10\/IMG_1013-\u00e4.jpg 1056w\" sizes=\"auto, (max-width: 112px) 100vw, 112px\" \/><\/a>beginne ich mit einem Satz von Franz Werfel (Aus: Die vierzig Tage des Musa Dagh) &#8211; klar, den kennt wieder keine Sau!<br \/>\nTrotzdem: <strong>\u201eDas Wesen des farblosen Beamten besteht ja gerade darin, dass er ohne jeglichen Charakter den jeweiligen Vorgesetzten spiegelt.\u201c<\/strong><br \/>\nVox populi dr\u00fcckt es nicht so elegant aus, kommt letztendlich zum gleichen Ergebnis: \u201eWie der Herre so&#8217;s Gescherre!\u201c<br \/>\nMomentan denke ich dabei an Wowi, den gr\u00fcnen Renegaten Wolf, Frau\u2026<br \/>\nDa lassen sich bei den <em>Volksverwaltern<\/em> belanglos irgendwelche Figuren herauspicken, angefangen in der stinkigsten Provinz, bis rauf zu den \u201egro\u00dfen\u201c Staren<br \/>\nSchleichend wird mal da oder dort ein Hochhaus genehmigt. Schlie\u00dflich findet ein Paragraphenheini den Dreh und das gesamte Kapital darf legal in Berlins Mitte, gro\u00dfe, eckige Haufen schei\u00dfen &#8211; aus Stahl, Beton und Glas.<br \/>\nZur Erinnerung:<br \/>\nFr\u00fcher lief es noch ganz anders ab.<br \/>\nDa hat eine lebenslustige, linke Architektin noch selbst Mund und Hand angelegt und sich durch die Instanzen gefickt &#8211; siehe ihr Produkt &#8211; den \u201eKreisel\u201c von St. Eglitz!<br \/>\nHeute scheinen die gestressten Auftraggeber keinen mehr hoch zu bekommen, deshalb gehen sie lieber zum Golfen und \u00fcberlassen den Rest willf\u00e4hrigen Lakaien<br \/>\nZum heutigen Drachensteigen war war mir das Gl\u00fcck wieder nicht hold, diesmal auf dem Tempelhofer Flugfeld. Ersatzweise wurde daraus eine ausgedehnte Radtour.<\/p>\n<p><a href=\"http:\/\/12decode.de\/zonenklaus\/wordpress\/wp-content\/uploads\/2010\/10\/IMG_1057-\u00e4.jpg\"><img loading=\"lazy\" decoding=\"async\" class=\"size-thumbnail wp-image-9641 alignleft\" src=\"http:\/\/12decode.de\/zonenklaus\/wordpress\/wp-content\/uploads\/2010\/10\/IMG_1057-\u00e4-150x112.jpg\" alt=\"\" width=\"150\" height=\"112\" srcset=\"https:\/\/zonenklaus.de\/wordpress\/wp-content\/uploads\/2010\/10\/IMG_1057-\u00e4-150x112.jpg 150w, https:\/\/zonenklaus.de\/wordpress\/wp-content\/uploads\/2010\/10\/IMG_1057-\u00e4-300x225.jpg 300w, https:\/\/zonenklaus.de\/wordpress\/wp-content\/uploads\/2010\/10\/IMG_1057-\u00e4-1024x768.jpg 1024w, https:\/\/zonenklaus.de\/wordpress\/wp-content\/uploads\/2010\/10\/IMG_1057-\u00e4.jpg 1408w\" sizes=\"auto, (max-width: 150px) 100vw, 150px\" \/><\/a>Am Horizont zeichnete sich in Richtung NO ebenfalls etwas fremdl\u00e4ndisches ab. Es ragte \u00fcber die B\u00e4ume &#8211; keine SS 20 oder Pershings, auch kein \u00fcberdimensionierter Werbegag von Beelitzer Spargelbauern. Nee, zwei Minarette&#8230;<\/p>\n<p><a href=\"http:\/\/12decode.de\/zonenklaus\/wordpress\/wp-content\/uploads\/2010\/10\/IMG_1053-\u00e4.jpg\"><img loading=\"lazy\" decoding=\"async\" class=\"alignnone size-thumbnail wp-image-9642\" src=\"http:\/\/12decode.de\/zonenklaus\/wordpress\/wp-content\/uploads\/2010\/10\/IMG_1053-\u00e4-150x112.jpg\" alt=\"\" width=\"150\" height=\"112\" srcset=\"https:\/\/zonenklaus.de\/wordpress\/wp-content\/uploads\/2010\/10\/IMG_1053-\u00e4-150x112.jpg 150w, https:\/\/zonenklaus.de\/wordpress\/wp-content\/uploads\/2010\/10\/IMG_1053-\u00e4-300x225.jpg 300w, https:\/\/zonenklaus.de\/wordpress\/wp-content\/uploads\/2010\/10\/IMG_1053-\u00e4-1024x768.jpg 1024w, https:\/\/zonenklaus.de\/wordpress\/wp-content\/uploads\/2010\/10\/IMG_1053-\u00e4.jpg 1408w\" sizes=\"auto, (max-width: 150px) 100vw, 150px\" \/><\/a><a href=\"http:\/\/12decode.de\/zonenklaus\/wordpress\/wp-content\/uploads\/2010\/10\/IMG_1061-\u00e4.jpg\"><img loading=\"lazy\" decoding=\"async\" class=\"alignnone size-thumbnail wp-image-9643\" src=\"http:\/\/12decode.de\/zonenklaus\/wordpress\/wp-content\/uploads\/2010\/10\/IMG_1061-\u00e4-150x112.jpg\" alt=\"\" width=\"150\" height=\"112\" srcset=\"https:\/\/zonenklaus.de\/wordpress\/wp-content\/uploads\/2010\/10\/IMG_1061-\u00e4-150x112.jpg 150w, https:\/\/zonenklaus.de\/wordpress\/wp-content\/uploads\/2010\/10\/IMG_1061-\u00e4-300x225.jpg 300w, https:\/\/zonenklaus.de\/wordpress\/wp-content\/uploads\/2010\/10\/IMG_1061-\u00e4-1024x768.jpg 1024w, https:\/\/zonenklaus.de\/wordpress\/wp-content\/uploads\/2010\/10\/IMG_1061-\u00e4.jpg 1408w\" sizes=\"auto, (max-width: 150px) 100vw, 150px\" \/><\/a><a href=\"http:\/\/12decode.de\/zonenklaus\/wordpress\/wp-content\/uploads\/2010\/10\/IMG_1062-\u00e4.jpg\"><img loading=\"lazy\" decoding=\"async\" class=\"alignnone size-thumbnail wp-image-9644\" title=\"Typisch, den Zonis haben sie wieder eine extra Wurst geschm\u00f6rgelt\" src=\"http:\/\/12decode.de\/zonenklaus\/wordpress\/wp-content\/uploads\/2010\/10\/IMG_1062-\u00e4-150x112.jpg\" alt=\"\" width=\"150\" height=\"112\" srcset=\"https:\/\/zonenklaus.de\/wordpress\/wp-content\/uploads\/2010\/10\/IMG_1062-\u00e4-150x112.jpg 150w, https:\/\/zonenklaus.de\/wordpress\/wp-content\/uploads\/2010\/10\/IMG_1062-\u00e4-300x225.jpg 300w, https:\/\/zonenklaus.de\/wordpress\/wp-content\/uploads\/2010\/10\/IMG_1062-\u00e4-1024x768.jpg 1024w, https:\/\/zonenklaus.de\/wordpress\/wp-content\/uploads\/2010\/10\/IMG_1062-\u00e4.jpg 1408w\" sizes=\"auto, (max-width: 150px) 100vw, 150px\" \/><\/a><a href=\"http:\/\/12decode.de\/zonenklaus\/wordpress\/wp-content\/uploads\/2010\/10\/IMG_1073-drachen.jpg\"><img loading=\"lazy\" decoding=\"async\" class=\"alignnone size-thumbnail wp-image-9645\" title=\"Auf dem Heimweg erblickt\" src=\"http:\/\/12decode.de\/zonenklaus\/wordpress\/wp-content\/uploads\/2010\/10\/IMG_1073-drachen-150x112.jpg\" alt=\"\" width=\"150\" height=\"112\" srcset=\"https:\/\/zonenklaus.de\/wordpress\/wp-content\/uploads\/2010\/10\/IMG_1073-drachen-150x112.jpg 150w, https:\/\/zonenklaus.de\/wordpress\/wp-content\/uploads\/2010\/10\/IMG_1073-drachen-300x225.jpg 300w, https:\/\/zonenklaus.de\/wordpress\/wp-content\/uploads\/2010\/10\/IMG_1073-drachen-1024x768.jpg 1024w, https:\/\/zonenklaus.de\/wordpress\/wp-content\/uploads\/2010\/10\/IMG_1073-drachen.jpg 1408w\" sizes=\"auto, (max-width: 150px) 100vw, 150px\" \/><\/a><\/p>\n","protected":false},"excerpt":{"rendered":"<p>Letzten Samstag schaute ich nebenbei in den \u201eG\u00e4rten der Welt\u201c nach Quitten, Mispeln und Schlehen, die beiden letztgenannten ben\u00f6tigen f\u00fcr die Reife bekanntlich Frost&#8230; Aber nothing. Auf dem R\u00fcckweg durch den \u201eM\u00e4rchengarten\u201c traf ich auf zwei Gestalten mit Migrationshintergrund &#8211; nicht \u201ePinocchio\u201c, wie es den Anschein macht, sondern Morgenl\u00e4nder, der kleinere ist \u201eMuck\u201c. Vor langer [&hellip;]<\/p>\n","protected":false},"author":6,"featured_media":0,"comment_status":"open","ping_status":"closed","sticky":false,"template":"","format":"standard","meta":{"footnotes":""},"categories":[1],"tags":[],"class_list":["post-9620","post","type-post","status-publish","format-standard","hentry","category-allgemeines"],"_links":{"self":[{"href":"https:\/\/zonenklaus.de\/wordpress\/index.php?rest_route=\/wp\/v2\/posts\/9620","targetHints":{"allow":["GET"]}}],"collection":[{"href":"https:\/\/zonenklaus.de\/wordpress\/index.php?rest_route=\/wp\/v2\/posts"}],"about":[{"href":"https:\/\/zonenklaus.de\/wordpress\/index.php?rest_route=\/wp\/v2\/types\/post"}],"author":[{"embeddable":true,"href":"https:\/\/zonenklaus.de\/wordpress\/index.php?rest_route=\/wp\/v2\/users\/6"}],"replies":[{"embeddable":true,"href":"https:\/\/zonenklaus.de\/wordpress\/index.php?rest_route=%2Fwp%2Fv2%2Fcomments&post=9620"}],"version-history":[{"count":24,"href":"https:\/\/zonenklaus.de\/wordpress\/index.php?rest_route=\/wp\/v2\/posts\/9620\/revisions"}],"predecessor-version":[{"id":40002,"href":"https:\/\/zonenklaus.de\/wordpress\/index.php?rest_route=\/wp\/v2\/posts\/9620\/revisions\/40002"}],"wp:attachment":[{"href":"https:\/\/zonenklaus.de\/wordpress\/index.php?rest_route=%2Fwp%2Fv2%2Fmedia&parent=9620"}],"wp:term":[{"taxonomy":"category","embeddable":true,"href":"https:\/\/zonenklaus.de\/wordpress\/index.php?rest_route=%2Fwp%2Fv2%2Fcategories&post=9620"},{"taxonomy":"post_tag","embeddable":true,"href":"https:\/\/zonenklaus.de\/wordpress\/index.php?rest_route=%2Fwp%2Fv2%2Ftags&post=9620"}],"curies":[{"name":"wp","href":"https:\/\/api.w.org\/{rel}","templated":true}]}}