{"id":9654,"date":"2010-10-13T13:19:13","date_gmt":"2010-10-13T12:19:13","guid":{"rendered":"http:\/\/12decode.de\/zonenklaus\/wordpress\/?p=9654"},"modified":"2022-06-27T21:22:46","modified_gmt":"2022-06-27T20:22:46","slug":"die-vierzig-tage-des-musa-dagh","status":"publish","type":"post","link":"https:\/\/zonenklaus.de\/wordpress\/?p=9654","title":{"rendered":"Die vierzig Tage des Musa Dagh"},"content":{"rendered":"<p>Nachdem mir dieses Buch als Kind in die H\u00e4nde fiel, war ich anschlie\u00dfend richtiggehend platt<strong>!<\/strong><br \/>\nTrotz meiner damals schon ausgepr\u00e4gten Vielleserei, lie\u00df sich manches nicht nachvollziehen, ungeachtet des massenhaften Konsums von einschl\u00e4gigem Materials \u00fcber das Dritte Reich&#8230;<br \/>\n<a href=\"http:\/\/www.whoswho.de\/templ\/te_bio.php?PID=809&amp;RID=1\">Werfel<\/a> beschreibt die Handhabung des Genozids an den Armeniern folgenderma\u00dfen: <em>\u2026es herrschte nicht regellose Willk\u00fcr und aufgepeitschter Blutrausch, sondern etwas weit entsetzlicheres &#8211; Ordnung, geplant auf Regierungsebenen.<\/em><br \/>\nWenige Jahrzehnte sp\u00e4ter, entstand im Deutschen Reich eine Maschinerie der industriellen Vernichtung, angeleiert in den verschiedensten Ministerien, versehen mit Vernetzungen in sehr viele Lebensbereiche der gesamten Bev\u00f6lkerung &#8211; <em>mit deutscher Akribie und Ordnung<\/em><strong>!<\/strong><br \/>\n<a title=\"Wilhelm Reich\" href=\"https:\/\/de.wikipedia.org\/wiki\/Wilhelm_Reich\">Wilhelm Reich<\/a> leuchtete bereits 1933 den Werdegang in jene Richtung ab.<br \/>\nNach 1945, bei dem anschlie\u00dfenden Versuch der Aufarbeitung, wagten sich <a href=\"http:\/\/de.wikipedia.org\/wiki\/Eugen_Kogon\">Eugen Kogon<\/a> und <a href=\"http:\/\/de.wikipedia.org\/wiki\/Hannah_Arendt\">Hannah Arendt<\/a> am weitesten vor. Sehr viele probierten anschlie\u00dfen, sich im Schatten der beiden zu sonnen, produzierten haufenweise<em> Bestseller<\/em> und was hat es gebracht? <em>Au\u00dfer Tantiemen und Spesen &#8211; nichts gewesen<\/em><strong>!<\/strong><br \/>\nLeichtfertig wird Massenmord immer als <em>unmenschlicher Akt<\/em> bezeichnet, was ich nicht verstehen kann und will! Bei r\u00fcckl\u00e4ufiger Betrachtung der kompletten Geschichte unserer<em> Menschheit<\/em>, wurde die Ausrottung anderer Erdlinge stets als ein fester, <em>allzu menschlicher Bestandteil der gerade vorherrschenden Kultur betrachtet<\/em><strong>!<\/strong> Da hat sich auch bei den heutigen Betrachtungsweisen nichts ge\u00e4ndert, trotz des Milliardenschweren <a href=\"https:\/\/www.bpb.de\/kurz-knapp\/lexika\/politiklexikon\/18398\/vereinte-nationen-un\/\">Feigenblattes vom East River<\/a>.<!--more--><br \/>\nMan muss Werfels Historienroman nicht unbedingt lesen, letztendlich reiht es sich nur in jene massenhaft verlegten Schriften ein, die in letzter Konsquenz nur belegen, <em>dass sich die Menschheit als absolut nicht lernf\u00e4hig erweist<\/em><strong>!<\/strong><br \/>\nBeim nochmaligen Lesen, vierzig Jahre sp\u00e4ter, kam mir etwas. Welcher Schriftsteller w\u00fcrde heute noch diese, oder eine \u00e4hnliche Problematik so abhandeln k\u00f6nnen? Zwar existieren noch sprachgewaltige Schilderer, die bestimmt solch gro\u00dfartigen Bilder verzapfen k\u00f6nnten, wie es Franzel tat.<br \/>\nMir w\u00fcrde etwas fehlen was z. B. mit der Person <a href=\"https:\/\/kuenste-im-exil.de\/KIE\/Content\/DE\/Personen\/werfel-franz.html\"><em>Franz Werfel<\/em> <\/a>zu tun h\u00e4tte, der Mann war \u00fcber jeden Zweifel erhaben und geradlinig.<br \/>\nWenn ich nur an den gro\u00dfen Moralisten der Neuzeit, den <a href=\"https:\/\/www.spiegel.de\/jahreschronik\/a-453184.html\">schreibenden Kameraden der Waffen-SS<\/a> denke, k\u00f6nnte ich kotzen. Nicht seine Mitgliedschaft in dieser Organisation kreide ich ihm an. Gott nochmal, es gibt so schr\u00e4ge Verwicklungen in Lebensl\u00e4ufen, der Umgang damit ist entscheidend. Bewiesen hat er mit seinen Dementis und Gegendarstellung, wess Geistes Kind er eigentlich ist.<br \/>\nEine Offenbarung gleich zum Neubeginn der Republik h\u00e4tte etwas Arsch in der Hose vorausgesetzt, au\u00dferdem fast niemanden interessiert und bald darauf w\u00e4re es vergessen gewesen&#8230;<br \/>\nDiese Integrit\u00e4t fehlt ihm, \u00e4hnlich so mancher literarischen Hofschranze von<a href=\"https:\/\/www.studysmarter.de\/schule\/geschichte\/geteiltes-deutschland\/walter-ulbricht\/\"><em> Ulbrichts<\/em><\/a> Gnaden&#8230;<\/p>\n<p><a href=\"http:\/\/12decode.de\/zonenklaus\/wordpress\/wp-content\/uploads\/2010\/10\/werfel1-\u00e4.jpg\"><img loading=\"lazy\" decoding=\"async\" class=\"alignleft size-thumbnail wp-image-9667\" src=\"http:\/\/12decode.de\/zonenklaus\/wordpress\/wp-content\/uploads\/2010\/10\/werfel1-\u00e4-92x150.jpg\" alt=\"\" width=\"92\" height=\"150\" srcset=\"https:\/\/zonenklaus.de\/wordpress\/wp-content\/uploads\/2010\/10\/werfel1-\u00e4-92x150.jpg 92w, https:\/\/zonenklaus.de\/wordpress\/wp-content\/uploads\/2010\/10\/werfel1-\u00e4-185x300.jpg 185w, https:\/\/zonenklaus.de\/wordpress\/wp-content\/uploads\/2010\/10\/werfel1-\u00e4-633x1024.jpg 633w, https:\/\/zonenklaus.de\/wordpress\/wp-content\/uploads\/2010\/10\/werfel1-\u00e4.jpg 689w\" sizes=\"auto, (max-width: 92px) 100vw, 92px\" \/><\/a><a href=\"http:\/\/12decode.de\/zonenklaus\/wordpress\/wp-content\/uploads\/2010\/10\/werfel2-\u00e4.jpg\"><img loading=\"lazy\" decoding=\"async\" class=\"alignleft size-thumbnail wp-image-9656\" src=\"http:\/\/12decode.de\/zonenklaus\/wordpress\/wp-content\/uploads\/2010\/10\/werfel2-\u00e4-94x150.jpg\" alt=\"\" width=\"94\" height=\"150\" srcset=\"https:\/\/zonenklaus.de\/wordpress\/wp-content\/uploads\/2010\/10\/werfel2-\u00e4-94x150.jpg 94w, https:\/\/zonenklaus.de\/wordpress\/wp-content\/uploads\/2010\/10\/werfel2-\u00e4-189x300.jpg 189w, https:\/\/zonenklaus.de\/wordpress\/wp-content\/uploads\/2010\/10\/werfel2-\u00e4-645x1024.jpg 645w, https:\/\/zonenklaus.de\/wordpress\/wp-content\/uploads\/2010\/10\/werfel2-\u00e4.jpg 696w\" sizes=\"auto, (max-width: 94px) 100vw, 94px\" \/><\/a><a href=\"http:\/\/12decode.de\/zonenklaus\/wordpress\/wp-content\/uploads\/2010\/10\/werfel3-\u00e4.jpg\"><img loading=\"lazy\" decoding=\"async\" class=\"alignleft size-thumbnail wp-image-9657\" src=\"http:\/\/12decode.de\/zonenklaus\/wordpress\/wp-content\/uploads\/2010\/10\/werfel3-\u00e4-150x121.jpg\" alt=\"\" width=\"150\" height=\"121\" srcset=\"https:\/\/zonenklaus.de\/wordpress\/wp-content\/uploads\/2010\/10\/werfel3-\u00e4-150x121.jpg 150w, https:\/\/zonenklaus.de\/wordpress\/wp-content\/uploads\/2010\/10\/werfel3-\u00e4-300x243.jpg 300w, https:\/\/zonenklaus.de\/wordpress\/wp-content\/uploads\/2010\/10\/werfel3-\u00e4-1024x829.jpg 1024w, https:\/\/zonenklaus.de\/wordpress\/wp-content\/uploads\/2010\/10\/werfel3-\u00e4.jpg 1356w\" sizes=\"auto, (max-width: 150px) 100vw, 150px\" \/><\/a><\/p>\n<p>Chanson, Klassik, Tango, Jazz &#8230; in Prenzlauer Berg<br \/>\n<strong>Veranstaltungsort: &#8220;Caf\u00e9 Lyrik&#8221;, Kollwitzstr. 97, 10435 Berlin<\/strong><br \/>\nInhaberin: Gerwine Sinapius<br \/>\nTelefon: (030) 44 31 71 91, www.cafe-lyrik.de<br \/>\nge\u00f6ffnet zu den Konzerten Do-So ab 19 Uhr<\/p>\n<p><strong>Konzert: Donnerstag 11.11.2010, 20:00 Uhr<\/strong><br \/>\n&#8220;Moskauer N\u00e4chte &#8211; Romanzen und Chansons aus dem Russland der letzten zwei Jahrhunderte&#8221;<br \/>\nEine romantische Liederreise mit viel russischer Seele f\u00fcr geschlossene Augen und offene Herzen!<br \/>\nEs begleitet der russische Gitarrenvirtuose Konstantin Popov mit einer Bandbreite von Bach bis russische Roma-Folklore, von Klassik bis Weltmusik.<br \/>\nGesang: Stepan Gantralyan<br \/>\nGitarre: Konstantin Popov<br \/>\nwww.stepanart.net<br \/>\nwww.myspace.com\/kpopov<\/p>\n<p>*** Stepan Gantralyan (Berlin\/Armenien) Stepan Gantralyan wurde 1963 in Jerewan, in Armenien, geboren. Er studierte dort Regie und Schauspiel, sp\u00e4ter auch Germanistik und Kulturwissenschaften. Durch zwei Goethe-Stipendien ist er nach Deutschland gekommen, wo er seit 1999 lebt und als Schauspieler, Liedermacher und S\u00e4nger arbeitet u. a. von 1999 bis 2005 als Schauspieler am Theater an der Ruhr bei Roberto Ciulli, sp\u00e4ter in Berlin mit der Hauptrolle im Theaterprojekt \u00bbDas M\u00e4rchen vom letzten Gedanken\u00ab von Edgar Hilsenrath (Theater unterm Dach, Berlin 2006\/07), und neuerdings in \u00bbEin Winter unterm Tisch\u00ab von Roland Topor (Kleines Theater am S\u00fcdwestkorso, Berlin 2008). Seit \u00fcber zwanzig Jahren schreibt Gantralyan Lieder, die seine vielf\u00e4ltige Inspiration darstellen vom Gebet bis zur Ballade.<\/p>\n","protected":false},"excerpt":{"rendered":"<p>Nachdem mir dieses Buch als Kind in die H\u00e4nde fiel, war ich anschlie\u00dfend richtiggehend platt! Trotz meiner damals schon ausgepr\u00e4gten Vielleserei, lie\u00df sich manches nicht nachvollziehen, ungeachtet des massenhaften Konsums von einschl\u00e4gigem Materials \u00fcber das Dritte Reich&#8230; Werfel beschreibt die Handhabung des Genozids an den Armeniern folgenderma\u00dfen: \u2026es herrschte nicht regellose Willk\u00fcr und aufgepeitschter Blutrausch, [&hellip;]<\/p>\n","protected":false},"author":6,"featured_media":0,"comment_status":"open","ping_status":"closed","sticky":false,"template":"","format":"standard","meta":{"footnotes":""},"categories":[1,9],"tags":[],"class_list":["post-9654","post","type-post","status-publish","format-standard","hentry","category-allgemeines","category-bucher"],"_links":{"self":[{"href":"https:\/\/zonenklaus.de\/wordpress\/index.php?rest_route=\/wp\/v2\/posts\/9654","targetHints":{"allow":["GET"]}}],"collection":[{"href":"https:\/\/zonenklaus.de\/wordpress\/index.php?rest_route=\/wp\/v2\/posts"}],"about":[{"href":"https:\/\/zonenklaus.de\/wordpress\/index.php?rest_route=\/wp\/v2\/types\/post"}],"author":[{"embeddable":true,"href":"https:\/\/zonenklaus.de\/wordpress\/index.php?rest_route=\/wp\/v2\/users\/6"}],"replies":[{"embeddable":true,"href":"https:\/\/zonenklaus.de\/wordpress\/index.php?rest_route=%2Fwp%2Fv2%2Fcomments&post=9654"}],"version-history":[{"count":31,"href":"https:\/\/zonenklaus.de\/wordpress\/index.php?rest_route=\/wp\/v2\/posts\/9654\/revisions"}],"predecessor-version":[{"id":27009,"href":"https:\/\/zonenklaus.de\/wordpress\/index.php?rest_route=\/wp\/v2\/posts\/9654\/revisions\/27009"}],"wp:attachment":[{"href":"https:\/\/zonenklaus.de\/wordpress\/index.php?rest_route=%2Fwp%2Fv2%2Fmedia&parent=9654"}],"wp:term":[{"taxonomy":"category","embeddable":true,"href":"https:\/\/zonenklaus.de\/wordpress\/index.php?rest_route=%2Fwp%2Fv2%2Fcategories&post=9654"},{"taxonomy":"post_tag","embeddable":true,"href":"https:\/\/zonenklaus.de\/wordpress\/index.php?rest_route=%2Fwp%2Fv2%2Ftags&post=9654"}],"curies":[{"name":"wp","href":"https:\/\/api.w.org\/{rel}","templated":true}]}}