{"id":9767,"date":"2010-10-18T22:47:34","date_gmt":"2010-10-18T21:47:34","guid":{"rendered":"http:\/\/12decode.de\/zonenklaus\/wordpress\/?p=9767"},"modified":"2024-04-20T00:53:46","modified_gmt":"2024-04-19T23:53:46","slug":"diese-sache-hatte-seinerzeit-mehrere-haken-insofern-war-es-ein-kreuz-mit-adolf-dem-gutigen","status":"publish","type":"post","link":"https:\/\/zonenklaus.de\/wordpress\/?p=9767","title":{"rendered":"Diese Sache hatte seinerzeit mehrere Haken, insofern war es ein Kreuz mit &#8220;Adolf dem G\u00fctigen&#8221;!"},"content":{"rendered":"<p style=\"text-align: left;\">In der Baguetterie schob mir heute jemand Seite sieben der \u201eBZ\u201c r\u00fcber, mit dem Hinweis, doch mal unter: &#8220;<a href=\"http:\/\/www.bz-berlin.de\/archiv\/was-wei-szlig-der-der-heute-14-jahre-ist-ueber-deutschlands-dunkle-zeit-article1009052.html\">Was wei\u00df der, der heute 14 Jahre ist, \u00fcber Deutschlands dunkle Zeit?<\/a>\u201c<br \/>\n<a href=\"http:\/\/12decode.de\/zonenklaus\/wordpress\/wp-content\/uploads\/2010\/10\/bz-adolf-1-\u00e4.jpg\"><img loading=\"lazy\" decoding=\"async\" class=\"size-thumbnail wp-image-9769 alignleft\" title=\"BZ 18. X. 2010\" src=\"http:\/\/12decode.de\/zonenklaus\/wordpress\/wp-content\/uploads\/2010\/10\/bz-adolf-1-\u00e4-76x150.jpg\" alt=\"\" width=\"76\" height=\"150\" srcset=\"https:\/\/zonenklaus.de\/wordpress\/wp-content\/uploads\/2010\/10\/bz-adolf-1-\u00e4-76x150.jpg 76w, https:\/\/zonenklaus.de\/wordpress\/wp-content\/uploads\/2010\/10\/bz-adolf-1-\u00e4-152x300.jpg 152w, https:\/\/zonenklaus.de\/wordpress\/wp-content\/uploads\/2010\/10\/bz-adolf-1-\u00e4-518x1024.jpg 518w, https:\/\/zonenklaus.de\/wordpress\/wp-content\/uploads\/2010\/10\/bz-adolf-1-\u00e4.jpg 1200w\" sizes=\"auto, (max-width: 76px) 100vw, 76px\" \/><\/a>&#8230;die f\u00fcnf dazugeh\u00f6rigen Bilder haben sie nicht ins Netz gestellt &#8211; mache ich daf\u00fcr.<br \/>\nFinde ich sehr mutig von den Kids, da haben sie eins sehr viel &#8211; wenig Ahnung und sie stehen dazu. Wird sich im Laufe der Zeit alles \u00e4ndern. Siehe die Verwalter in den Regierungen, fast alle sind vergleichbar drauf, lassen eine Sprechblase nach der anderen implodieren, quatschen viel, aber sagen nichts&#8230;<br \/>\nIhre andressierte <em>Unwissenheit<\/em> deckeln sie mit <em>politischer Korrektheit,<\/em> wobei die Interviewer selbstverst\u00e4ndlich mitspielen. Schlie\u00dflich handelt es sich um gutdotierte Jobs und die m\u00f6chten doch alle behalten, da f\u00e4llt es nat\u00fcrlich niemandem auch nur im Traum ein, solch nichtssagenden Flachzangen\u00a0 blo\u00dfzustellen. Auf diesen ungeschriebenen Kastengeist k\u00f6nnen Nieten in Nadelstreifen aus Politik, Wirtschaft und die selbsternannten Eliten blind bauen&#8230;<br \/>\nSo d\u00fcrfen beide Seiten, ohne Fracksausen ihren Standesd\u00fcnkel pflegen und kultivieren.<br \/>\nWie sehe denn das Ergebnis einer Befragung aus, wenn man deutsche Eingeborene um die 50 Lenze +10\/\u201320 Jahre mal vorkn\u00f6pfen w\u00fcrde?<!--more--><br \/>\n<em>(Pass-Germanen mit Migrationshintergrund werden da nicht mit einbezogen, besonders all jene, die sich wegen ihrer limitierten Deutschkenntnisse nur in Esperanto mit den H\u00e4nden verst\u00e4ndigen.)<\/em><br \/>\nGut, Leute die ihr Wissen \u00fcber das III. Reich aus <em>Landserheftchen<\/em> und <em>Hollywood-Schinken<\/em> haben, k\u00f6nnten schon etwas kokettieren, das w\u00e4re es aber auch schon.<br \/>\nDas geklitterte Geschichtsverst\u00e4ndnis in der Zone, war nie weit entfernt von der Ignoranz, mit der die 1000 Jahre Gro\u00dfdeutschland im Westen abgehandelt wurden, was letztendlich einem fast identischen Nichtwissensstand gleichkommt&#8230;<br \/>\nVor 33 Jahren erschien bereits ein k\u00f6stliches B\u00fcchlein zum Thema.<br \/>\n<a href=\"http:\/\/12decode.de\/zonenklaus\/wordpress\/wp-content\/uploads\/2010\/10\/was-ich-\u00fcber-a.h..jpg\"><img loading=\"lazy\" decoding=\"async\" class=\"alignleft size-thumbnail wp-image-11608\" src=\"http:\/\/12decode.de\/zonenklaus\/wordpress\/wp-content\/uploads\/2010\/10\/was-ich-\u00fcber-a.h.-98x150.jpg\" alt=\"\" width=\"98\" height=\"150\" srcset=\"https:\/\/zonenklaus.de\/wordpress\/wp-content\/uploads\/2010\/10\/was-ich-\u00fcber-a.h.-98x150.jpg 98w, https:\/\/zonenklaus.de\/wordpress\/wp-content\/uploads\/2010\/10\/was-ich-\u00fcber-a.h.-196x300.jpg 196w, https:\/\/zonenklaus.de\/wordpress\/wp-content\/uploads\/2010\/10\/was-ich-\u00fcber-a.h.-672x1024.jpg 672w, https:\/\/zonenklaus.de\/wordpress\/wp-content\/uploads\/2010\/10\/was-ich-\u00fcber-a.h..jpg 732w\" sizes=\"auto, (max-width: 98px) 100vw, 98px\" \/><\/a><a href=\"http:\/\/12decode.de\/zonenklaus\/wordpress\/wp-content\/uploads\/2010\/10\/was-ich-\u00fcber-1\u00e4.jpg\"><img loading=\"lazy\" decoding=\"async\" class=\"alignleft size-thumbnail wp-image-11609\" src=\"http:\/\/12decode.de\/zonenklaus\/wordpress\/wp-content\/uploads\/2010\/10\/was-ich-\u00fcber-1\u00e4-98x150.jpg\" alt=\"\" width=\"98\" height=\"150\" srcset=\"https:\/\/zonenklaus.de\/wordpress\/wp-content\/uploads\/2010\/10\/was-ich-\u00fcber-1\u00e4-98x150.jpg 98w, https:\/\/zonenklaus.de\/wordpress\/wp-content\/uploads\/2010\/10\/was-ich-\u00fcber-1\u00e4-196x300.jpg 196w, https:\/\/zonenklaus.de\/wordpress\/wp-content\/uploads\/2010\/10\/was-ich-\u00fcber-1\u00e4-671x1024.jpg 671w, https:\/\/zonenklaus.de\/wordpress\/wp-content\/uploads\/2010\/10\/was-ich-\u00fcber-1\u00e4.jpg 727w\" sizes=\"auto, (max-width: 98px) 100vw, 98px\" \/><\/a>Dieter Bossman, Was ich \u00fcber Adolf Hitler geh\u00f6rt habe&#8230;: Folgen eines Tabus. Ausz\u00fcge aus Sch\u00fcler-Aufs\u00e4tzen von heute.<strong>*<\/strong>(Siehe unten)<br \/>\nFischer-TB 1977. 360 S. ISBN: 3596219353<br \/>\nF\u00fcnf Jahre sp\u00e4ter war Mister Levine, ein j\u00fcdischer Historiker aus Amiland, m\u00e4chtig irritiert, mit was f\u00fcr einer <em>Vorbildung<\/em> sich Studenten am OSI in sein Hitler-Seminar begaben.<br \/>\nNach k\u00fcrzester Zeit kam die Frage, ob jemand bereit sei, zum n\u00e4chsten Treffen eine Kurzbiographie vom <em>deutschen F<\/em>u<em>hrer<\/em> zu erstellen.<br \/>\nFrei nach der Devise meines Gro\u00dfvaters: <em>Leichte Arbeit im Hafen erspart dir schwere Arbeit auf hoher See!<\/em>, sagte ich zu, denn au\u00dfer Uni lag nichts weiter an.<br \/>\nMein Vortrag beeindruckte den Dozenten so, dass er mich wenig sp\u00e4ter darauf ansprach, anl\u00e4sslich einer dieser riesigen Keller-Feten in unserer WG. In THC-haltiger Laune kam von ihm: <em>Du hattest ja den F<\/em>u<em>hrer bis ins Detail so beschrieben, dass ich dachte, der Mann ist ein Neonazi! Ein Blick auf deine Bibliothek hat mich aber eines anderen belehrt!<\/em><br \/>\nAn jenem Abend kam ihm au\u00dferdem meine Ostvergangenheit zu Ohren, was auch den gro\u00dfe Altersunterschied zu den Kommilitonen erkl\u00e4rte<\/p>\n<p>Was mir bei der Problematik noch einf\u00e4llt. Auch im Westen fand ich ganz wenig ausgewogene Literatur, <em>(Hat sich etwa ge\u00e4ndert, was ich aber nicht als Sp\u00e4tfolge der 68-er Bewegung ansehe, wie es so manche linkslastigen Legendenschw\u00e4tzer gern daher plappern.)<\/em> die man Jugendlichen empfehlen konnte, ohne dass sie gleich abkotzten, weil sie sich politisch \u00fcberfahren f\u00fchlten und nebenbei in eine bestimmte Richtung manipuliert vorkamen.<\/p>\n<p style=\"text-align: left;\"><a href=\"http:\/\/12decode.de\/zonenklaus\/wordpress\/wp-content\/uploads\/2010\/10\/alltag-untterm-hakenkreuz-1.jpg\"><img loading=\"lazy\" decoding=\"async\" class=\"alignleft size-thumbnail wp-image-9808\" src=\"http:\/\/12decode.de\/zonenklaus\/wordpress\/wp-content\/uploads\/2010\/10\/alltag-untterm-hakenkreuz-1-98x150.jpg\" alt=\"\" width=\"98\" height=\"150\" srcset=\"https:\/\/zonenklaus.de\/wordpress\/wp-content\/uploads\/2010\/10\/alltag-untterm-hakenkreuz-1-98x150.jpg 98w, https:\/\/zonenklaus.de\/wordpress\/wp-content\/uploads\/2010\/10\/alltag-untterm-hakenkreuz-1-196x300.jpg 196w, https:\/\/zonenklaus.de\/wordpress\/wp-content\/uploads\/2010\/10\/alltag-untterm-hakenkreuz-1-671x1023.jpg 671w, https:\/\/zonenklaus.de\/wordpress\/wp-content\/uploads\/2010\/10\/alltag-untterm-hakenkreuz-1.jpg 736w\" sizes=\"auto, (max-width: 98px) 100vw, 98px\" \/><\/a><a href=\"http:\/\/12decode.de\/zonenklaus\/wordpress\/wp-content\/uploads\/2010\/10\/alltag-im-2.jpg\"><img loading=\"lazy\" decoding=\"async\" class=\"alignleft size-thumbnail wp-image-9810\" src=\"http:\/\/12decode.de\/zonenklaus\/wordpress\/wp-content\/uploads\/2010\/10\/alltag-im-2-95x150.jpg\" alt=\"\" width=\"95\" height=\"150\" srcset=\"https:\/\/zonenklaus.de\/wordpress\/wp-content\/uploads\/2010\/10\/alltag-im-2-95x150.jpg 95w, https:\/\/zonenklaus.de\/wordpress\/wp-content\/uploads\/2010\/10\/alltag-im-2-190x300.jpg 190w, https:\/\/zonenklaus.de\/wordpress\/wp-content\/uploads\/2010\/10\/alltag-im-2-650x1024.jpg 650w, https:\/\/zonenklaus.de\/wordpress\/wp-content\/uploads\/2010\/10\/alltag-im-2.jpg 705w\" sizes=\"auto, (max-width: 95px) 100vw, 95px\" \/><\/a><a href=\"http:\/\/12decode.de\/zonenklaus\/wordpress\/wp-content\/uploads\/2010\/10\/hiltler.jpg\"><img loading=\"lazy\" decoding=\"async\" class=\"alignleft size-thumbnail wp-image-9811\" src=\"http:\/\/12decode.de\/zonenklaus\/wordpress\/wp-content\/uploads\/2010\/10\/hiltler-102x150.jpg\" alt=\"\" width=\"102\" height=\"150\" srcset=\"https:\/\/zonenklaus.de\/wordpress\/wp-content\/uploads\/2010\/10\/hiltler-102x150.jpg 102w, https:\/\/zonenklaus.de\/wordpress\/wp-content\/uploads\/2010\/10\/hiltler-205x300.jpg 205w, https:\/\/zonenklaus.de\/wordpress\/wp-content\/uploads\/2010\/10\/hiltler-702x1024.jpg 702w, https:\/\/zonenklaus.de\/wordpress\/wp-content\/uploads\/2010\/10\/hiltler.jpg 727w\" sizes=\"auto, (max-width: 102px) 100vw, 102px\" \/><\/a><a href=\"http:\/\/12decode.de\/zonenklaus\/wordpress\/wp-content\/uploads\/2010\/10\/hitler-1.jpg\"><img loading=\"lazy\" decoding=\"async\" class=\"alignleft size-thumbnail wp-image-9812\" src=\"http:\/\/12decode.de\/zonenklaus\/wordpress\/wp-content\/uploads\/2010\/10\/hitler-1-96x150.jpg\" alt=\"\" width=\"96\" height=\"150\" srcset=\"https:\/\/zonenklaus.de\/wordpress\/wp-content\/uploads\/2010\/10\/hitler-1-96x150.jpg 96w, https:\/\/zonenklaus.de\/wordpress\/wp-content\/uploads\/2010\/10\/hitler-1-192x300.jpg 192w, https:\/\/zonenklaus.de\/wordpress\/wp-content\/uploads\/2010\/10\/hitler-1-658x1024.jpg 658w, https:\/\/zonenklaus.de\/wordpress\/wp-content\/uploads\/2010\/10\/hitler-1.jpg 687w\" sizes=\"auto, (max-width: 96px) 100vw, 96px\" \/><\/a><a href=\"http:\/\/12decode.de\/zonenklaus\/wordpress\/wp-content\/uploads\/2010\/10\/hitler2.jpg\"><img loading=\"lazy\" decoding=\"async\" class=\"alignleft size-thumbnail wp-image-9813\" src=\"http:\/\/12decode.de\/zonenklaus\/wordpress\/wp-content\/uploads\/2010\/10\/hitler2-150x31.jpg\" alt=\"\" width=\"150\" height=\"31\" srcset=\"https:\/\/zonenklaus.de\/wordpress\/wp-content\/uploads\/2010\/10\/hitler2-150x31.jpg 150w, https:\/\/zonenklaus.de\/wordpress\/wp-content\/uploads\/2010\/10\/hitler2-300x62.jpg 300w, https:\/\/zonenklaus.de\/wordpress\/wp-content\/uploads\/2010\/10\/hitler2-1024x212.jpg 1024w, https:\/\/zonenklaus.de\/wordpress\/wp-content\/uploads\/2010\/10\/hitler2.jpg 1468w\" sizes=\"auto, (max-width: 150px) 100vw, 150px\" \/><\/a><a href=\"http:\/\/12decode.de\/zonenklaus\/wordpress\/wp-content\/uploads\/2010\/10\/hitler-3.jpg\"><img loading=\"lazy\" decoding=\"async\" class=\"alignleft size-thumbnail wp-image-9814\" src=\"http:\/\/12decode.de\/zonenklaus\/wordpress\/wp-content\/uploads\/2010\/10\/hitler-3-99x150.jpg\" alt=\"\" width=\"99\" height=\"150\" srcset=\"https:\/\/zonenklaus.de\/wordpress\/wp-content\/uploads\/2010\/10\/hitler-3-99x150.jpg 99w, https:\/\/zonenklaus.de\/wordpress\/wp-content\/uploads\/2010\/10\/hitler-3-198x300.jpg 198w, https:\/\/zonenklaus.de\/wordpress\/wp-content\/uploads\/2010\/10\/hitler-3-677x1024.jpg 677w, https:\/\/zonenklaus.de\/wordpress\/wp-content\/uploads\/2010\/10\/hitler-3.jpg 705w\" sizes=\"auto, (max-width: 99px) 100vw, 99px\" \/><\/a><\/p>\n<p style=\"text-align: left;\">Beiden aufgef\u00fchrten B\u00fcchern kommen anders gestrickt daher. Im \u201eHitler\u201c konnte \u201ep\u00e4dagogisches\u201c Personal sogar einen Hinweis auf die <a href=\"http:\/\/www.ifz-muenchen.de\/heftarchiv.html\">\u201eVierteljahreshefte f\u00fcr Zeitgeschichte\u201c<\/a> finden, deren ersten 15 Jahre vollst\u00e4ndig bei mir herumliegen&#8230;<\/p>\n<p style=\"text-align: left;\">*) Ich wei\u00df nichts.\u00a0 (Berufssch\u00fclerin Silke-M., 17)<br \/>\nGeboren in \u00d6sterreich (B\u00f6hmen), 1912. (Berufsch\u00fcler Hans-Herrman, 15)<br \/>\nEr wollte die Deutschen als st\u00e4rkste Truppe haben, obwohl er ein Ausl\u00e4nder war. Er war n\u00e4mlich \u00d6sterreicher. (Gymnasiastin Sabine, 16)<br \/>\nEr wollte ein rein \u201earisches\u201c Volk, war aber selbst \u00d6sterreicher. (Berufssch\u00fcler Bernd, 16)<br \/>\nAdolf Hitler war selbst auch ein Jude und wurde von allen Menschen verspottet. (Hauptsch\u00fclerin Kirsten, 16)<br \/>\nDie Judenverfolgung und alles war ziemlich albern. (Realsch\u00fclerin Sonja, 16)<br \/>\nEr war Kommunist und hat den 2. Weltkrieg angestiftet. (Realsch\u00fcler Frank, 14)<br \/>\nAdolf Hitler hat den ersten und den zweiten Weltkrieg sozusagen angestiftet. (Realsch\u00fclerin Kersten, 14)<br \/>\nEr verlor den Krieg weil 1. der Winter kam 2. weil die Amis ihre dreckigen Finger im Spiel haben m\u00fcssen 3. weil er gr\u00f6\u00dfenwahnsinnig war. (Realsch\u00fcler J\u00fcrgen, 15)<br \/>\nEr hat die Mauer zwischen DDR und BRD bauen lassen. (Berufsch\u00fclerin Annette, 17)<br \/>\nNach dem 2. Weltkrieg wurde er auf die Insel Mainau verbannt. (Berufssch\u00fclerin Marion, 17)<br \/>\nIn diesem Krieg hat er hundertausende Juden einfach umbringen lassen, ohne einen triftigen Grund zu haben. (Realsch\u00fcler Michael, 16)<br \/>\nEr lie\u00df die Nazis verpr\u00fcgeln. (Hauptsch\u00fclerin Ruth, 14)<br \/>\nMan gr\u00fc\u00dfte sich untereinander mit \u201eHey Hitler!\u201c (Hauptsch\u00fclerin Sabine, 14)<br \/>\nWieso hat die linke Sau die sch\u00f6nen Juden umgebracht? (Hauptsch\u00fcler Jan, 16)<br \/>\nEinmal wurde er zum Mann des Jahres gew\u00e4hlt, weil er der unbeliebteste Mann auf der Welt war. (Realsch\u00fclerin Silke, 15)<br \/>\nUnd das Schwein fuhr einen Mercedes. (Hauptsch\u00fcler Detlef, 12)<br \/>\nEr trank viel Whisky und sang viele Lieder. (Sondersch\u00fclerin Inge, 12)<br \/>\nEinen Nachteil hatte die Nazizeit, die sinnlose Judenermordung. (Realsch\u00fcler Rudolf, 15)<br \/>\nSeine Rasse sozusagen waren solche mit blauen Augen, blonden Haaren und einer Hakennase, diese nannte er richtige Deutsche. (Hauptsch\u00fclerin Brigitte, 14)<br \/>\nSeine Lieblingsblume war die Gerbera, soviel ich wei\u00df die orange. (Realsch\u00fclerin Nicole, 13)<br \/>\nIch wei\u00df zwar nicht, was das hei\u00dft, aber er war ein Nazi. (Realsch\u00fclerin Susanne, 14)<br \/>\nEr war hart und konnte doch ein sehr weiches Herz haben. (Realsch\u00fcler Adolf, 16)<br \/>\nSein Buch war eine Pleite. (Hauptsch\u00fclerin Gabi, 16)<br \/>\nHitler baute die erste Autobahn nach Frankreich. (Hauptsch\u00fclerin Elke, 14)<br \/>\nEr hat die Autobahn erfunden. (Hauptsch\u00fcler Thorsten, 14)<br \/>\nHitler hat an der Autobahn Hagebuttenb\u00fcsche gepflanzt. (Realsch\u00fclerin Elisabeth, 14)<br \/>\nHitler hat auch eine Menge Gutes getan, denn ohne ihn h\u00e4tten wir weniger Autobahnen und noch vieles mehr. (Hauptsch\u00fcler Gottfried, 15)<br \/>\nIch fand das meiste falsch, was er gemacht hat, au\u00dfer die Todesstrafe. (Realsch\u00fclerin Margitta, 15)<\/p>\n<div id=\"_mcePaste\" style=\"position: absolute; left: -10000px; top: 1227px; width: 1px; height: 1px; overflow: hidden;\">\n<p style=\"margin-bottom: 0cm;\">Ich wei\u00df nichts. (Berufssch\u00fclerin Silke-M., 17)<\/p>\n<p style=\"margin-bottom: 0cm;\">Geboren in \u00d6sterreich (B\u00f6hmen), 1912. (Berufsch\u00fcler Hans-Herrman, 15)<\/p>\n<p style=\"margin-bottom: 0cm;\">Er wollte die Deutschen als st\u00e4rkste Truppe haben, obwohl er ein Ausl\u00e4nder war. Er war n\u00e4mlich \u00d6sterreicher. (Gymnasiastin Sabine, 16)<\/p>\n<p style=\"margin-bottom: 0cm;\">Er wollte ein rein \u201earisches\u201c Volk, war aber selbst \u00d6sterreicher. (Berufssch\u00fcler Bernd, 16)<\/p>\n<p style=\"margin-bottom: 0cm;\">Adolf Hitler war selbst auch ein Jude und wurde von allen Menschen verspottet. (Hauptsch\u00fclerin Kirsten, 16)<\/p>\n<p style=\"margin-bottom: 0cm;\">Die Judenverfolgung und alles war ziemlich albern. (Realsch\u00fclerin Sonja, 16)<\/p>\n<p style=\"margin-bottom: 0cm;\">Er war Kommunist und hat den 2. Weltkrieg angestiftet. (Realsch\u00fcler Frank, 14)<\/p>\n<p style=\"margin-bottom: 0cm;\">Adolf Hitler hat den ersten und den zweiten Weltkrieg sozusagen angestiftet. (Realsch\u00fclerin Kersten, 14)<\/p>\n<p style=\"margin-bottom: 0cm;\">Er verlor den Krieg weil 1. der Winter kam 2. weil die Amis ihre dreckigen Finger im Spiel haben m\u00fcssen 3. weil er gr\u00f6\u00dfenwahnsinnig war. (Realsch\u00fcler J\u00fcrgen, 15)<\/p>\n<p style=\"margin-bottom: 0cm;\">Er hat die Mauer zwischen DDR und BRD bauen lassen. (Berufsch\u00fclerin Annette, 17)<\/p>\n<p style=\"margin-bottom: 0cm;\">Nach dem 2. Weltkrieg wurde er auf die Insel Mainau verbannt. (Berufssch\u00fclerin Marion, 17)<\/p>\n<p style=\"margin-bottom: 0cm;\">In diesem Krieg hat er hundertausende Juden einfach umbringen lassen, ohne einen triftigen Grund zu haben. (Realsch\u00fcler Michael, 16)<\/p>\n<p style=\"margin-bottom: 0cm;\">Er lie\u00df die Nazis verpr\u00fcgeln. (Hauptsch\u00fclerin Ruth, 14)<\/p>\n<p style=\"margin-bottom: 0cm;\">Man gr\u00fc\u00dfte sich untereinander mit \u201eHey Hitler!\u201c (Hauptsch\u00fclerin Sabine, 14)<\/p>\n<p style=\"margin-bottom: 0cm;\">Wieso hat die linke Sau die sch\u00f6nen Juden umgebracht? (Hauptsch\u00fcler Jan, 16)<\/p>\n<p style=\"margin-bottom: 0cm;\">Einmal wurde er zum Mann des Jahres gew\u00e4hlt, weil er der unbeliebteste Mann auf der Welt war. (Realsch\u00fclerin Silke, 15)<\/p>\n<p style=\"margin-bottom: 0cm;\">Und das Schwein fuhr einen Mercedes. (Hauptsch\u00fcler Detlef, 12)<\/p>\n<p style=\"margin-bottom: 0cm;\">Er trank viel Whisky und sang viele Lieder. (Sondersch\u00fclerin Inge, 12)<\/p>\n<p style=\"margin-bottom: 0cm;\">Einen Nachteil hatte die Nazizeit, die sinnlose Judenermordung. (Realsch\u00fcler Rudolf, 15)<\/p>\n<p style=\"margin-bottom: 0cm;\">Seine Rasse sozusagen waren solche mit blauen Augen, blonden Haaren und einer Hakennase, diese nannte er richtige Deutsche. (Hauptsch\u00fclerin Brigitte, 14)<\/p>\n<p style=\"margin-bottom: 0cm;\">Seine Lieblingsblume war die Gerbera, soviel ich wei\u00df die orange. (Realsch\u00fclerin Nicole, 13)<\/p>\n<p style=\"margin-bottom: 0cm;\">Ich wei\u00df zwar nicht, was das hei\u00dft, aber er war ein Nazi. (Realsch\u00fclerin Susanne, 14)<\/p>\n<p style=\"margin-bottom: 0cm;\">Er war hart und konnte doch ein sehr weiches Herz haben. (Realsch\u00fcler Adolf, 16)<\/p>\n<p style=\"margin-bottom: 0cm;\">Sein Buch war eine Pleite. (Hauptsch\u00fclerin Gabi, 16)<\/p>\n<p style=\"margin-bottom: 0cm;\">Hitler baute die erste Autobahn nach Frankreich. (Hauptsch\u00fclerin Elke, 14)<\/p>\n<p style=\"margin-bottom: 0cm;\">Er hat die Autobahn erfunden. (Hauptsch\u00fcler Thorsten, 14)<\/p>\n<p style=\"margin-bottom: 0cm;\">Hitler hat an der Autobahn Hagebuttenb\u00fcsche gepflanzt. (Realsch\u00fclerin Elisabeth, 14)<\/p>\n<p style=\"margin-bottom: 0cm;\">Hitler hat auch eine Menge Gutes getan, denn ohne ihn h\u00e4tten wir weniger Autobahnen und noch vieles mehr. (Hauptsch\u00fcler Gottfried, 15)<\/p>\n<p style=\"margin-bottom: 0cm;\">Ich fand das meiste falsch, was er gemacht hat, au\u00dfer die Todesstrafe. (Realsch\u00fclerin Margitta, 15)<\/p>\n<\/div>\n","protected":false},"excerpt":{"rendered":"<p>In der Baguetterie schob mir heute jemand Seite sieben der \u201eBZ\u201c r\u00fcber, mit dem Hinweis, doch mal unter: &#8220;Was wei\u00df der, der heute 14 Jahre ist, \u00fcber Deutschlands dunkle Zeit?\u201c &#8230;die f\u00fcnf dazugeh\u00f6rigen Bilder haben sie nicht ins Netz gestellt &#8211; mache ich daf\u00fcr. Finde ich sehr mutig von den Kids, da haben sie eins [&hellip;]<\/p>\n","protected":false},"author":6,"featured_media":0,"comment_status":"open","ping_status":"closed","sticky":false,"template":"","format":"standard","meta":{"footnotes":""},"categories":[1,9],"tags":[],"class_list":["post-9767","post","type-post","status-publish","format-standard","hentry","category-allgemeines","category-bucher"],"_links":{"self":[{"href":"https:\/\/zonenklaus.de\/wordpress\/index.php?rest_route=\/wp\/v2\/posts\/9767","targetHints":{"allow":["GET"]}}],"collection":[{"href":"https:\/\/zonenklaus.de\/wordpress\/index.php?rest_route=\/wp\/v2\/posts"}],"about":[{"href":"https:\/\/zonenklaus.de\/wordpress\/index.php?rest_route=\/wp\/v2\/types\/post"}],"author":[{"embeddable":true,"href":"https:\/\/zonenklaus.de\/wordpress\/index.php?rest_route=\/wp\/v2\/users\/6"}],"replies":[{"embeddable":true,"href":"https:\/\/zonenklaus.de\/wordpress\/index.php?rest_route=%2Fwp%2Fv2%2Fcomments&post=9767"}],"version-history":[{"count":58,"href":"https:\/\/zonenklaus.de\/wordpress\/index.php?rest_route=\/wp\/v2\/posts\/9767\/revisions"}],"predecessor-version":[{"id":41424,"href":"https:\/\/zonenklaus.de\/wordpress\/index.php?rest_route=\/wp\/v2\/posts\/9767\/revisions\/41424"}],"wp:attachment":[{"href":"https:\/\/zonenklaus.de\/wordpress\/index.php?rest_route=%2Fwp%2Fv2%2Fmedia&parent=9767"}],"wp:term":[{"taxonomy":"category","embeddable":true,"href":"https:\/\/zonenklaus.de\/wordpress\/index.php?rest_route=%2Fwp%2Fv2%2Fcategories&post=9767"},{"taxonomy":"post_tag","embeddable":true,"href":"https:\/\/zonenklaus.de\/wordpress\/index.php?rest_route=%2Fwp%2Fv2%2Ftags&post=9767"}],"curies":[{"name":"wp","href":"https:\/\/api.w.org\/{rel}","templated":true}]}}