{"id":9868,"date":"2010-10-20T23:15:14","date_gmt":"2010-10-20T22:15:14","guid":{"rendered":"http:\/\/12decode.de\/zonenklaus\/wordpress\/?p=9868"},"modified":"2010-10-21T02:12:08","modified_gmt":"2010-10-21T01:12:08","slug":"kampfesgruse-nach-frankreich-haltet-durch-jungs-und-madels","status":"publish","type":"post","link":"https:\/\/zonenklaus.de\/wordpress\/?p=9868","title":{"rendered":"Kampfesgr\u00fc\u00dfe nach Frankreich &#8211; Haltet durch Jungs und M\u00e4dels!"},"content":{"rendered":"<p>Im Caf\u00e9 sprach mich heute ein nicht mehr taufrischer, junger Man an und wollte wissen ob ich den Artikel \u00fcber <a href=\"http:\/\/www.tagesspiegel.de\/meinung\/revolte-gegen-sarkozy\/1961824.html\">Sarkozy<\/a> gelesen hatte.<br \/>\n\u201eNat\u00fcrlich!\u201c<br \/>\n\u201eUnd warum ist so etwas bei uns nicht m\u00f6glich?\u201c<br \/>\n\u201eWeil hier die Leute alle vollgefressen sind bis zum Kragen. Da kannst du sehen, wie gut es uns geht!\u201c<br \/>\n\u201eJa, richtig, die Leute sind fett und tr\u00e4ge&#8230;\u201c<br \/>\n\u201eMir f\u00e4llt noch etwas zur deutschen Revolutionsmentalit\u00e4t ein! Lenin spottete einst: \u201eRevolution in Deutschland? Das wird nie etwas, wenn diese Deutschen einen Bahnhof st\u00fcrmen wollen, kaufen die sich doch erst mal eine <a href=\"http:\/\/de.wikipedia.org\/wiki\/Bahnsteigsperre\">Bahnsteigkarte<\/a>!\u201c<br \/>\n\u201eHi, Hi, das ist gut, kannte ich bisher nicht!\u201c<br \/>\nMit einem Schlag wurde mir klar, warum jeden Tag tausende Demonstranten am Sturgarter Bahnhof herumirren, die suchen krampfhaft einen Bahnsteigkarten-Automaten.<br \/>\nIn ihrer Not schrien sie nach Heiner Gei\u00dfler, der soll sie wie weiland unser Herr INRI, zu einem solchen Ger\u00e4t f\u00fchren&#8230;<br \/>\n<!--more--><br \/>\n<strong>Z<\/strong>ur\u00fcck zum blassblaubl\u00fctigen Monsieur le Pr\u00e9sident Sarkozy.<br \/>\nHoffentlich haben die Franzosen etwas mehr Arsch in der Hose, als die Leute in UK. Bei diesem Triumph der blechernen Lady h\u00e4tte man mehr als kotzen k\u00f6nnen. Deswegen gaben sich ja anno dazumal einige mit dem blo\u00dfen W\u00fcrgegef\u00fchl nicht zufrieden&#8230;<br \/>\nEin politisches \u00dcberleben Sarkozys k\u00e4me in dieser verkackten Situation einer parallelen Steilvorlage f\u00fcr rechte und linke Flachzangen gleich.<br \/>\nDiese lebenslustigen Gallier werden die Angelegenheit schon in den Griff bekommen.<br \/>\nIn dem Artikel weist man im letzten Satz auf die bahnbrechende Erfindung von Joseph-Ignace Guillotin hin. Seit \u00fcber 30 Jahren darf sie nicht mehr in Betrieb genommen werden.<br \/>\nDabei waren diese Aktionen oft Anlass, Leute auf das ihnen geb\u00fchrende Ma\u00df zu stutzen und nebenbei recht ausgelassenen Feten f\u00fcr das anwesende Volk.<br \/>\nAngeblich soll ja der Spruch: \u201eDie <a href=\"http:\/\/de.wikipedia.org\/wiki\/Guillotine\">Guillotine<\/a> ist eine Maschine, die den Kopf im Handumdrehen entfernt und das Opfer nichts anderes sp\u00fcren l\u00e4sst als ein Gef\u00fchl erfrischender K\u00fchle\u201c, vom gro\u00dfen Meister selbst stammen. Wie er ihm diese Erkenntnis offenbarte, ist nicht \u00fcberliefert.<br \/>\nKann ich mir sogar vorstellen, anders als beim vorherigen Einsatz der <a href=\"http:\/\/de.wikipedia.org\/wiki\/Garrotte\">Garotte<\/a>&#8230;<br \/>\n<strong>I<\/strong>m Zusammenhang mit dem Sarkozy-Artikel stie\u00df ich anschlie\u00dfend noch auf diesen: <a href=\"http:\/\/www.tagesspiegel.de\/politik\/rebellion-aus-reichem-hause\/1961828.html\">Rebellion aus reichem Hause<\/a><br \/>\n<strong>E<\/strong>s folgt noch etwas wg. der Ansichten des Bundesinnenminister Herrn de Miesere: <a href=\"http:\/\/www.tagesspiegel.de\/politik\/innenminister-kritisiert-stuttgarter-eltern\/1961040.html\">Innenminister kritisiert Stuttgarter Eltern<\/a><br \/>\nWikipedia ist zeitweise mit Vorsicht zu genie\u00dfen! Deshalb werde ich mich nicht weiter \u00fcber den demokratischen West-Christen Karl Ernst <a href=\"http:\/\/de.wikipedia.org\/wiki\/Thomas_de_Maizi%C3%A8re\">Thomas<\/a> de Maizi\u00e8re auslassen, \u00fcber seinen Ost-Vetter und Turbo-Wendehals <a href=\"http:\/\/de.wikipedia.org\/wiki\/Lothar_de_Maizi%C3%A8re\">Lothar<\/a> de Maizi\u00e8re ebenso wenig und deren V\u00e4ter (<a href=\"http:\/\/de.wikipedia.org\/wiki\/Ulrich_de_Maizi%C3%A8re\">zu KET<\/a>) schon gar nicht.<br \/>\nFakt ist, sie entstammen Elternh\u00e4user, wo beide sehr demokratisch gepr\u00e4gt wurden. Teutscher konnten ihr Lebensl\u00e4ufe nicht ausfallen, tief gepr\u00e4gt von der entsprechend Sozialisation im jeweiligen Restdeutschland.<\/p>\n","protected":false},"excerpt":{"rendered":"<p>Im Caf\u00e9 sprach mich heute ein nicht mehr taufrischer, junger Man an und wollte wissen ob ich den Artikel \u00fcber Sarkozy gelesen hatte. \u201eNat\u00fcrlich!\u201c \u201eUnd warum ist so etwas bei uns nicht m\u00f6glich?\u201c \u201eWeil hier die Leute alle vollgefressen sind bis zum Kragen. Da kannst du sehen, wie gut es uns geht!\u201c \u201eJa, richtig, die [&hellip;]<\/p>\n","protected":false},"author":6,"featured_media":0,"comment_status":"open","ping_status":"closed","sticky":false,"template":"","format":"standard","meta":{"footnotes":""},"categories":[1],"tags":[],"class_list":["post-9868","post","type-post","status-publish","format-standard","hentry","category-allgemeines"],"_links":{"self":[{"href":"https:\/\/zonenklaus.de\/wordpress\/index.php?rest_route=\/wp\/v2\/posts\/9868","targetHints":{"allow":["GET"]}}],"collection":[{"href":"https:\/\/zonenklaus.de\/wordpress\/index.php?rest_route=\/wp\/v2\/posts"}],"about":[{"href":"https:\/\/zonenklaus.de\/wordpress\/index.php?rest_route=\/wp\/v2\/types\/post"}],"author":[{"embeddable":true,"href":"https:\/\/zonenklaus.de\/wordpress\/index.php?rest_route=\/wp\/v2\/users\/6"}],"replies":[{"embeddable":true,"href":"https:\/\/zonenklaus.de\/wordpress\/index.php?rest_route=%2Fwp%2Fv2%2Fcomments&post=9868"}],"version-history":[{"count":16,"href":"https:\/\/zonenklaus.de\/wordpress\/index.php?rest_route=\/wp\/v2\/posts\/9868\/revisions"}],"predecessor-version":[{"id":9882,"href":"https:\/\/zonenklaus.de\/wordpress\/index.php?rest_route=\/wp\/v2\/posts\/9868\/revisions\/9882"}],"wp:attachment":[{"href":"https:\/\/zonenklaus.de\/wordpress\/index.php?rest_route=%2Fwp%2Fv2%2Fmedia&parent=9868"}],"wp:term":[{"taxonomy":"category","embeddable":true,"href":"https:\/\/zonenklaus.de\/wordpress\/index.php?rest_route=%2Fwp%2Fv2%2Fcategories&post=9868"},{"taxonomy":"post_tag","embeddable":true,"href":"https:\/\/zonenklaus.de\/wordpress\/index.php?rest_route=%2Fwp%2Fv2%2Ftags&post=9868"}],"curies":[{"name":"wp","href":"https:\/\/api.w.org\/{rel}","templated":true}]}}