{"id":9992,"date":"2010-10-27T22:21:27","date_gmt":"2010-10-27T21:21:27","guid":{"rendered":"http:\/\/12decode.de\/zonenklaus\/wordpress\/?p=9992"},"modified":"2010-10-28T12:38:39","modified_gmt":"2010-10-28T11:38:39","slug":"es-interessiert-keine-sau-aber-jeder-will-es-haben-%e2%80%9edas-amt-und-die-vergangenheit-deutsche-diplomaten-im-dritten-reich-und-in-der-bundesrepublik%e2%80%9c","status":"publish","type":"post","link":"https:\/\/zonenklaus.de\/wordpress\/?p=9992","title":{"rendered":"Es interessiert keine Sau, aber jeder will es haben &#8211; \u201eDas Amt und die Vergangenheit. Deutsche Diplomaten im Dritten Reich und in der Bundesrepublik\u201c"},"content":{"rendered":"<p>Alle Achtung!<br \/>\nDies ging aber schnell, bereits nach 60 Jahren wird morgen schon eine Studie \u00fcber die Verstrickung des Ausw\u00e4rtigen Amtes in der Nazi-Zeit vorgelegt. Die sollen blo\u00df nichts \u00fcbereilen &#8211; \u201eDie Ruhe sei dem Menschen heilig, nur Bekloppte haben&#8217;s immer eilig.\u201c<br \/>\nAuf ein Jahrzehnt mehr oder weniger kommt es nun auch nicht mehr an. Nur keine j\u00fcdische Hast<strong>*<\/strong>, zumal es Moshe Zimmermann scheinbar \u00e4hnlich sieht &#8211; es wurden schlie\u00dflich nur \u201eGrenzen des Anstandes leicht \u00fcberschritten\u201c<br \/>\nRichtig! Was die verantwortungsvolle Arbeit im AA, des 1000-j\u00e4rigen Reiches angeht, waren doch alle Mitarbeiter nur Befehlsempf\u00e4nger und ganz kleine R\u00e4dchen im Getriebe des Sozialismus der nationalen Bewegung. Ist doch klar, wo gehobelt wird da fallen Sp\u00e4ne. Heute w\u00fcrde man solche Ausw\u00fcchse bestimmt unter Kollateralsch\u00e4den verbuchen&#8230;<br \/>\n<em>&#8211; Nun sind Historiker erschrocken, \u00fcber das &#8220;schiere Ausma\u00df&#8221;, in dem Beamte damals &#8220;kollaborierten&#8221;.<br \/>\nDer fr\u00fchere Au\u00dfenminister Frank-Walter Steinmeier ist entt\u00e4uscht, der Historiker Eckart Conze ist schockiert, Ex-Bundespr\u00e4sident Richard von Weizs\u00e4cker \u00fcberrascht.<\/em><br \/>\nStony Meier ist entt\u00e4uscht, warum eigentlich? Da hat er nebenbei Politik studiert und schien w\u00e4hrend dieser Zeit der Zone doch recht verbunden gewesen zu sein, sonst landete man doch nicht im Dunstkreis vom Pahl-Rugenstein-Verlag. <em>(Um Profs. oder Dozenten die in ihren B\u00fccherlisten Publikationen aus diesem Verlagshaus auff\u00fchrten, habe ich immer einen gro\u00dfen Bogen gemacht.)<\/em><br \/>\nWei\u00df gar nicht mehr, ob bei dem Schrott der aus dieser Firma kam, auch jene \u201espeziellen Werke\u201c vertrieben wurden, die der Osten ewig in den 50er\/60er Jahre publiziert. Die liefen unter \u201eBraun-\u201c, \u201eWei\u00df-\u201c oder \u201eSchwarzb\u00fccher\u201c, wenn ich mich richtig erinnere. Hatte einige davon gelesen, allerdings mit gro\u00dfer Vorsicht, wegen der Klitterung der Kommunisten. Alle befassten sich ausgiebig mit den Biographien der gewendeten Nazis, die Anfang der goldenen F\u00fcnfziger \u00fcberall wieder auf der Matte standen, h\u00f6chste Regierungs\u00e4mter bekleideten. \u00c4hnliches geschah allerdings\u00a0 in der Zone auch, dort beschr\u00e4nkte es sich allerdings nur auf die Unverzichtbarkeit in Industrie und der neuen Waffengattungen.<br \/>\nAnsonsten hatten sich ja alle Nazis in den Westen abgesetzt<!--more--><br \/>\nAch Gottchen, der arme Richie war \u00fcberrascht. Ist dieser Wesenszug einer beginnenden Senilit\u00e4t zuzuschreiben, oder mehr seiner altbew\u00e4hrten Masche als Opportunist, mit Anleihen von Niccol\u00f2 <a href=\"http:\/\/de.wikipedia.org\/wiki\/Niccol%C3%B2_Machiavelli\">Machiavelli<\/a>.<br \/>\n1948 begann in N\u00fcrnberg die Hauptverhandlung gegen seinen Vater als Kriegsverbrecher und der Knabe verdiente sich dabei die ersten juristischen Sporen als Assistent seiner Verteidigung&#8230;<br \/>\nWas ich nie verstand, er hing in den fr\u00fchen 60ern in Ingelheim herum, als Mitglied der Gesch\u00e4ftsf\u00fchrung des Chemie- und Pharmaunternehmens Boehringer und wusste angeblich nichts von bestimmten Vorg\u00e4ngen. Warum hat niemand versucht ihn anzuschie\u00dfen, er w\u00e4re uns als B\u00fcrgermeister erspart geblieben&#8230;<br \/>\nIn jener Zeit lieferte die Firma Trichlorphenolatlauge an Dow Chemical. &#8220;Mit gro\u00dfer Betroffenheit&#8221; habe er erst Jahre nach seiner T\u00e4tigkeit bei Boehringer von <a href=\"http:\/\/agent-orange-kinder.de\/redaxo\/index.php?article_id=19\">Agent Orange<\/a> erfahren.<br \/>\nWas treiben sich nur f\u00fcr gef\u00e4hrliche Pfeifen in den oberen Etagen von Konzernen herum?<\/p>\n<p>\u201eDas Amt und die Vergangenheit. Deutsche Diplomaten im Dritten Reich und in der Bundesrepublik\u201c lautet der Titel des Buches, das am Sonntag schon unter den Top 100 beim Versandh\u00e4ndler Amazon stand.<br \/>\nWenn das nichts ist! Es interessiert keine Sau, aber jeder will es haben.<\/p>\n<p>Wenn ich an das dauerhafte Ges\u00fclze in der n\u00e4chsten Zeit denke, da wird mir wieder ganz schlecht.<br \/>\nUnd was die Betroffenheit, der Schock, die \u00dcberraschungen, der Schreck, die ganz tiefe Betroffenheit und die schockierenden \u201eNeuigkeiten\u201c f\u00fcr eine Schleimspur hinterlassen werden. Nicht zu vergessen die dr\u00f6gen Larven der Medien-HeinzeInnen der TV-Stationen und die langen Gesichter mit gro\u00dfen Augen der Gutmenschen&#8230;<br \/>\nMir f\u00e4llt noch etwas ein. Wenn sich heute irgendjemand hinstellt und dem Dirk Bach der Chlorophylbewegung nachsagen will, dass er die ganze Angelegenheit ins Rollen brachte, ich wei\u00df nicht.<br \/>\nDabei handelte es sich bestimmt nur um die ganz gew\u00f6hnliche Masche: Neue Besen kehren gut!<br \/>\nDer wird lediglich eine Anweisung abgelassen haben &#8211; \u201eLiebe Freundinnen, liebe Freunde! Schw\u00e4rmt aus und gebt mir Kunde, wo wir etwas einsparen k\u00f6nnen!\u201c<br \/>\nBeim Dreiblatt, nat\u00fcrlich nur kurz gezogen, nicht inhaliert, kam es dann heraus: \u201eWarum sollen wir \u00fcberhaupt f\u00fcr Mumien, die sowieso keine Sau kennt, noch Knete rausschmei\u00dfen? Solln doch die Parteien erledigen!\u201c<br \/>\nIch kann mir vorstellen, dass der Rest einem THC-Lichtblick zu verdanken ist.<br \/>\nHabe doch vor vielen Jahren auch Klassenkrampf betrieben, kam manchmal schon gut, wenn alles noch etwas bunter aussah. Es mussten ja nicht immer die ganz gro\u00dfen Sachen geschehen, der Weg war doch oft das Ziel &#8211; was lie\u00df Fritz Teufel vor Jahren mal ab?<br \/>\n\u201eRevolution muss Spa\u00df machen\u201c<\/p>\n<p>Mir f\u00e4llt noch etwas ein, es betrifft die bundesgermanische <a href=\"http:\/\/www.spiegel.de\/spiegel\/print\/d-45865044.html\">Justiz<\/a>&#8230;<br \/>\nZum Abschluss wird\u2019s noch ganz geh\u00e4ssig.<br \/>\nWenn folgende S\u00e4tze nur ein bisschen Wahrheit beinhalten, was soll man von diesen Leuten dann halten?<br \/>\nJeder ist doch das Produkt seiner Erziehung und der Sozialisation die in jungen Jahren pr\u00e4gend ist. Warum wurde sich denn soviel Zeit gelassen, was die paar Hanseln im AA angeht?<br \/>\nIst doch klar, wenn einem Volk Argumente f\u00fcr zwingend notwendige, gesellschaftliche Entwicklungen nicht \u00fcber Kimme und Korn verst\u00e4ndlich gemacht werden, dauert eben alles seine Zeit. Seilschaften gedeihen recht langsam, besonders in Demokratien. Darin m\u00fcssen schlie\u00dflich auch die Kinder und Kindeskinder geschickt eingebunden werden. Manchmal ist dies nat\u00fcrlich mit immensen Schwierigkeiten verbunden, besonders nach Systemwechseln.<br \/>\nIch versuche es mal einfacher zumachen, k\u00f6nnte jetzt die Zone als Beispiel heranziehen &#8211; den\u00a0 Werdegang von D\u00e4 D\u00e4 \u00e4R-B\u00fcrgern, die 40 Jahre als Arbeiter und Bauer unter der Knute von bolschewistischen Parteibonzen litten und sich pl\u00f6tzlich als Displaced Persons im gleichen \u201eZuchthaus\u201c zur Umerziehung wiederfanden.<br \/>\nNun kommt hinzu, dass Leute die gewisse Privilegien verinnerlicht haben, wesentlich leichter bereit sind, in einem anderen System wieder Fu\u00df zufassen.<br \/>\nEin alter Freund brachte es vor fast 20 Jahren so auf den Punkt: \u201eEgal welche Farbe die Br\u00fche hat, Schei\u00dfe schwimmt immer oben!\u201c<br \/>\nDa ging es einem Hardcore-Nazi damals nicht anders, als bestimmten Ossis.<br \/>\nEs soll niemand denken, dass ich jemanden etwas unterstellen m\u00f6chte.<br \/>\nWen interessiert es schon, wer heute als Kind oder Enkel eines arischen Vollblutnazis in irgendeiner Regierung dieses Landes hockt.<br \/>\nMich kotzt es allerdings an, wenn der Ableger eines strammen PGs aus dem unmittelbaren Umfeld von\u00a0 Addi demokratisch salbadert&#8230;<\/p>\n<p><strong>*<\/strong>Im Redensarten-Index fand ich folgende, gutmenschelnde Erkl\u00e4rung: umgangssprachlich, veraltet; Die Wendung sch\u00fcrt antisemitische Ressentiments und ist heute nicht mehr gebr\u00e4uchlich &#8211;\u00a0 da geht mir aber ein m\u00fcdes L\u00e4cheln ab &#8211; 2010 schon \u00f6fters vernommen und das Jahr ist noch nicht vorbei.<\/p>\n","protected":false},"excerpt":{"rendered":"<p>Alle Achtung! Dies ging aber schnell, bereits nach 60 Jahren wird morgen schon eine Studie \u00fcber die Verstrickung des Ausw\u00e4rtigen Amtes in der Nazi-Zeit vorgelegt. Die sollen blo\u00df nichts \u00fcbereilen &#8211; \u201eDie Ruhe sei dem Menschen heilig, nur Bekloppte haben&#8217;s immer eilig.\u201c Auf ein Jahrzehnt mehr oder weniger kommt es nun auch nicht mehr an. [&hellip;]<\/p>\n","protected":false},"author":6,"featured_media":0,"comment_status":"open","ping_status":"closed","sticky":false,"template":"","format":"standard","meta":{"footnotes":""},"categories":[1],"tags":[],"class_list":["post-9992","post","type-post","status-publish","format-standard","hentry","category-allgemeines"],"_links":{"self":[{"href":"https:\/\/zonenklaus.de\/wordpress\/index.php?rest_route=\/wp\/v2\/posts\/9992","targetHints":{"allow":["GET"]}}],"collection":[{"href":"https:\/\/zonenklaus.de\/wordpress\/index.php?rest_route=\/wp\/v2\/posts"}],"about":[{"href":"https:\/\/zonenklaus.de\/wordpress\/index.php?rest_route=\/wp\/v2\/types\/post"}],"author":[{"embeddable":true,"href":"https:\/\/zonenklaus.de\/wordpress\/index.php?rest_route=\/wp\/v2\/users\/6"}],"replies":[{"embeddable":true,"href":"https:\/\/zonenklaus.de\/wordpress\/index.php?rest_route=%2Fwp%2Fv2%2Fcomments&post=9992"}],"version-history":[{"count":26,"href":"https:\/\/zonenklaus.de\/wordpress\/index.php?rest_route=\/wp\/v2\/posts\/9992\/revisions"}],"predecessor-version":[{"id":10017,"href":"https:\/\/zonenklaus.de\/wordpress\/index.php?rest_route=\/wp\/v2\/posts\/9992\/revisions\/10017"}],"wp:attachment":[{"href":"https:\/\/zonenklaus.de\/wordpress\/index.php?rest_route=%2Fwp%2Fv2%2Fmedia&parent=9992"}],"wp:term":[{"taxonomy":"category","embeddable":true,"href":"https:\/\/zonenklaus.de\/wordpress\/index.php?rest_route=%2Fwp%2Fv2%2Fcategories&post=9992"},{"taxonomy":"post_tag","embeddable":true,"href":"https:\/\/zonenklaus.de\/wordpress\/index.php?rest_route=%2Fwp%2Fv2%2Ftags&post=9992"}],"curies":[{"name":"wp","href":"https:\/\/api.w.org\/{rel}","templated":true}]}}